{"id":40094,"date":"2025-04-17T21:24:56","date_gmt":"2025-04-18T03:24:56","guid":{"rendered":"https:\/\/contextoanalisisperiodistico.com\/index.php\/2025\/04\/17\/policia-municipal-detiene-a-dos-personas-en-posesion-de-un-arma-de-fuego\/"},"modified":"2025-04-17T21:29:53","modified_gmt":"2025-04-18T03:29:53","slug":"policia-municipal-detiene-a-dos-personas-en-posesion-de-un-arma-de-fuego","status":"publish","type":"post","link":"https:\/\/contextoanalisisperiodistico.com\/index.php\/2025\/04\/17\/policia-municipal-detiene-a-dos-personas-en-posesion-de-un-arma-de-fuego\/","title":{"rendered":"Polic\u00eda Municipal detiene a dos personas en posesi\u00f3n de un arma de fuego"},"content":{"rendered":"<div id=\"fb-root\"><\/div>\n\n<ul class=\"wp-block-list\">\n<li>Allanaron un domicilio en la agencia Trinidad de Viguera<\/li>\n<\/ul>\n\n\n\n<p>Oaxaca de Ju\u00e1rez, Oax., 17 de abril de 2025.- Como parte del operativo \u201cSemana Santa Segura 2025\u201d, polic\u00edas de Oaxaca de Ju\u00e1rez en coordinaci\u00f3n con el C-4 lograron la detenci\u00f3n de dos personas en posesi\u00f3n de un arma de fuego, luego de allanar un domicilio en el paraje La Magueyera de la agencia municipal de Trinidad de Viguera, tras presuntamente cometer un robo.<\/p>\n\n\n\n<p>La intervenci\u00f3n se llev\u00f3 a cabo tras el reporte del C-4 sobre detonaciones de arma de fuego en el lugar.<\/p>\n\n\n\n<p>Elementos de la Direcci\u00f3n de Proximidad Social, en acci\u00f3n coordinada con la Polic\u00eda Estatal, llegaron al sitio y lograron la detenci\u00f3n de dos personas, a quienes les fue asegurada un arma de fuego y diversos objetos, los cuales presuntamente sustrajeron de la vivienda.<\/p>\n\n\n\n<p>Los detenidos U. H. M., de 42 a\u00f1os de edad y A. J. B. S., de 39 a\u00f1os de edad, dijeron ser originarios y vecinos del estado de Veracruz.<\/p>\n\n\n\n<p>Los detenidos y el arma de fuego, quedaron a disposici\u00f3n de la Fiscal\u00eda General del Estado para determinar su situaci\u00f3n jur\u00eddica.<\/p>\n\n\n\n<p>La oportuna respuesta de la Secretar\u00eda de Seguridad Vecinal es parte del Operativo Semana Santa Segura 2025 en la que participa el Gobierno Estatal y Federal.<\/p>\n\n\n\n<figure class=\"wp-block-image size-large\"><img fetchpriority=\"high\" decoding=\"async\" width=\"854\" height=\"881\" src=\"https:\/\/contextoanalisisperiodistico.com\/wp-content\/uploads\/2025\/04\/img-20250417-wa01474651812150894708774.jpg\" alt=\"\" class=\"wp-image-40096\" srcset=\"https:\/\/contextoanalisisperiodistico.com\/wp-content\/uploads\/2025\/04\/img-20250417-wa01474651812150894708774.jpg 854w, https:\/\/contextoanalisisperiodistico.com\/wp-content\/uploads\/2025\/04\/img-20250417-wa01474651812150894708774-291x300.jpg 291w, https:\/\/contextoanalisisperiodistico.com\/wp-content\/uploads\/2025\/04\/img-20250417-wa01474651812150894708774-768x792.jpg 768w\" sizes=\"(max-width: 854px) 100vw, 854px\" \/><\/figure>\n","protected":false},"excerpt":{"rendered":"<p>Oaxaca de Ju\u00e1rez, Oax., 17 de abril de 2025.- Como parte del operativo \u201cSemana Santa&#8230;<\/p>\n","protected":false},"author":4,"featured_media":40095,"comment_status":"closed","ping_status":"open","sticky":false,"template":"","format":"standard","meta":{"footnotes":""},"categories":[10],"tags":[178,235,234,45],"jetpack_sharing_enabled":true,"featured_image_urls":{"full":["https:\/\/contextoanalisisperiodistico.com\/wp-content\/uploads\/2025\/04\/IMG-20250417-WA0146.jpg",797,750,false],"thumbnail":["https:\/\/contextoanalisisperiodistico.com\/wp-content\/uploads\/2025\/04\/IMG-20250417-WA0146-150x150.jpg",150,150,true],"medium":["https:\/\/contextoanalisisperiodistico.com\/wp-content\/uploads\/2025\/04\/IMG-20250417-WA0146-300x282.jpg",300,282,true],"medium_large":["https:\/\/contextoanalisisperiodistico.com\/wp-content\/uploads\/2025\/04\/IMG-20250417-WA0146-768x723.jpg",640,603,true],"large":["https:\/\/contextoanalisisperiodistico.com\/wp-content\/uploads\/2025\/04\/IMG-20250417-WA0146.jpg",640,602,false],"1536x1536":["https:\/\/contextoanalisisperiodistico.com\/wp-content\/uploads\/2025\/04\/IMG-20250417-WA0146.jpg",797,750,false],"2048x2048":["https:\/\/contextoanalisisperiodistico.com\/wp-content\/uploads\/2025\/04\/IMG-20250417-WA0146.jpg",797,750,false],"covernews-slider-full":["https:\/\/contextoanalisisperiodistico.com\/wp-content\/uploads\/2025\/04\/IMG-20250417-WA0146-797x715.jpg",797,715,true],"covernews-slider-center":["https:\/\/contextoanalisisperiodistico.com\/wp-content\/uploads\/2025\/04\/IMG-20250417-WA0146-797x500.jpg",797,500,true],"covernews-featured":["https:\/\/contextoanalisisperiodistico.com\/wp-content\/uploads\/2025\/04\/IMG-20250417-WA0146.jpg",797,750,false],"covernews-medium":["https:\/\/contextoanalisisperiodistico.com\/wp-content\/uploads\/2025\/04\/IMG-20250417-WA0146-540x340.jpg",540,340,true],"covernews-medium-square":["https:\/\/contextoanalisisperiodistico.com\/wp-content\/uploads\/2025\/04\/IMG-20250417-WA0146-400x250.jpg",400,250,true]},"author_info":{"display_name":"Mario Gir\u00f3n","author_link":"https:\/\/contextoanalisisperiodistico.com\/index.php\/author\/director\/"},"category_info":"<a href=\"https:\/\/contextoanalisisperiodistico.com\/index.php\/category\/seguridad\/\" rel=\"category tag\">Seguridad<\/a>","tag_info":"Seguridad","comment_count":"0","jetpack_featured_media_url":"https:\/\/contextoanalisisperiodistico.com\/wp-content\/uploads\/2025\/04\/IMG-20250417-WA0146.jpg","_links":{"self":[{"href":"https:\/\/contextoanalisisperiodistico.com\/index.php\/wp-json\/wp\/v2\/posts\/40094"}],"collection":[{"href":"https:\/\/contextoanalisisperiodistico.com\/index.php\/wp-json\/wp\/v2\/posts"}],"about":[{"href":"https:\/\/contextoanalisisperiodistico.com\/index.php\/wp-json\/wp\/v2\/types\/post"}],"author":[{"embeddable":true,"href":"https:\/\/contextoanalisisperiodistico.com\/index.php\/wp-json\/wp\/v2\/users\/4"}],"replies":[{"embeddable":true,"href":"https:\/\/contextoanalisisperiodistico.com\/index.php\/wp-json\/wp\/v2\/comments?post=40094"}],"version-history":[{"count":1,"href":"https:\/\/contextoanalisisperiodistico.com\/index.php\/wp-json\/wp\/v2\/posts\/40094\/revisions"}],"predecessor-version":[{"id":40097,"href":"https:\/\/contextoanalisisperiodistico.com\/index.php\/wp-json\/wp\/v2\/posts\/40094\/revisions\/40097"}],"wp:featuredmedia":[{"embeddable":true,"href":"https:\/\/contextoanalisisperiodistico.com\/index.php\/wp-json\/wp\/v2\/media\/40095"}],"wp:attachment":[{"href":"https:\/\/contextoanalisisperiodistico.com\/index.php\/wp-json\/wp\/v2\/media?parent=40094"}],"wp:term":[{"taxonomy":"category","embeddable":true,"href":"https:\/\/contextoanalisisperiodistico.com\/index.php\/wp-json\/wp\/v2\/categories?post=40094"},{"taxonomy":"post_tag","embeddable":true,"href":"https:\/\/contextoanalisisperiodistico.com\/index.php\/wp-json\/wp\/v2\/tags?post=40094"}],"curies":[{"name":"wp","href":"https:\/\/api.w.org\/{rel}","templated":true}]}}