{"id":40076,"date":"2025-04-17T14:29:50","date_gmt":"2025-04-17T20:29:50","guid":{"rendered":"https:\/\/contextoanalisisperiodistico.com\/index.php\/2025\/04\/17\/presencia-total-del-gobierno-municipal-durante-semana-santa-2025-en-oaxaca-de-juarez\/"},"modified":"2025-04-17T14:29:50","modified_gmt":"2025-04-17T20:29:50","slug":"presencia-total-del-gobierno-municipal-durante-semana-santa-2025-en-oaxaca-de-juarez","status":"publish","type":"post","link":"https:\/\/contextoanalisisperiodistico.com\/index.php\/2025\/04\/17\/presencia-total-del-gobierno-municipal-durante-semana-santa-2025-en-oaxaca-de-juarez\/","title":{"rendered":"Presencia total del gobierno municipal durante Semana Santa 2025 en Oaxaca de Ju\u00e1rez"},"content":{"rendered":"<div id=\"fb-root\"><\/div>\n\n<p>\u2022 Funcionariado recorrer\u00e1 las calles para brindar atenci\u00f3n directa a la ciudadan\u00eda y turistas<\/p>\n\n\n\n<figure class=\"wp-block-image size-large\"><img fetchpriority=\"high\" decoding=\"async\" width=\"768\" height=\"1024\" src=\"https:\/\/contextoanalisisperiodistico.com\/wp-content\/uploads\/2025\/04\/img-20250417-wa00485074681266824969826-768x1024.jpg\" alt=\"\" class=\"wp-image-40072\" srcset=\"https:\/\/contextoanalisisperiodistico.com\/wp-content\/uploads\/2025\/04\/img-20250417-wa00485074681266824969826-768x1024.jpg 768w, https:\/\/contextoanalisisperiodistico.com\/wp-content\/uploads\/2025\/04\/img-20250417-wa00485074681266824969826-225x300.jpg 225w, https:\/\/contextoanalisisperiodistico.com\/wp-content\/uploads\/2025\/04\/img-20250417-wa00485074681266824969826.jpg 960w\" sizes=\"(max-width: 768px) 100vw, 768px\" \/><\/figure>\n\n\n\n<figure class=\"wp-block-image\"><img decoding=\"async\" width=\"1024\" height=\"683\" src=\"https:\/\/contextoanalisisperiodistico.com\/wp-content\/uploads\/2025\/04\/img-20250417-wa00525782563423109694670-1024x683.jpg\" alt=\"\" class=\"wp-image-40070\" srcset=\"https:\/\/contextoanalisisperiodistico.com\/wp-content\/uploads\/2025\/04\/img-20250417-wa00525782563423109694670-1024x683.jpg 1024w, https:\/\/contextoanalisisperiodistico.com\/wp-content\/uploads\/2025\/04\/img-20250417-wa00525782563423109694670-300x200.jpg 300w, https:\/\/contextoanalisisperiodistico.com\/wp-content\/uploads\/2025\/04\/img-20250417-wa00525782563423109694670-768x512.jpg 768w, https:\/\/contextoanalisisperiodistico.com\/wp-content\/uploads\/2025\/04\/img-20250417-wa00525782563423109694670-1536x1025.jpg 1536w, https:\/\/contextoanalisisperiodistico.com\/wp-content\/uploads\/2025\/04\/img-20250417-wa00525782563423109694670.jpg 2000w\" sizes=\"(max-width: 1024px) 100vw, 1024px\" \/><\/figure>\n\n\n\n<figure class=\"wp-block-image\"><img decoding=\"async\" width=\"1024\" height=\"768\" src=\"https:\/\/contextoanalisisperiodistico.com\/wp-content\/uploads\/2025\/04\/img-20250417-wa0047345018544998934222-1024x768.jpg\" alt=\"\" class=\"wp-image-40071\" srcset=\"https:\/\/contextoanalisisperiodistico.com\/wp-content\/uploads\/2025\/04\/img-20250417-wa0047345018544998934222-1024x768.jpg 1024w, https:\/\/contextoanalisisperiodistico.com\/wp-content\/uploads\/2025\/04\/img-20250417-wa0047345018544998934222-300x225.jpg 300w, https:\/\/contextoanalisisperiodistico.com\/wp-content\/uploads\/2025\/04\/img-20250417-wa0047345018544998934222-768x576.jpg 768w, https:\/\/contextoanalisisperiodistico.com\/wp-content\/uploads\/2025\/04\/img-20250417-wa0047345018544998934222.jpg 1080w\" sizes=\"(max-width: 1024px) 100vw, 1024px\" \/><\/figure>\n\n\n\n<figure class=\"wp-block-image\"><img loading=\"lazy\" decoding=\"async\" width=\"576\" height=\"1024\" src=\"https:\/\/contextoanalisisperiodistico.com\/wp-content\/uploads\/2025\/04\/img-20250417-wa0049230803768096828068-576x1024.jpg\" alt=\"\" class=\"wp-image-40073\" srcset=\"https:\/\/contextoanalisisperiodistico.com\/wp-content\/uploads\/2025\/04\/img-20250417-wa0049230803768096828068-576x1024.jpg 576w, https:\/\/contextoanalisisperiodistico.com\/wp-content\/uploads\/2025\/04\/img-20250417-wa0049230803768096828068-169x300.jpg 169w, https:\/\/contextoanalisisperiodistico.com\/wp-content\/uploads\/2025\/04\/img-20250417-wa0049230803768096828068-768x1365.jpg 768w, https:\/\/contextoanalisisperiodistico.com\/wp-content\/uploads\/2025\/04\/img-20250417-wa0049230803768096828068-864x1536.jpg 864w, https:\/\/contextoanalisisperiodistico.com\/wp-content\/uploads\/2025\/04\/img-20250417-wa0049230803768096828068.jpg 900w\" sizes=\"(max-width: 576px) 100vw, 576px\" \/><\/figure>\n\n\n\n<figure class=\"wp-block-image\"><img loading=\"lazy\" decoding=\"async\" width=\"1024\" height=\"768\" src=\"https:\/\/contextoanalisisperiodistico.com\/wp-content\/uploads\/2025\/04\/img-20250417-wa00506792335629170713482-1024x768.jpg\" alt=\"\" class=\"wp-image-40074\" srcset=\"https:\/\/contextoanalisisperiodistico.com\/wp-content\/uploads\/2025\/04\/img-20250417-wa00506792335629170713482-1024x768.jpg 1024w, https:\/\/contextoanalisisperiodistico.com\/wp-content\/uploads\/2025\/04\/img-20250417-wa00506792335629170713482-300x225.jpg 300w, https:\/\/contextoanalisisperiodistico.com\/wp-content\/uploads\/2025\/04\/img-20250417-wa00506792335629170713482-768x576.jpg 768w, https:\/\/contextoanalisisperiodistico.com\/wp-content\/uploads\/2025\/04\/img-20250417-wa00506792335629170713482.jpg 1080w\" sizes=\"(max-width: 1024px) 100vw, 1024px\" \/><\/figure>\n\n\n\n<figure class=\"wp-block-image\"><img loading=\"lazy\" decoding=\"async\" width=\"1024\" height=\"683\" src=\"https:\/\/contextoanalisisperiodistico.com\/wp-content\/uploads\/2025\/04\/img-20250417-wa00531177134410845109761-1024x683.jpg\" alt=\"\" class=\"wp-image-40075\" srcset=\"https:\/\/contextoanalisisperiodistico.com\/wp-content\/uploads\/2025\/04\/img-20250417-wa00531177134410845109761-1024x683.jpg 1024w, https:\/\/contextoanalisisperiodistico.com\/wp-content\/uploads\/2025\/04\/img-20250417-wa00531177134410845109761-300x200.jpg 300w, https:\/\/contextoanalisisperiodistico.com\/wp-content\/uploads\/2025\/04\/img-20250417-wa00531177134410845109761-768x512.jpg 768w, https:\/\/contextoanalisisperiodistico.com\/wp-content\/uploads\/2025\/04\/img-20250417-wa00531177134410845109761-1536x1025.jpg 1536w, https:\/\/contextoanalisisperiodistico.com\/wp-content\/uploads\/2025\/04\/img-20250417-wa00531177134410845109761.jpg 2000w\" sizes=\"(max-width: 1024px) 100vw, 1024px\" \/><\/figure>\n\n\n\n<p>Oaxaca de Ju\u00e1rez, Oax. 17 abril de 2025.- Como parte de las acciones del programa \u201cOaxaca Capital Segura en Semana Santa\u201d, el Gobierno Municipal encabezado por Ray Chagoya informa que durante esta temporada todos los funcionarios del Ayuntamiento estar\u00e1n desplegados en distintos puntos estrat\u00e9gicos del Centro Hist\u00f3rico y zonas de alta afluencia para brindar atenci\u00f3n directa a vecinas, vecinos y visitantes.<\/p>\n\n\n\n<p>El despliegue operativo contempla la participaci\u00f3n activa de 96 servidoras y servidores p\u00fablicos por turno, distribuidos en 17 zonas previamente delimitadas. Estas acciones se llevar\u00e1n a cabo durante los d\u00edas jueves, viernes y s\u00e1bado santo, en horarios que abarcan de las 10:00 a las 22:00 horas. Cada funcionaria y funcionario tendr\u00e1 la tarea de orientar, canalizar emergencias y mantener una comunicaci\u00f3n cercana con la ciudadan\u00eda.<\/p>\n\n\n\n<p>Esta medida responde a la premisa del presidente municipal Ray Chagoya de garantizar un gobierno cercano, que recorra las calles y priorice la seguridad como eje fundamental del bienestar colectivo. Adem\u00e1s de la presencia f\u00edsica del personal, el municipio pone a disposici\u00f3n los siguientes n\u00fameros de contacto y auxilio:<br \/>\u2022 Emergencias: 911<br \/>\u2022 Denuncia an\u00f3nima: 089<br \/>\u2022 Reportes vecinales (WhatsApp): 951 611 28 80<\/p>\n\n\n\n<p>Las y los servidores p\u00fablicos estar\u00e1n debidamente identificados con chaleco y gafete, y portar\u00e1n informaci\u00f3n \u00fatil como mapas de referencia y n\u00fameros de contacto de las autoridades correspondientes. El objetivo es fortalecer la imagen de Oaxaca de Ju\u00e1rez como un destino tur\u00edstico seguro, ordenado y con una atenci\u00f3n institucional eficiente.<\/p>\n\n\n\n<p>El Gobierno Municipal reitera su compromiso de mantener una vigilancia constante, una atenci\u00f3n oportuna y un entorno seguro durante las celebraciones religiosas, culturales y sociales de Semana Santa, en beneficio de habitantes y visitantes de nuestra ciudad capital.<\/p>\n","protected":false},"excerpt":{"rendered":"<p>\u2022 Funcionariado recorrer\u00e1 las calles para brindar atenci\u00f3n directa a la ciudadan\u00eda y turistas Oaxaca&#8230;<\/p>\n","protected":false},"author":4,"featured_media":40069,"comment_status":"","ping_status":"open","sticky":false,"template":"","format":"standard","meta":{"footnotes":""},"categories":[9],"tags":[178,235,234,45],"jetpack_sharing_enabled":true,"featured_image_urls":{"full":["https:\/\/contextoanalisisperiodistico.com\/wp-content\/uploads\/2025\/04\/IMG-20250417-WA0054-scaled.jpg",2560,1706,false],"thumbnail":["https:\/\/contextoanalisisperiodistico.com\/wp-content\/uploads\/2025\/04\/IMG-20250417-WA0054-150x150.jpg",150,150,true],"medium":["https:\/\/contextoanalisisperiodistico.com\/wp-content\/uploads\/2025\/04\/IMG-20250417-WA0054-300x200.jpg",300,200,true],"medium_large":["https:\/\/contextoanalisisperiodistico.com\/wp-content\/uploads\/2025\/04\/IMG-20250417-WA0054-768x512.jpg",640,427,true],"large":["https:\/\/contextoanalisisperiodistico.com\/wp-content\/uploads\/2025\/04\/IMG-20250417-WA0054-1024x683.jpg",640,427,true],"1536x1536":["https:\/\/contextoanalisisperiodistico.com\/wp-content\/uploads\/2025\/04\/IMG-20250417-WA0054-1536x1024.jpg",1536,1024,true],"2048x2048":["https:\/\/contextoanalisisperiodistico.com\/wp-content\/uploads\/2025\/04\/IMG-20250417-WA0054-2048x1365.jpg",2048,1365,true],"covernews-slider-full":["https:\/\/contextoanalisisperiodistico.com\/wp-content\/uploads\/2025\/04\/IMG-20250417-WA0054-1115x715.jpg",1115,715,true],"covernews-slider-center":["https:\/\/contextoanalisisperiodistico.com\/wp-content\/uploads\/2025\/04\/IMG-20250417-WA0054-800x500.jpg",800,500,true],"covernews-featured":["https:\/\/contextoanalisisperiodistico.com\/wp-content\/uploads\/2025\/04\/IMG-20250417-WA0054-1024x683.jpg",1024,683,true],"covernews-medium":["https:\/\/contextoanalisisperiodistico.com\/wp-content\/uploads\/2025\/04\/IMG-20250417-WA0054-540x340.jpg",540,340,true],"covernews-medium-square":["https:\/\/contextoanalisisperiodistico.com\/wp-content\/uploads\/2025\/04\/IMG-20250417-WA0054-400x250.jpg",400,250,true]},"author_info":{"display_name":"Mario Gir\u00f3n","author_link":"https:\/\/contextoanalisisperiodistico.com\/index.php\/author\/director\/"},"category_info":"<a href=\"https:\/\/contextoanalisisperiodistico.com\/index.php\/category\/politica\/\" rel=\"category tag\">Pol\u00edtica<\/a>","tag_info":"Pol\u00edtica","comment_count":"0","jetpack_featured_media_url":"https:\/\/contextoanalisisperiodistico.com\/wp-content\/uploads\/2025\/04\/IMG-20250417-WA0054-scaled.jpg","_links":{"self":[{"href":"https:\/\/contextoanalisisperiodistico.com\/index.php\/wp-json\/wp\/v2\/posts\/40076"}],"collection":[{"href":"https:\/\/contextoanalisisperiodistico.com\/index.php\/wp-json\/wp\/v2\/posts"}],"about":[{"href":"https:\/\/contextoanalisisperiodistico.com\/index.php\/wp-json\/wp\/v2\/types\/post"}],"author":[{"embeddable":true,"href":"https:\/\/contextoanalisisperiodistico.com\/index.php\/wp-json\/wp\/v2\/users\/4"}],"replies":[{"embeddable":true,"href":"https:\/\/contextoanalisisperiodistico.com\/index.php\/wp-json\/wp\/v2\/comments?post=40076"}],"version-history":[{"count":0,"href":"https:\/\/contextoanalisisperiodistico.com\/index.php\/wp-json\/wp\/v2\/posts\/40076\/revisions"}],"wp:featuredmedia":[{"embeddable":true,"href":"https:\/\/contextoanalisisperiodistico.com\/index.php\/wp-json\/wp\/v2\/media\/40069"}],"wp:attachment":[{"href":"https:\/\/contextoanalisisperiodistico.com\/index.php\/wp-json\/wp\/v2\/media?parent=40076"}],"wp:term":[{"taxonomy":"category","embeddable":true,"href":"https:\/\/contextoanalisisperiodistico.com\/index.php\/wp-json\/wp\/v2\/categories?post=40076"},{"taxonomy":"post_tag","embeddable":true,"href":"https:\/\/contextoanalisisperiodistico.com\/index.php\/wp-json\/wp\/v2\/tags?post=40076"}],"curies":[{"name":"wp","href":"https:\/\/api.w.org\/{rel}","templated":true}]}}