{"id":40060,"date":"2025-04-16T22:08:33","date_gmt":"2025-04-17T04:08:33","guid":{"rendered":"https:\/\/contextoanalisisperiodistico.com\/index.php\/2025\/04\/16\/policia-municipal-detiene-a-una-persona-por-el-presunto-delito-de-robo-2\/"},"modified":"2025-04-16T22:08:33","modified_gmt":"2025-04-17T04:08:33","slug":"policia-municipal-detiene-a-una-persona-por-el-presunto-delito-de-robo-2","status":"publish","type":"post","link":"https:\/\/contextoanalisisperiodistico.com\/index.php\/2025\/04\/16\/policia-municipal-detiene-a-una-persona-por-el-presunto-delito-de-robo-2\/","title":{"rendered":"Polic\u00eda Municipal detiene a una persona por el presunto delito de robo"},"content":{"rendered":"<div id=\"fb-root\"><\/div>\n\n<p>Oaxaca de Ju\u00e1rez, Oax., 16 de abril de 2025.- La r\u00e1pida intervenci\u00f3n de elementos de la Secretar\u00eda de Seguridad Vecinal de Oaxaca de Ju\u00e1rez, en el marco del Operativo \u00abSemana Santa Segura\u00bb 2025, logr\u00f3 la detenci\u00f3n de una persona como presunta responsable del robo de una motocicleta.<\/p>\n\n\n\n<figure class=\"wp-block-image size-large\"><img fetchpriority=\"high\" decoding=\"async\" width=\"436\" height=\"485\" src=\"https:\/\/contextoanalisisperiodistico.com\/wp-content\/uploads\/2025\/04\/img-20250416-wa0148268299525082672667.jpg\" alt=\"\" class=\"wp-image-40059\" srcset=\"https:\/\/contextoanalisisperiodistico.com\/wp-content\/uploads\/2025\/04\/img-20250416-wa0148268299525082672667.jpg 436w, https:\/\/contextoanalisisperiodistico.com\/wp-content\/uploads\/2025\/04\/img-20250416-wa0148268299525082672667-270x300.jpg 270w\" sizes=\"(max-width: 436px) 100vw, 436px\" \/><\/figure>\n\n\n\n<p>Este mi\u00e9rcoles en la tarde, el C-4 alert\u00f3 a elementos de Proximidad Social sobre el robo de una motocicleta marca Italika, tipo DM150, color azul con negro, la cual se hallaba estacionada frente al domicilio del propietario, en la agencia San Felipe del Agua.<\/p>\n\n\n\n<p>El afectado, dijo que, v\u00eda GPS, ten\u00eda la \u00faltima ubicaci\u00f3n de la motocicleta, como referencia, en la unidad habitacional Ricardo Flores Mag\u00f3n.<\/p>\n\n\n\n<p>Rapidamente, elementos de Proximidad Social implementaron un operativo en la zona y al circular en la Avenida Revoluci\u00f3n esquina Andador La Pol\u00edtica, de esa unidad, observaron a un sujeto que maniobraba la motocicleta marca Italika.<\/p>\n\n\n\n<p>Al verificar el n\u00famero de serie, confirmaron que se trataba de la misma motocicleta reportada como robada, por lo cual procedieron a la detenci\u00f3n de Eliel B., de 27 a\u00f1os de edad, quien junto con el veh\u00edculo quedaron a disposici\u00f3n de la Fiscal\u00eda General del Estado para determinar su situaci\u00f3n jur\u00eddica.<\/p>\n\n\n\n<p>La detenci\u00f3n se realiz\u00f3 en el marco del despliegue t\u00e1ctico coordinado con fuerzas federales, estatales y municipales dentro del Operativo \u00abSemana Santa Segura\u00bb 2025.<\/p>\n","protected":false},"excerpt":{"rendered":"<p>Oaxaca de Ju\u00e1rez, Oax., 16 de abril de 2025.- La r\u00e1pida intervenci\u00f3n de elementos de&#8230;<\/p>\n","protected":false},"author":4,"featured_media":40058,"comment_status":"","ping_status":"open","sticky":false,"template":"","format":"standard","meta":{"footnotes":""},"categories":[10],"tags":[178,235,234,45],"jetpack_sharing_enabled":true,"featured_image_urls":{"full":["https:\/\/contextoanalisisperiodistico.com\/wp-content\/uploads\/2025\/04\/IMG-20250416-WA0149.jpg",408,344,false],"thumbnail":["https:\/\/contextoanalisisperiodistico.com\/wp-content\/uploads\/2025\/04\/IMG-20250416-WA0149-150x150.jpg",150,150,true],"medium":["https:\/\/contextoanalisisperiodistico.com\/wp-content\/uploads\/2025\/04\/IMG-20250416-WA0149-300x253.jpg",300,253,true],"medium_large":["https:\/\/contextoanalisisperiodistico.com\/wp-content\/uploads\/2025\/04\/IMG-20250416-WA0149.jpg",408,344,false],"large":["https:\/\/contextoanalisisperiodistico.com\/wp-content\/uploads\/2025\/04\/IMG-20250416-WA0149.jpg",408,344,false],"1536x1536":["https:\/\/contextoanalisisperiodistico.com\/wp-content\/uploads\/2025\/04\/IMG-20250416-WA0149.jpg",408,344,false],"2048x2048":["https:\/\/contextoanalisisperiodistico.com\/wp-content\/uploads\/2025\/04\/IMG-20250416-WA0149.jpg",408,344,false],"covernews-slider-full":["https:\/\/contextoanalisisperiodistico.com\/wp-content\/uploads\/2025\/04\/IMG-20250416-WA0149.jpg",408,344,false],"covernews-slider-center":["https:\/\/contextoanalisisperiodistico.com\/wp-content\/uploads\/2025\/04\/IMG-20250416-WA0149.jpg",408,344,false],"covernews-featured":["https:\/\/contextoanalisisperiodistico.com\/wp-content\/uploads\/2025\/04\/IMG-20250416-WA0149.jpg",408,344,false],"covernews-medium":["https:\/\/contextoanalisisperiodistico.com\/wp-content\/uploads\/2025\/04\/IMG-20250416-WA0149-408x340.jpg",408,340,true],"covernews-medium-square":["https:\/\/contextoanalisisperiodistico.com\/wp-content\/uploads\/2025\/04\/IMG-20250416-WA0149-400x250.jpg",400,250,true]},"author_info":{"display_name":"Mario Gir\u00f3n","author_link":"https:\/\/contextoanalisisperiodistico.com\/index.php\/author\/director\/"},"category_info":"<a href=\"https:\/\/contextoanalisisperiodistico.com\/index.php\/category\/seguridad\/\" rel=\"category tag\">Seguridad<\/a>","tag_info":"Seguridad","comment_count":"0","jetpack_featured_media_url":"https:\/\/contextoanalisisperiodistico.com\/wp-content\/uploads\/2025\/04\/IMG-20250416-WA0149.jpg","_links":{"self":[{"href":"https:\/\/contextoanalisisperiodistico.com\/index.php\/wp-json\/wp\/v2\/posts\/40060"}],"collection":[{"href":"https:\/\/contextoanalisisperiodistico.com\/index.php\/wp-json\/wp\/v2\/posts"}],"about":[{"href":"https:\/\/contextoanalisisperiodistico.com\/index.php\/wp-json\/wp\/v2\/types\/post"}],"author":[{"embeddable":true,"href":"https:\/\/contextoanalisisperiodistico.com\/index.php\/wp-json\/wp\/v2\/users\/4"}],"replies":[{"embeddable":true,"href":"https:\/\/contextoanalisisperiodistico.com\/index.php\/wp-json\/wp\/v2\/comments?post=40060"}],"version-history":[{"count":0,"href":"https:\/\/contextoanalisisperiodistico.com\/index.php\/wp-json\/wp\/v2\/posts\/40060\/revisions"}],"wp:featuredmedia":[{"embeddable":true,"href":"https:\/\/contextoanalisisperiodistico.com\/index.php\/wp-json\/wp\/v2\/media\/40058"}],"wp:attachment":[{"href":"https:\/\/contextoanalisisperiodistico.com\/index.php\/wp-json\/wp\/v2\/media?parent=40060"}],"wp:term":[{"taxonomy":"category","embeddable":true,"href":"https:\/\/contextoanalisisperiodistico.com\/index.php\/wp-json\/wp\/v2\/categories?post=40060"},{"taxonomy":"post_tag","embeddable":true,"href":"https:\/\/contextoanalisisperiodistico.com\/index.php\/wp-json\/wp\/v2\/tags?post=40060"}],"curies":[{"name":"wp","href":"https:\/\/api.w.org\/{rel}","templated":true}]}}