{"id":40038,"date":"2025-04-16T14:58:16","date_gmt":"2025-04-16T20:58:16","guid":{"rendered":"https:\/\/contextoanalisisperiodistico.com\/?p=40038"},"modified":"2025-04-16T15:30:18","modified_gmt":"2025-04-16T21:30:18","slug":"joselyn-pamela-mendoza-reyes-representante-de-la-diosa-centeotl-2025-de-oaxaca-de-juarez","status":"publish","type":"post","link":"https:\/\/contextoanalisisperiodistico.com\/index.php\/2025\/04\/16\/joselyn-pamela-mendoza-reyes-representante-de-la-diosa-centeotl-2025-de-oaxaca-de-juarez\/","title":{"rendered":"Joselyn Pamela Mendoza Reyes, representante de la Diosa Cent\u00e9otl 2025 de Oaxaca de Ju\u00e1rez"},"content":{"rendered":"<div id=\"fb-root\"><\/div>\n\n<p>\u2022 Originaria del barrio de Trinidad de las Huertas, simboliza el orgullo y la fuerza de las mujeres trabajadoras de la capital<\/p>\n\n\n\n<p>Oaxaca de Ju\u00e1rez, Oax., 16 de abril de 2025.\u2013 En un ambiente lleno de tradici\u00f3n, identidad y orgullo, Joselyn Pamela Mendoza Reyes fue coronada como la representante municipal de la Diosa Cent\u00e9otl 2025. Originaria del emblem\u00e1tico barrio de Trinidad de las Huertas, tierra de canasteras y hortelanas, la joven port\u00f3 con dignidad su mandil y rebozo, como un homenaje a la labor diaria de las mujeres oaxaque\u00f1as.<\/p>\n\n\n\n<p>El certamen, organizado por la Secretar\u00eda de Cultura, Educaci\u00f3n y Fomento a la Cultura del Municipio de Oaxaca de Ju\u00e1rez, cont\u00f3 tambi\u00e9n con la participaci\u00f3n de tres talentosas j\u00f3venes: Giovana Soledad Ruiz V\u00e1zquez, Mar\u00eda Fernanda Ortiz Cruz e Ivone Guadalupe V\u00e1zquez Montes, quienes lucieron su indumentaria tradicional y compartieron con el jurado y asistentes el amor por sus ra\u00edces.<\/p>\n\n\n\n<p>La elecci\u00f3n const\u00f3 de dos etapas, en las que se valor\u00f3 el conocimiento cultural e identidad comunitaria de las concursantes. El orden de participaci\u00f3n fue definido previamente mediante un sorteo conducido por la Comisi\u00f3n Cultural Comunitaria. El jurado calificador fue presidido por Jos\u00e9 Demetrio Quiroz Alc\u00e1ntara, con amplio reconocimiento en la promoci\u00f3n cultural.<\/p>\n\n\n\n<p>\u201cEste certamen no es una competencia, es una manifestaci\u00f3n de lo que somos como pueblo; nuestro sentido de identidad no tiene precio\u201d, afirm\u00f3 el comit\u00e9 organizador, destacando la relevancia de preservar y proyectar las costumbres que fortalecen el alma de Oaxaca.<\/p>\n\n\n\n<p>Como parte de su encomienda, Joselyn Pamela Mendoza representar\u00e1 al municipio en el certamen estatal de la Diosa Cent\u00e9otl y participar\u00e1 en las festividades culturales del municipio, llevando consigo el esp\u00edritu y la esencia cultural de la capital oaxaque\u00f1a.<\/p>\n","protected":false},"excerpt":{"rendered":"<p>\u2022 Originaria del barrio de Trinidad de las Huertas, simboliza el orgullo y la fuerza&#8230;<\/p>\n","protected":false},"author":4,"featured_media":40039,"comment_status":"closed","ping_status":"open","sticky":false,"template":"","format":"standard","meta":{"footnotes":""},"categories":[9],"tags":[178,235,234,45],"jetpack_sharing_enabled":true,"featured_image_urls":{"full":["https:\/\/contextoanalisisperiodistico.com\/wp-content\/uploads\/2025\/04\/IMG-20250416-WA0077.jpg",1249,1354,false],"thumbnail":["https:\/\/contextoanalisisperiodistico.com\/wp-content\/uploads\/2025\/04\/IMG-20250416-WA0077-150x150.jpg",150,150,true],"medium":["https:\/\/contextoanalisisperiodistico.com\/wp-content\/uploads\/2025\/04\/IMG-20250416-WA0077-277x300.jpg",277,300,true],"medium_large":["https:\/\/contextoanalisisperiodistico.com\/wp-content\/uploads\/2025\/04\/IMG-20250416-WA0077-768x833.jpg",640,694,true],"large":["https:\/\/contextoanalisisperiodistico.com\/wp-content\/uploads\/2025\/04\/IMG-20250416-WA0077-945x1024.jpg",640,694,true],"1536x1536":["https:\/\/contextoanalisisperiodistico.com\/wp-content\/uploads\/2025\/04\/IMG-20250416-WA0077.jpg",1249,1354,false],"2048x2048":["https:\/\/contextoanalisisperiodistico.com\/wp-content\/uploads\/2025\/04\/IMG-20250416-WA0077.jpg",1249,1354,false],"covernews-slider-full":["https:\/\/contextoanalisisperiodistico.com\/wp-content\/uploads\/2025\/04\/IMG-20250416-WA0077-1115x715.jpg",1115,715,true],"covernews-slider-center":["https:\/\/contextoanalisisperiodistico.com\/wp-content\/uploads\/2025\/04\/IMG-20250416-WA0077-800x500.jpg",800,500,true],"covernews-featured":["https:\/\/contextoanalisisperiodistico.com\/wp-content\/uploads\/2025\/04\/IMG-20250416-WA0077-1024x1110.jpg",1024,1110,true],"covernews-medium":["https:\/\/contextoanalisisperiodistico.com\/wp-content\/uploads\/2025\/04\/IMG-20250416-WA0077-540x340.jpg",540,340,true],"covernews-medium-square":["https:\/\/contextoanalisisperiodistico.com\/wp-content\/uploads\/2025\/04\/IMG-20250416-WA0077-400x250.jpg",400,250,true]},"author_info":{"display_name":"Mario Gir\u00f3n","author_link":"https:\/\/contextoanalisisperiodistico.com\/index.php\/author\/director\/"},"category_info":"<a href=\"https:\/\/contextoanalisisperiodistico.com\/index.php\/category\/politica\/\" rel=\"category tag\">Pol\u00edtica<\/a>","tag_info":"Pol\u00edtica","comment_count":"0","jetpack_featured_media_url":"https:\/\/contextoanalisisperiodistico.com\/wp-content\/uploads\/2025\/04\/IMG-20250416-WA0077.jpg","_links":{"self":[{"href":"https:\/\/contextoanalisisperiodistico.com\/index.php\/wp-json\/wp\/v2\/posts\/40038"}],"collection":[{"href":"https:\/\/contextoanalisisperiodistico.com\/index.php\/wp-json\/wp\/v2\/posts"}],"about":[{"href":"https:\/\/contextoanalisisperiodistico.com\/index.php\/wp-json\/wp\/v2\/types\/post"}],"author":[{"embeddable":true,"href":"https:\/\/contextoanalisisperiodistico.com\/index.php\/wp-json\/wp\/v2\/users\/4"}],"replies":[{"embeddable":true,"href":"https:\/\/contextoanalisisperiodistico.com\/index.php\/wp-json\/wp\/v2\/comments?post=40038"}],"version-history":[{"count":1,"href":"https:\/\/contextoanalisisperiodistico.com\/index.php\/wp-json\/wp\/v2\/posts\/40038\/revisions"}],"predecessor-version":[{"id":40040,"href":"https:\/\/contextoanalisisperiodistico.com\/index.php\/wp-json\/wp\/v2\/posts\/40038\/revisions\/40040"}],"wp:featuredmedia":[{"embeddable":true,"href":"https:\/\/contextoanalisisperiodistico.com\/index.php\/wp-json\/wp\/v2\/media\/40039"}],"wp:attachment":[{"href":"https:\/\/contextoanalisisperiodistico.com\/index.php\/wp-json\/wp\/v2\/media?parent=40038"}],"wp:term":[{"taxonomy":"category","embeddable":true,"href":"https:\/\/contextoanalisisperiodistico.com\/index.php\/wp-json\/wp\/v2\/categories?post=40038"},{"taxonomy":"post_tag","embeddable":true,"href":"https:\/\/contextoanalisisperiodistico.com\/index.php\/wp-json\/wp\/v2\/tags?post=40038"}],"curies":[{"name":"wp","href":"https:\/\/api.w.org\/{rel}","templated":true}]}}