{"id":40026,"date":"2025-04-15T10:03:55","date_gmt":"2025-04-15T16:03:55","guid":{"rendered":"https:\/\/contextoanalisisperiodistico.com\/index.php\/2025\/04\/15\/refuerzan-estrategias-para-proteger-la-salud-ante-calor-y-enfermedades-diarreicas\/"},"modified":"2025-04-15T10:03:55","modified_gmt":"2025-04-15T16:03:55","slug":"refuerzan-estrategias-para-proteger-la-salud-ante-calor-y-enfermedades-diarreicas","status":"publish","type":"post","link":"https:\/\/contextoanalisisperiodistico.com\/index.php\/2025\/04\/15\/refuerzan-estrategias-para-proteger-la-salud-ante-calor-y-enfermedades-diarreicas\/","title":{"rendered":"Refuerzan estrategias para proteger la salud ante calor y enfermedades diarreicas"},"content":{"rendered":"<div id=\"fb-root\"><\/div>\n\n<p>\u2022El Comit\u00e9 Estatal para la Seguridad en Salud realiza la segunda Sesi\u00f3n Ordinaria<\/p>\n\n\n\n<figure class=\"wp-block-image size-large\"><img fetchpriority=\"high\" decoding=\"async\" width=\"900\" height=\"599\" src=\"https:\/\/contextoanalisisperiodistico.com\/wp-content\/uploads\/2025\/04\/img-20250415-wa00363389201868003456544.jpg\" alt=\"\" class=\"wp-image-40022\" srcset=\"https:\/\/contextoanalisisperiodistico.com\/wp-content\/uploads\/2025\/04\/img-20250415-wa00363389201868003456544.jpg 900w, https:\/\/contextoanalisisperiodistico.com\/wp-content\/uploads\/2025\/04\/img-20250415-wa00363389201868003456544-300x200.jpg 300w, https:\/\/contextoanalisisperiodistico.com\/wp-content\/uploads\/2025\/04\/img-20250415-wa00363389201868003456544-768x511.jpg 768w\" sizes=\"(max-width: 900px) 100vw, 900px\" \/><\/figure>\n\n\n\n<figure class=\"wp-block-image\"><img decoding=\"async\" width=\"300\" height=\"200\" src=\"https:\/\/contextoanalisisperiodistico.com\/wp-content\/uploads\/2025\/04\/img-20250415-wa00385746693167450210635-300x200.jpg\" alt=\"\" class=\"wp-image-40023\" srcset=\"https:\/\/contextoanalisisperiodistico.com\/wp-content\/uploads\/2025\/04\/img-20250415-wa00385746693167450210635-300x200.jpg 300w, https:\/\/contextoanalisisperiodistico.com\/wp-content\/uploads\/2025\/04\/img-20250415-wa00385746693167450210635-768x512.jpg 768w, https:\/\/contextoanalisisperiodistico.com\/wp-content\/uploads\/2025\/04\/img-20250415-wa00385746693167450210635.jpg 900w\" sizes=\"(max-width: 300px) 100vw, 300px\" \/><\/figure>\n\n\n\n<figure class=\"wp-block-image\"><img decoding=\"async\" width=\"300\" height=\"200\" src=\"https:\/\/contextoanalisisperiodistico.com\/wp-content\/uploads\/2025\/04\/img-20250415-wa00393972538225195504676-300x200.jpg\" alt=\"\" class=\"wp-image-40024\" srcset=\"https:\/\/contextoanalisisperiodistico.com\/wp-content\/uploads\/2025\/04\/img-20250415-wa00393972538225195504676-300x200.jpg 300w, https:\/\/contextoanalisisperiodistico.com\/wp-content\/uploads\/2025\/04\/img-20250415-wa00393972538225195504676-768x512.jpg 768w, https:\/\/contextoanalisisperiodistico.com\/wp-content\/uploads\/2025\/04\/img-20250415-wa00393972538225195504676.jpg 900w\" sizes=\"(max-width: 300px) 100vw, 300px\" \/><\/figure>\n\n\n\n<figure class=\"wp-block-image\"><img loading=\"lazy\" decoding=\"async\" width=\"300\" height=\"200\" src=\"https:\/\/contextoanalisisperiodistico.com\/wp-content\/uploads\/2025\/04\/img-20250415-wa00405095636049341871251-300x200.jpg\" alt=\"\" class=\"wp-image-40025\" srcset=\"https:\/\/contextoanalisisperiodistico.com\/wp-content\/uploads\/2025\/04\/img-20250415-wa00405095636049341871251-300x200.jpg 300w, https:\/\/contextoanalisisperiodistico.com\/wp-content\/uploads\/2025\/04\/img-20250415-wa00405095636049341871251-768x512.jpg 768w, https:\/\/contextoanalisisperiodistico.com\/wp-content\/uploads\/2025\/04\/img-20250415-wa00405095636049341871251.jpg 900w\" sizes=\"(max-width: 300px) 100vw, 300px\" \/><\/figure>\n\n\n\n<p>Oaxaca de Ju\u00e1rez, Oax. 15 de abril de 2025.- En un contexto marcado por el incremento de temperaturas, el flujo migratorio y riesgo epidemiol\u00f3gico, el Comit\u00e9 Estatal para la Seguridad en Salud (CESS) llev\u00f3 a cabo la segunda Sesi\u00f3n Ordinaria del a\u00f1o, reafirmando su papel estrat\u00e9gico en la prevenci\u00f3n, preparaci\u00f3n y respuesta ante riesgos sanitarios en la entidad.<\/p>\n\n\n\n<p>Durante el encuentro, se present\u00f3 el plan integral de acciones de promoci\u00f3n de la salud dirigido a personas en situaci\u00f3n de movilidad, as\u00ed como el despliegue preventivo por la temporada de calor y el protocolo de respuesta 2025 ante Enfermedades Diarreicas Agudas Severas (EDAS) y c\u00f3lera.<\/p>\n\n\n\n<p>El secretario de Salud de Oaxaca y presidente del CESS, Efr\u00e9n Emmanuel Jarqu\u00edn Gonz\u00e1lez, subray\u00f3 que este organismo funciona como un espacio de articulaci\u00f3n interinstitucional, intersectorial y colegiado, donde se analizan los principales desaf\u00edos de salud p\u00fablica y se dise\u00f1an respuestas preventivas, oportunas y eficaces.<\/p>\n\n\n\n<p>\u201cLos fen\u00f3menos hidrometeorol\u00f3gicos, geol\u00f3gicos, qu\u00edmicos y sociales nos exigen una visi\u00f3n amplia y una capacidad de respuesta coordinada. Nuestra misi\u00f3n es clara: blindar la salud de la poblaci\u00f3n con estrategias preventivas s\u00f3lidas y una atenci\u00f3n articulada desde los tres niveles de gobierno\u201d, afirm\u00f3 el funcionario.<\/p>\n\n\n\n<p>En su intervenci\u00f3n, Jarqu\u00edn Gonz\u00e1lez hizo un llamado a la ciudadan\u00eda para seguir las recomendaciones emitidas por las autoridades sanitarias a fin de mitigar los efectos del calor extremo y prevenir enfermedades gastrointestinales, especialmente en ni\u00f1as, ni\u00f1os y personas mayores.<\/p>\n\n\n\n<p>Entre las medidas clave destacan: lavado frecuente de manos, correcta conservaci\u00f3n y desinfecci\u00f3n de alimentos, cloraci\u00f3n del agua, hidrataci\u00f3n constante, evitar la exposici\u00f3n al sol entre las 11:00 y 16:00 horas, adem\u00e1s de acudir oportunamente a la unidad m\u00e9dica ante cualquier s\u00edntoma.<\/p>\n\n\n\n<p>La sesi\u00f3n cont\u00f3 con la participaci\u00f3n activa de representantes del Instituto Mexicano del Seguro Social (IMSS), del Instituto de Seguridad y Servicios Sociales de los Trabajadores del Estado (ISSSTE), del IMSS-BIENESTAR, Secretar\u00eda de la Defensa Nacional (Defensa), Petr\u00f3leos Mexicanos (Pemex), el Sistema para el Desarrollo Integral de la Familia (DIF) Oaxaca y otras instituciones del Sector Salud, quienes reiteraron el compromiso con la protecci\u00f3n del bienestar de las y los oaxaque\u00f1os ante emergencias epidemiol\u00f3gicas y desastres.<\/p>\n\n\n\n<p>Con estas acciones, Oaxaca avanza en la consolidaci\u00f3n de un sistema de salud m\u00e1s resiliente, preparado para responder a los retos de un entorno cambiante, priorizando la vida, la prevenci\u00f3n y la atenci\u00f3n oportuna.<\/p>\n\n\n\n<p>-0-<\/p>\n","protected":false},"excerpt":{"rendered":"<p>\u2022El Comit\u00e9 Estatal para la Seguridad en Salud realiza la segunda Sesi\u00f3n Ordinaria Oaxaca de&#8230;<\/p>\n","protected":false},"author":4,"featured_media":40021,"comment_status":"","ping_status":"open","sticky":false,"template":"","format":"standard","meta":{"footnotes":""},"categories":[92],"tags":[],"jetpack_sharing_enabled":true,"featured_image_urls":{"full":["https:\/\/contextoanalisisperiodistico.com\/wp-content\/uploads\/2025\/04\/IMG-20250415-WA0037.jpg",900,600,false],"thumbnail":["https:\/\/contextoanalisisperiodistico.com\/wp-content\/uploads\/2025\/04\/IMG-20250415-WA0037-150x150.jpg",150,150,true],"medium":["https:\/\/contextoanalisisperiodistico.com\/wp-content\/uploads\/2025\/04\/IMG-20250415-WA0037-300x200.jpg",300,200,true],"medium_large":["https:\/\/contextoanalisisperiodistico.com\/wp-content\/uploads\/2025\/04\/IMG-20250415-WA0037-768x512.jpg",640,427,true],"large":["https:\/\/contextoanalisisperiodistico.com\/wp-content\/uploads\/2025\/04\/IMG-20250415-WA0037.jpg",640,427,false],"1536x1536":["https:\/\/contextoanalisisperiodistico.com\/wp-content\/uploads\/2025\/04\/IMG-20250415-WA0037.jpg",900,600,false],"2048x2048":["https:\/\/contextoanalisisperiodistico.com\/wp-content\/uploads\/2025\/04\/IMG-20250415-WA0037.jpg",900,600,false],"covernews-slider-full":["https:\/\/contextoanalisisperiodistico.com\/wp-content\/uploads\/2025\/04\/IMG-20250415-WA0037.jpg",900,600,false],"covernews-slider-center":["https:\/\/contextoanalisisperiodistico.com\/wp-content\/uploads\/2025\/04\/IMG-20250415-WA0037-800x500.jpg",800,500,true],"covernews-featured":["https:\/\/contextoanalisisperiodistico.com\/wp-content\/uploads\/2025\/04\/IMG-20250415-WA0037.jpg",900,600,false],"covernews-medium":["https:\/\/contextoanalisisperiodistico.com\/wp-content\/uploads\/2025\/04\/IMG-20250415-WA0037-540x340.jpg",540,340,true],"covernews-medium-square":["https:\/\/contextoanalisisperiodistico.com\/wp-content\/uploads\/2025\/04\/IMG-20250415-WA0037-400x250.jpg",400,250,true]},"author_info":{"display_name":"Mario Gir\u00f3n","author_link":"https:\/\/contextoanalisisperiodistico.com\/index.php\/author\/director\/"},"category_info":"<a href=\"https:\/\/contextoanalisisperiodistico.com\/index.php\/category\/salud\/\" rel=\"category tag\">Salud<\/a>","tag_info":"Salud","comment_count":"0","jetpack_featured_media_url":"https:\/\/contextoanalisisperiodistico.com\/wp-content\/uploads\/2025\/04\/IMG-20250415-WA0037.jpg","_links":{"self":[{"href":"https:\/\/contextoanalisisperiodistico.com\/index.php\/wp-json\/wp\/v2\/posts\/40026"}],"collection":[{"href":"https:\/\/contextoanalisisperiodistico.com\/index.php\/wp-json\/wp\/v2\/posts"}],"about":[{"href":"https:\/\/contextoanalisisperiodistico.com\/index.php\/wp-json\/wp\/v2\/types\/post"}],"author":[{"embeddable":true,"href":"https:\/\/contextoanalisisperiodistico.com\/index.php\/wp-json\/wp\/v2\/users\/4"}],"replies":[{"embeddable":true,"href":"https:\/\/contextoanalisisperiodistico.com\/index.php\/wp-json\/wp\/v2\/comments?post=40026"}],"version-history":[{"count":0,"href":"https:\/\/contextoanalisisperiodistico.com\/index.php\/wp-json\/wp\/v2\/posts\/40026\/revisions"}],"wp:featuredmedia":[{"embeddable":true,"href":"https:\/\/contextoanalisisperiodistico.com\/index.php\/wp-json\/wp\/v2\/media\/40021"}],"wp:attachment":[{"href":"https:\/\/contextoanalisisperiodistico.com\/index.php\/wp-json\/wp\/v2\/media?parent=40026"}],"wp:term":[{"taxonomy":"category","embeddable":true,"href":"https:\/\/contextoanalisisperiodistico.com\/index.php\/wp-json\/wp\/v2\/categories?post=40026"},{"taxonomy":"post_tag","embeddable":true,"href":"https:\/\/contextoanalisisperiodistico.com\/index.php\/wp-json\/wp\/v2\/tags?post=40026"}],"curies":[{"name":"wp","href":"https:\/\/api.w.org\/{rel}","templated":true}]}}