{"id":40007,"date":"2025-04-14T19:20:57","date_gmt":"2025-04-15T01:20:57","guid":{"rendered":"https:\/\/contextoanalisisperiodistico.com\/index.php\/2025\/04\/14\/con-mas-de-50-actividades-celebraran-festival-primavera-rodolfo-morales-en-oaxaca\/"},"modified":"2025-04-14T19:20:57","modified_gmt":"2025-04-15T01:20:57","slug":"con-mas-de-50-actividades-celebraran-festival-primavera-rodolfo-morales-en-oaxaca","status":"publish","type":"post","link":"https:\/\/contextoanalisisperiodistico.com\/index.php\/2025\/04\/14\/con-mas-de-50-actividades-celebraran-festival-primavera-rodolfo-morales-en-oaxaca\/","title":{"rendered":"Con m\u00e1s de 50 actividades, celebrar\u00e1n Festival Primavera Rodolfo Morales en Oaxaca"},"content":{"rendered":"<div id=\"fb-root\"><\/div>\n\n<p>\u2022 Se llevar\u00e1 a cabo del 20 al 30 de abril en la capital del estado; destacan dos conciertos gratuitos en la Alameda de Le\u00f3n<\/p>\n\n\n\n<figure class=\"wp-block-image size-large\"><img fetchpriority=\"high\" decoding=\"async\" width=\"300\" height=\"200\" src=\"https:\/\/contextoanalisisperiodistico.com\/wp-content\/uploads\/2025\/04\/img-20250414-wa01411118310949221902929-300x200.jpg\" alt=\"\" class=\"wp-image-40006\" srcset=\"https:\/\/contextoanalisisperiodistico.com\/wp-content\/uploads\/2025\/04\/img-20250414-wa01411118310949221902929-300x200.jpg 300w, https:\/\/contextoanalisisperiodistico.com\/wp-content\/uploads\/2025\/04\/img-20250414-wa01411118310949221902929-768x511.jpg 768w, https:\/\/contextoanalisisperiodistico.com\/wp-content\/uploads\/2025\/04\/img-20250414-wa01411118310949221902929.jpg 853w\" sizes=\"(max-width: 300px) 100vw, 300px\" \/><\/figure>\n\n\n\n<p>Ciudad de M\u00e9xico. 14 de abril de 2025.- La Secretar\u00eda de las Culturas y Artes (Seculta) present\u00f3 el Festival Primavera Rodolfo Morales en la Ciudad de M\u00e9xico, que se realizar\u00e1 en la capital del estado, del 20 al 30 de abril, en el marco del aniversario 493 de la Ciudad de Oaxaca.<\/p>\n\n\n\n<p>Durante 10 d\u00edas el arte florecer\u00e1 en distintas espacios p\u00fablicos y culturales con m\u00fasica, danza, teatro, exposiciones y actividades para toda la familia. Esto en homenaje al artista oaxaque\u00f1o Rodolfo Morales, quien dedic\u00f3 su vida a preservar el patrimonio y la riqueza de la entidad.<\/p>\n\n\n\n<p>El titular de la Seculta, Flavio Sosa Villavicencio inform\u00f3 que este festival se llevar\u00e1 a cabo en coordinaci\u00f3n con el Ayuntamiento de Oaxaca de Ju\u00e1rez, a fin de celebrar la magnificencia cultural del estado y su esencia en comunidad, ligado a sus costumbres y tradiciones prehisp\u00e1nicas en di\u00e1logo con el conglomerado urbano actual.<\/p>\n\n\n\n<p>Entre las actividades programadas destacan dos conciertos gratuitos en la Alameda de Le\u00f3n: Los \u00c1ngeles Azules, el 25 de abril y Molotov, el 28 de abril. Tambi\u00e9n se efectuar\u00e1 una carrera atl\u00e9tica el 20 de abril con salida en la Plaza de la Danza.<\/p>\n\n\n\n<p>Adem\u00e1s, se contar\u00e1 con la participaci\u00f3n de la Banda de M\u00fasica del Estado, la Marimba del Estado, la Orquesta Primavera de Oaxaca, as\u00ed como la Orquesta Sinf\u00f3nica de Oaxaca; que ofrecer\u00e1n conciertos en el marco de este festival.<\/p>\n\n\n\n<p>En tanto, el edil de Oaxaca de Ju\u00e1rez, Raymundo Chagoya Villanueva destac\u00f3 que la programaci\u00f3n incluye m\u00e1s de 50 actividades para el disfrute de personas locales, nacionales y extranjeras.<\/p>\n\n\n\n<p>Quienes deseen m\u00e1s informaci\u00f3n pueden consultar la cartelera en la p\u00e1gina oficial del festival: https:\/\/www.festivaldeprimaverarodolfomorales.com.mx, o descargar el programa completo en la p\u00e1gina oficial de Seculta: https:\/\/www.oaxaca.gob.mx\/seculta\/festival-primavera-rodolfo-morales.<\/p>\n\n\n\n<p>-0-<\/p>\n","protected":false},"excerpt":{"rendered":"<p>\u2022 Se llevar\u00e1 a cabo del 20 al 30 de abril en la capital del&#8230;<\/p>\n","protected":false},"author":4,"featured_media":40005,"comment_status":"","ping_status":"open","sticky":false,"template":"","format":"standard","meta":{"footnotes":""},"categories":[4],"tags":[],"jetpack_sharing_enabled":true,"featured_image_urls":{"full":["https:\/\/contextoanalisisperiodistico.com\/wp-content\/uploads\/2025\/04\/IMG-20250414-WA0140.jpg",900,599,false],"thumbnail":["https:\/\/contextoanalisisperiodistico.com\/wp-content\/uploads\/2025\/04\/IMG-20250414-WA0140-150x150.jpg",150,150,true],"medium":["https:\/\/contextoanalisisperiodistico.com\/wp-content\/uploads\/2025\/04\/IMG-20250414-WA0140-300x200.jpg",300,200,true],"medium_large":["https:\/\/contextoanalisisperiodistico.com\/wp-content\/uploads\/2025\/04\/IMG-20250414-WA0140-768x511.jpg",640,426,true],"large":["https:\/\/contextoanalisisperiodistico.com\/wp-content\/uploads\/2025\/04\/IMG-20250414-WA0140.jpg",640,426,false],"1536x1536":["https:\/\/contextoanalisisperiodistico.com\/wp-content\/uploads\/2025\/04\/IMG-20250414-WA0140.jpg",900,599,false],"2048x2048":["https:\/\/contextoanalisisperiodistico.com\/wp-content\/uploads\/2025\/04\/IMG-20250414-WA0140.jpg",900,599,false],"covernews-slider-full":["https:\/\/contextoanalisisperiodistico.com\/wp-content\/uploads\/2025\/04\/IMG-20250414-WA0140.jpg",900,599,false],"covernews-slider-center":["https:\/\/contextoanalisisperiodistico.com\/wp-content\/uploads\/2025\/04\/IMG-20250414-WA0140-800x500.jpg",800,500,true],"covernews-featured":["https:\/\/contextoanalisisperiodistico.com\/wp-content\/uploads\/2025\/04\/IMG-20250414-WA0140.jpg",900,599,false],"covernews-medium":["https:\/\/contextoanalisisperiodistico.com\/wp-content\/uploads\/2025\/04\/IMG-20250414-WA0140-540x340.jpg",540,340,true],"covernews-medium-square":["https:\/\/contextoanalisisperiodistico.com\/wp-content\/uploads\/2025\/04\/IMG-20250414-WA0140-400x250.jpg",400,250,true]},"author_info":{"display_name":"Mario Gir\u00f3n","author_link":"https:\/\/contextoanalisisperiodistico.com\/index.php\/author\/director\/"},"category_info":"<a href=\"https:\/\/contextoanalisisperiodistico.com\/index.php\/category\/cultura\/\" rel=\"category tag\">Cultura<\/a>","tag_info":"Cultura","comment_count":"0","jetpack_featured_media_url":"https:\/\/contextoanalisisperiodistico.com\/wp-content\/uploads\/2025\/04\/IMG-20250414-WA0140.jpg","_links":{"self":[{"href":"https:\/\/contextoanalisisperiodistico.com\/index.php\/wp-json\/wp\/v2\/posts\/40007"}],"collection":[{"href":"https:\/\/contextoanalisisperiodistico.com\/index.php\/wp-json\/wp\/v2\/posts"}],"about":[{"href":"https:\/\/contextoanalisisperiodistico.com\/index.php\/wp-json\/wp\/v2\/types\/post"}],"author":[{"embeddable":true,"href":"https:\/\/contextoanalisisperiodistico.com\/index.php\/wp-json\/wp\/v2\/users\/4"}],"replies":[{"embeddable":true,"href":"https:\/\/contextoanalisisperiodistico.com\/index.php\/wp-json\/wp\/v2\/comments?post=40007"}],"version-history":[{"count":0,"href":"https:\/\/contextoanalisisperiodistico.com\/index.php\/wp-json\/wp\/v2\/posts\/40007\/revisions"}],"wp:featuredmedia":[{"embeddable":true,"href":"https:\/\/contextoanalisisperiodistico.com\/index.php\/wp-json\/wp\/v2\/media\/40005"}],"wp:attachment":[{"href":"https:\/\/contextoanalisisperiodistico.com\/index.php\/wp-json\/wp\/v2\/media?parent=40007"}],"wp:term":[{"taxonomy":"category","embeddable":true,"href":"https:\/\/contextoanalisisperiodistico.com\/index.php\/wp-json\/wp\/v2\/categories?post=40007"},{"taxonomy":"post_tag","embeddable":true,"href":"https:\/\/contextoanalisisperiodistico.com\/index.php\/wp-json\/wp\/v2\/tags?post=40007"}],"curies":[{"name":"wp","href":"https:\/\/api.w.org\/{rel}","templated":true}]}}