{"id":39993,"date":"2025-04-14T15:07:14","date_gmt":"2025-04-14T21:07:14","guid":{"rendered":"https:\/\/contextoanalisisperiodistico.com\/index.php\/2025\/04\/14\/personal-de-la-secretaria-de-seguridad-vecinal-recibe-capacitacion-sobre-derechos-humanos\/"},"modified":"2025-04-14T15:07:14","modified_gmt":"2025-04-14T21:07:14","slug":"personal-de-la-secretaria-de-seguridad-vecinal-recibe-capacitacion-sobre-derechos-humanos","status":"publish","type":"post","link":"https:\/\/contextoanalisisperiodistico.com\/index.php\/2025\/04\/14\/personal-de-la-secretaria-de-seguridad-vecinal-recibe-capacitacion-sobre-derechos-humanos\/","title":{"rendered":"Personal de la Secretar\u00eda de Seguridad Vecinal recibe capacitaci\u00f3n sobre Derechos Humanos"},"content":{"rendered":"<div id=\"fb-root\"><\/div>\n\n<p>Oaxaca de Ju\u00e1rez, Oax., 14 de abril de 2025.- Como parte de la capacitaci\u00f3n y profesionalizaci\u00f3n del personal de la Secretar\u00eda de Seguridad Vecinal, instruida por el presidente municipal Ray Chagoya, este d\u00eda, elementos operativos participaron en el curso-taller \u201cActuaci\u00f3n de la Polic\u00eda Municipal con base en Derechos Humanos\u201d.<\/p>\n\n\n\n<figure class=\"wp-block-image size-large\"><img fetchpriority=\"high\" decoding=\"async\" width=\"1024\" height=\"682\" src=\"https:\/\/contextoanalisisperiodistico.com\/wp-content\/uploads\/2025\/04\/img-20250414-wa01135620097912602346880-1024x682.jpg\" alt=\"\" class=\"wp-image-39992\" srcset=\"https:\/\/contextoanalisisperiodistico.com\/wp-content\/uploads\/2025\/04\/img-20250414-wa01135620097912602346880-1024x682.jpg 1024w, https:\/\/contextoanalisisperiodistico.com\/wp-content\/uploads\/2025\/04\/img-20250414-wa01135620097912602346880-300x200.jpg 300w, https:\/\/contextoanalisisperiodistico.com\/wp-content\/uploads\/2025\/04\/img-20250414-wa01135620097912602346880-768x512.jpg 768w, https:\/\/contextoanalisisperiodistico.com\/wp-content\/uploads\/2025\/04\/img-20250414-wa01135620097912602346880-1536x1023.jpg 1536w, https:\/\/contextoanalisisperiodistico.com\/wp-content\/uploads\/2025\/04\/img-20250414-wa01135620097912602346880.jpg 1600w\" sizes=\"(max-width: 1024px) 100vw, 1024px\" \/><\/figure>\n\n\n\n<figure class=\"wp-block-image\"><img decoding=\"async\" width=\"1024\" height=\"780\" src=\"https:\/\/contextoanalisisperiodistico.com\/wp-content\/uploads\/2025\/04\/img-20250414-wa01125701899313557227535-1024x780.jpg\" alt=\"\" class=\"wp-image-39991\" srcset=\"https:\/\/contextoanalisisperiodistico.com\/wp-content\/uploads\/2025\/04\/img-20250414-wa01125701899313557227535-1024x780.jpg 1024w, https:\/\/contextoanalisisperiodistico.com\/wp-content\/uploads\/2025\/04\/img-20250414-wa01125701899313557227535-300x229.jpg 300w, https:\/\/contextoanalisisperiodistico.com\/wp-content\/uploads\/2025\/04\/img-20250414-wa01125701899313557227535-768x585.jpg 768w, https:\/\/contextoanalisisperiodistico.com\/wp-content\/uploads\/2025\/04\/img-20250414-wa01125701899313557227535.jpg 1399w\" sizes=\"(max-width: 1024px) 100vw, 1024px\" \/><\/figure>\n\n\n\n<p>El titular de la Secretar\u00eda, Teniente Coronel DEP Claudio de Jes\u00fas P\u00e9rez y P\u00e9rez dijo que la actuaci\u00f3n de los elementos de la Direcci\u00f3n de Proximidad Social y Direcci\u00f3n de Movilidad debe realizarse en apego a los Derechos Humanos, por lo que es importante que los elementos mantengan actualizados sus conocimientos sobre la materia.<\/p>\n\n\n\n<p>El evento se llev\u00f3 a cabo en la Sala de Academia de la Secretar\u00eda de Seguridad Vecinal y fue encabezado por la Secretaria Ejecutiva de la Defensor\u00eda de los Derechos Humanos del Pueblo de Oaxaca, (DDHPO), Calipso Mej\u00eda L\u00f3pez, quien reconoci\u00f3 la labor emprendida por el presidente municipal Ray Chagoya para que las y los elementos de la polic\u00eda de Proximidad Social y Vialidad se capaciten sobre el tema.<\/p>\n\n\n\n<p>El curso fue impartido por Jesusita Bautista Cayetano, Defensora Adjunta de la DDHPO, quien, adem\u00e1s, aclar\u00f3 las inquietudes de los elementos sobre el actuar policial y el respeto a los derechos humanos, es decir, conocer el l\u00edmite de los derechos y responsabilidades de la tercera persona.<\/p>\n","protected":false},"excerpt":{"rendered":"<p>Oaxaca de Ju\u00e1rez, Oax., 14 de abril de 2025.- Como parte de la capacitaci\u00f3n y&#8230;<\/p>\n","protected":false},"author":4,"featured_media":39990,"comment_status":"","ping_status":"open","sticky":false,"template":"","format":"standard","meta":{"footnotes":""},"categories":[10],"tags":[178,235,234,45],"jetpack_sharing_enabled":true,"featured_image_urls":{"full":["https:\/\/contextoanalisisperiodistico.com\/wp-content\/uploads\/2025\/04\/IMG-20250414-WA0114.jpg",1600,1066,false],"thumbnail":["https:\/\/contextoanalisisperiodistico.com\/wp-content\/uploads\/2025\/04\/IMG-20250414-WA0114-150x150.jpg",150,150,true],"medium":["https:\/\/contextoanalisisperiodistico.com\/wp-content\/uploads\/2025\/04\/IMG-20250414-WA0114-300x200.jpg",300,200,true],"medium_large":["https:\/\/contextoanalisisperiodistico.com\/wp-content\/uploads\/2025\/04\/IMG-20250414-WA0114-768x512.jpg",640,427,true],"large":["https:\/\/contextoanalisisperiodistico.com\/wp-content\/uploads\/2025\/04\/IMG-20250414-WA0114-1024x682.jpg",640,426,true],"1536x1536":["https:\/\/contextoanalisisperiodistico.com\/wp-content\/uploads\/2025\/04\/IMG-20250414-WA0114-1536x1023.jpg",1536,1023,true],"2048x2048":["https:\/\/contextoanalisisperiodistico.com\/wp-content\/uploads\/2025\/04\/IMG-20250414-WA0114.jpg",1600,1066,false],"covernews-slider-full":["https:\/\/contextoanalisisperiodistico.com\/wp-content\/uploads\/2025\/04\/IMG-20250414-WA0114-1115x715.jpg",1115,715,true],"covernews-slider-center":["https:\/\/contextoanalisisperiodistico.com\/wp-content\/uploads\/2025\/04\/IMG-20250414-WA0114-800x500.jpg",800,500,true],"covernews-featured":["https:\/\/contextoanalisisperiodistico.com\/wp-content\/uploads\/2025\/04\/IMG-20250414-WA0114-1024x682.jpg",1024,682,true],"covernews-medium":["https:\/\/contextoanalisisperiodistico.com\/wp-content\/uploads\/2025\/04\/IMG-20250414-WA0114-540x340.jpg",540,340,true],"covernews-medium-square":["https:\/\/contextoanalisisperiodistico.com\/wp-content\/uploads\/2025\/04\/IMG-20250414-WA0114-400x250.jpg",400,250,true]},"author_info":{"display_name":"Mario Gir\u00f3n","author_link":"https:\/\/contextoanalisisperiodistico.com\/index.php\/author\/director\/"},"category_info":"<a href=\"https:\/\/contextoanalisisperiodistico.com\/index.php\/category\/seguridad\/\" rel=\"category tag\">Seguridad<\/a>","tag_info":"Seguridad","comment_count":"0","jetpack_featured_media_url":"https:\/\/contextoanalisisperiodistico.com\/wp-content\/uploads\/2025\/04\/IMG-20250414-WA0114.jpg","_links":{"self":[{"href":"https:\/\/contextoanalisisperiodistico.com\/index.php\/wp-json\/wp\/v2\/posts\/39993"}],"collection":[{"href":"https:\/\/contextoanalisisperiodistico.com\/index.php\/wp-json\/wp\/v2\/posts"}],"about":[{"href":"https:\/\/contextoanalisisperiodistico.com\/index.php\/wp-json\/wp\/v2\/types\/post"}],"author":[{"embeddable":true,"href":"https:\/\/contextoanalisisperiodistico.com\/index.php\/wp-json\/wp\/v2\/users\/4"}],"replies":[{"embeddable":true,"href":"https:\/\/contextoanalisisperiodistico.com\/index.php\/wp-json\/wp\/v2\/comments?post=39993"}],"version-history":[{"count":0,"href":"https:\/\/contextoanalisisperiodistico.com\/index.php\/wp-json\/wp\/v2\/posts\/39993\/revisions"}],"wp:featuredmedia":[{"embeddable":true,"href":"https:\/\/contextoanalisisperiodistico.com\/index.php\/wp-json\/wp\/v2\/media\/39990"}],"wp:attachment":[{"href":"https:\/\/contextoanalisisperiodistico.com\/index.php\/wp-json\/wp\/v2\/media?parent=39993"}],"wp:term":[{"taxonomy":"category","embeddable":true,"href":"https:\/\/contextoanalisisperiodistico.com\/index.php\/wp-json\/wp\/v2\/categories?post=39993"},{"taxonomy":"post_tag","embeddable":true,"href":"https:\/\/contextoanalisisperiodistico.com\/index.php\/wp-json\/wp\/v2\/tags?post=39993"}],"curies":[{"name":"wp","href":"https:\/\/api.w.org\/{rel}","templated":true}]}}