{"id":39975,"date":"2025-04-14T14:11:05","date_gmt":"2025-04-14T20:11:05","guid":{"rendered":"https:\/\/contextoanalisisperiodistico.com\/index.php\/2025\/04\/14\/en-la-ciudad-de-mexico-presenta-ray-chagoya-el-festival-de-primavera-rodolfo-morales\/"},"modified":"2025-04-14T14:11:05","modified_gmt":"2025-04-14T20:11:05","slug":"en-la-ciudad-de-mexico-presenta-ray-chagoya-el-festival-de-primavera-rodolfo-morales","status":"publish","type":"post","link":"https:\/\/contextoanalisisperiodistico.com\/index.php\/2025\/04\/14\/en-la-ciudad-de-mexico-presenta-ray-chagoya-el-festival-de-primavera-rodolfo-morales\/","title":{"rendered":"En la Ciudad de M\u00e9xico, presenta Ray Chagoya el Festival de Primavera Rodolfo Morales"},"content":{"rendered":"<div id=\"fb-root\"><\/div>\n\n<ul class=\"wp-block-list\">\n<li>Ante medios de comunicaci\u00f3n nacionales<\/li>\n<\/ul>\n\n\n\n<p>Ciudad de M\u00e9xico, 14 de abril de 2025.- Con motivo del 493 aniversario de la ciudad de Oaxaca, se anunci\u00f3 en la Ciudad de M\u00e9xico la realizaci\u00f3n del Festival de Primavera Rodolfo Morales, que se llevar\u00e1 a cabo del 20 al 30 de abril, con una programaci\u00f3n que incluye m\u00e1s de 50 actividades culturales, art\u00edsticas y recreativas durante diez d\u00edas.<\/p>\n\n\n\n<p>La presentaci\u00f3n fue encabezada por el presidente municipal, Ray Chagoya, y el secretario de las Culturas y Artes del Gobierno del Estado, Flavio Sosa Villavicencio, quienes destacaron el trabajo conjunto entre los gobiernos estatal y municipal para ofrecer a la ciudadan\u00eda y visitantes una celebraci\u00f3n a la altura de la riqueza cultural de Oaxaca.<\/p>\n\n\n\n<p>El festival rinde homenaje al maestro Rodolfo Morales, figura fundamental del arte oaxaque\u00f1o y s\u00edmbolo del compromiso con la cultura, la identidad y la comunidad. Durante el evento, las autoridades subrayaron la importancia de preservar y difundir el legado del artista, quien, a trav\u00e9s de su obra y labor social, dej\u00f3 una profunda huella en la historia de Oaxaca.<\/p>\n\n\n\n<p>Entre las actividades m\u00e1s destacadas se encuentran talleres, exposiciones, proyecciones de cine y conciertos masivos en espacios p\u00fablicos. El festival contar\u00e1 con la presentaci\u00f3n especial de Los \u00c1ngeles Azules el 25 de abril y de la banda Molotov el lunes 28 de abril, eventos que prometen congregar a miles de asistentes en la Alameda de Le\u00f3n.<\/p>\n\n\n\n<p>Finalmente, se hizo una invitaci\u00f3n abierta al p\u00fablico local, nacional e internacional para visitar la ciudad de Oaxaca y sumarse a esta gran fiesta que celebra la cultura, la historia y el arte de nuestra tierra.<\/p>\n\n\n\n<figure class=\"wp-block-image size-large\"><img fetchpriority=\"high\" decoding=\"async\" width=\"1024\" height=\"683\" src=\"https:\/\/contextoanalisisperiodistico.com\/wp-content\/uploads\/2025\/04\/img-20250414-wa00894611331457302739989-1024x683.jpg\" alt=\"\" class=\"wp-image-39974\" srcset=\"https:\/\/contextoanalisisperiodistico.com\/wp-content\/uploads\/2025\/04\/img-20250414-wa00894611331457302739989-1024x683.jpg 1024w, https:\/\/contextoanalisisperiodistico.com\/wp-content\/uploads\/2025\/04\/img-20250414-wa00894611331457302739989-300x200.jpg 300w, https:\/\/contextoanalisisperiodistico.com\/wp-content\/uploads\/2025\/04\/img-20250414-wa00894611331457302739989-768x512.jpg 768w, https:\/\/contextoanalisisperiodistico.com\/wp-content\/uploads\/2025\/04\/img-20250414-wa00894611331457302739989-1536x1025.jpg 1536w, https:\/\/contextoanalisisperiodistico.com\/wp-content\/uploads\/2025\/04\/img-20250414-wa00894611331457302739989.jpg 2000w\" sizes=\"(max-width: 1024px) 100vw, 1024px\" \/><\/figure>\n\n\n\n<figure class=\"wp-block-image\"><img decoding=\"async\" width=\"1024\" height=\"637\" src=\"https:\/\/contextoanalisisperiodistico.com\/wp-content\/uploads\/2025\/04\/img-20250414-wa00852881078535699165524-1024x637.jpg\" alt=\"\" class=\"wp-image-39970\" srcset=\"https:\/\/contextoanalisisperiodistico.com\/wp-content\/uploads\/2025\/04\/img-20250414-wa00852881078535699165524-1024x637.jpg 1024w, https:\/\/contextoanalisisperiodistico.com\/wp-content\/uploads\/2025\/04\/img-20250414-wa00852881078535699165524-300x187.jpg 300w, https:\/\/contextoanalisisperiodistico.com\/wp-content\/uploads\/2025\/04\/img-20250414-wa00852881078535699165524-768x478.jpg 768w, https:\/\/contextoanalisisperiodistico.com\/wp-content\/uploads\/2025\/04\/img-20250414-wa00852881078535699165524-1536x955.jpg 1536w, https:\/\/contextoanalisisperiodistico.com\/wp-content\/uploads\/2025\/04\/img-20250414-wa00852881078535699165524-400x250.jpg 400w, https:\/\/contextoanalisisperiodistico.com\/wp-content\/uploads\/2025\/04\/img-20250414-wa00852881078535699165524.jpg 1600w\" sizes=\"(max-width: 1024px) 100vw, 1024px\" \/><\/figure>\n\n\n\n<figure class=\"wp-block-image\"><img decoding=\"async\" width=\"1024\" height=\"683\" src=\"https:\/\/contextoanalisisperiodistico.com\/wp-content\/uploads\/2025\/04\/img-20250414-wa00881239999698413488418-1024x683.jpg\" alt=\"\" class=\"wp-image-39971\" srcset=\"https:\/\/contextoanalisisperiodistico.com\/wp-content\/uploads\/2025\/04\/img-20250414-wa00881239999698413488418-1024x683.jpg 1024w, https:\/\/contextoanalisisperiodistico.com\/wp-content\/uploads\/2025\/04\/img-20250414-wa00881239999698413488418-300x200.jpg 300w, https:\/\/contextoanalisisperiodistico.com\/wp-content\/uploads\/2025\/04\/img-20250414-wa00881239999698413488418-768x512.jpg 768w, https:\/\/contextoanalisisperiodistico.com\/wp-content\/uploads\/2025\/04\/img-20250414-wa00881239999698413488418-1536x1025.jpg 1536w, https:\/\/contextoanalisisperiodistico.com\/wp-content\/uploads\/2025\/04\/img-20250414-wa00881239999698413488418.jpg 2000w\" sizes=\"(max-width: 1024px) 100vw, 1024px\" \/><\/figure>\n\n\n\n<figure class=\"wp-block-image\"><img loading=\"lazy\" decoding=\"async\" width=\"1024\" height=\"683\" src=\"https:\/\/contextoanalisisperiodistico.com\/wp-content\/uploads\/2025\/04\/img-20250414-wa00862709599060924099657-1024x683.jpg\" alt=\"\" class=\"wp-image-39972\" srcset=\"https:\/\/contextoanalisisperiodistico.com\/wp-content\/uploads\/2025\/04\/img-20250414-wa00862709599060924099657-1024x683.jpg 1024w, https:\/\/contextoanalisisperiodistico.com\/wp-content\/uploads\/2025\/04\/img-20250414-wa00862709599060924099657-300x200.jpg 300w, https:\/\/contextoanalisisperiodistico.com\/wp-content\/uploads\/2025\/04\/img-20250414-wa00862709599060924099657-768x512.jpg 768w, https:\/\/contextoanalisisperiodistico.com\/wp-content\/uploads\/2025\/04\/img-20250414-wa00862709599060924099657-1536x1025.jpg 1536w, https:\/\/contextoanalisisperiodistico.com\/wp-content\/uploads\/2025\/04\/img-20250414-wa00862709599060924099657.jpg 2000w\" sizes=\"(max-width: 1024px) 100vw, 1024px\" \/><\/figure>\n\n\n\n<figure class=\"wp-block-image\"><img loading=\"lazy\" decoding=\"async\" width=\"1024\" height=\"683\" src=\"https:\/\/contextoanalisisperiodistico.com\/wp-content\/uploads\/2025\/04\/img-20250414-wa00877691485754376216838-1024x683.jpg\" alt=\"\" class=\"wp-image-39973\" srcset=\"https:\/\/contextoanalisisperiodistico.com\/wp-content\/uploads\/2025\/04\/img-20250414-wa00877691485754376216838-1024x683.jpg 1024w, https:\/\/contextoanalisisperiodistico.com\/wp-content\/uploads\/2025\/04\/img-20250414-wa00877691485754376216838-300x200.jpg 300w, https:\/\/contextoanalisisperiodistico.com\/wp-content\/uploads\/2025\/04\/img-20250414-wa00877691485754376216838-768x512.jpg 768w, https:\/\/contextoanalisisperiodistico.com\/wp-content\/uploads\/2025\/04\/img-20250414-wa00877691485754376216838-1536x1025.jpg 1536w, https:\/\/contextoanalisisperiodistico.com\/wp-content\/uploads\/2025\/04\/img-20250414-wa00877691485754376216838.jpg 2000w\" sizes=\"(max-width: 1024px) 100vw, 1024px\" \/><\/figure>\n","protected":false},"excerpt":{"rendered":"<p>Ciudad de M\u00e9xico, 14 de abril de 2025.- Con motivo del 493 aniversario de la&#8230;<\/p>\n","protected":false},"author":4,"featured_media":39969,"comment_status":"","ping_status":"open","sticky":false,"template":"","format":"standard","meta":{"footnotes":""},"categories":[9],"tags":[178,235,234,45],"jetpack_sharing_enabled":true,"featured_image_urls":{"full":["https:\/\/contextoanalisisperiodistico.com\/wp-content\/uploads\/2025\/04\/IMG-20250414-WA0084-scaled.jpg",2560,1706,false],"thumbnail":["https:\/\/contextoanalisisperiodistico.com\/wp-content\/uploads\/2025\/04\/IMG-20250414-WA0084-150x150.jpg",150,150,true],"medium":["https:\/\/contextoanalisisperiodistico.com\/wp-content\/uploads\/2025\/04\/IMG-20250414-WA0084-300x200.jpg",300,200,true],"medium_large":["https:\/\/contextoanalisisperiodistico.com\/wp-content\/uploads\/2025\/04\/IMG-20250414-WA0084-768x512.jpg",640,427,true],"large":["https:\/\/contextoanalisisperiodistico.com\/wp-content\/uploads\/2025\/04\/IMG-20250414-WA0084-1024x683.jpg",640,427,true],"1536x1536":["https:\/\/contextoanalisisperiodistico.com\/wp-content\/uploads\/2025\/04\/IMG-20250414-WA0084-1536x1024.jpg",1536,1024,true],"2048x2048":["https:\/\/contextoanalisisperiodistico.com\/wp-content\/uploads\/2025\/04\/IMG-20250414-WA0084-2048x1365.jpg",2048,1365,true],"covernews-slider-full":["https:\/\/contextoanalisisperiodistico.com\/wp-content\/uploads\/2025\/04\/IMG-20250414-WA0084-1115x715.jpg",1115,715,true],"covernews-slider-center":["https:\/\/contextoanalisisperiodistico.com\/wp-content\/uploads\/2025\/04\/IMG-20250414-WA0084-800x500.jpg",800,500,true],"covernews-featured":["https:\/\/contextoanalisisperiodistico.com\/wp-content\/uploads\/2025\/04\/IMG-20250414-WA0084-1024x683.jpg",1024,683,true],"covernews-medium":["https:\/\/contextoanalisisperiodistico.com\/wp-content\/uploads\/2025\/04\/IMG-20250414-WA0084-540x340.jpg",540,340,true],"covernews-medium-square":["https:\/\/contextoanalisisperiodistico.com\/wp-content\/uploads\/2025\/04\/IMG-20250414-WA0084-400x250.jpg",400,250,true]},"author_info":{"display_name":"Mario Gir\u00f3n","author_link":"https:\/\/contextoanalisisperiodistico.com\/index.php\/author\/director\/"},"category_info":"<a href=\"https:\/\/contextoanalisisperiodistico.com\/index.php\/category\/politica\/\" rel=\"category tag\">Pol\u00edtica<\/a>","tag_info":"Pol\u00edtica","comment_count":"0","jetpack_featured_media_url":"https:\/\/contextoanalisisperiodistico.com\/wp-content\/uploads\/2025\/04\/IMG-20250414-WA0084-scaled.jpg","_links":{"self":[{"href":"https:\/\/contextoanalisisperiodistico.com\/index.php\/wp-json\/wp\/v2\/posts\/39975"}],"collection":[{"href":"https:\/\/contextoanalisisperiodistico.com\/index.php\/wp-json\/wp\/v2\/posts"}],"about":[{"href":"https:\/\/contextoanalisisperiodistico.com\/index.php\/wp-json\/wp\/v2\/types\/post"}],"author":[{"embeddable":true,"href":"https:\/\/contextoanalisisperiodistico.com\/index.php\/wp-json\/wp\/v2\/users\/4"}],"replies":[{"embeddable":true,"href":"https:\/\/contextoanalisisperiodistico.com\/index.php\/wp-json\/wp\/v2\/comments?post=39975"}],"version-history":[{"count":0,"href":"https:\/\/contextoanalisisperiodistico.com\/index.php\/wp-json\/wp\/v2\/posts\/39975\/revisions"}],"wp:featuredmedia":[{"embeddable":true,"href":"https:\/\/contextoanalisisperiodistico.com\/index.php\/wp-json\/wp\/v2\/media\/39969"}],"wp:attachment":[{"href":"https:\/\/contextoanalisisperiodistico.com\/index.php\/wp-json\/wp\/v2\/media?parent=39975"}],"wp:term":[{"taxonomy":"category","embeddable":true,"href":"https:\/\/contextoanalisisperiodistico.com\/index.php\/wp-json\/wp\/v2\/categories?post=39975"},{"taxonomy":"post_tag","embeddable":true,"href":"https:\/\/contextoanalisisperiodistico.com\/index.php\/wp-json\/wp\/v2\/tags?post=39975"}],"curies":[{"name":"wp","href":"https:\/\/api.w.org\/{rel}","templated":true}]}}