{"id":39963,"date":"2025-04-13T19:24:22","date_gmt":"2025-04-14T01:24:22","guid":{"rendered":"https:\/\/contextoanalisisperiodistico.com\/index.php\/2025\/04\/13\/presentara-nino-morales-iniciativa-para-evitar-nepotismo-desde-2027\/"},"modified":"2025-04-13T19:24:22","modified_gmt":"2025-04-14T01:24:22","slug":"presentara-nino-morales-iniciativa-para-evitar-nepotismo-desde-2027","status":"publish","type":"post","link":"https:\/\/contextoanalisisperiodistico.com\/index.php\/2025\/04\/13\/presentara-nino-morales-iniciativa-para-evitar-nepotismo-desde-2027\/","title":{"rendered":"Presentar\u00e1 Nino Morales iniciativa para evitar nepotismo desde 2027"},"content":{"rendered":"<div id=\"fb-root\"><\/div>\n\n<p>\u2022 Suscribe el llamado de la presidenta Sheinbaum para refrendar los principios de Morena<\/p>\n\n\n\n<p>El senador Antonino Morales Toledo respald\u00f3 el llamado hecho por la presidenta Claudia Sheinbaum a la militancia de Morena para refrendar el compromiso con los principios en los que se fund\u00f3 el movimiento de la cuarta transformaci\u00f3n.<\/p>\n\n\n\n<p>En este contexto, el legislador zapoteco anunci\u00f3 que, antes de concluir el periodo ordinario de sesiones, presentar\u00e1 una iniciativa para derogar el art\u00edculo transitorio de la reforma que proh\u00edbe el nepotismo, adelantando su aplicaci\u00f3n a 2027.<\/p>\n\n\n\n<p>El integrante de la Comisi\u00f3n de Estudios Legislativos Segunda se\u00f1al\u00f3 que su propuesta recupera el esp\u00edritu de la iniciativa que la presidenta Sheinbaum envi\u00f3 al Congreso de la Uni\u00f3n.<\/p>\n\n\n\n<p>Nino Morales subray\u00f3 que esta reforma fortalece el sistema democr\u00e1tico y responde a una exigencia del pueblo, que la presidenta recogi\u00f3 durante su recorrido por el pa\u00eds, por lo que no tiene sentido que se aplace cinco a\u00f1os m\u00e1s.<\/p>\n\n\n\n<p>Morales Toledo asegur\u00f3 que la gente ya no quiere ver en los cargos p\u00fablicos parientes que se eternizan a trav\u00e9s de matrimonios, concubinatos, primos y otros parentescos.<\/p>\n\n\n\n<p>\u201cFrente al pr\u00f3ximo proceso electoral, resulta indispensable tener presente que Morena no es un veh\u00edculo para cargos p\u00fablicos; es el instrumento del pueblo para transformar M\u00e9xico\u00bb, dijo.<\/p>\n\n\n\n<p>El legislador zapoteco record\u00f3 que Morena surgi\u00f3 como un movimiento sin recursos, pero con dignidad, cuyo objetivo era devolverle al pueblo lo que siempre fue suyo: el poder. \u201cHoy, nuestra misi\u00f3n es m\u00e1s compleja, preservar ese esp\u00edritu frente a los devaneos del poder y la autocomplacencia\u201d.<\/p>\n\n\n\n<p>Finalmente, el senador Antonino Morales Toledo afirm\u00f3 \u201csolo la congruencia con nuestros valores garantizar\u00e1 la unidad del partido, el cumplimiento del mandato popular y avanzar en la construcci\u00f3n del segundo piso de la Cuarta Transformaci\u00f3n\u201d.<\/p>\n\n\n\n<p><\/p>\n","protected":false},"excerpt":{"rendered":"<p>\u2022 Suscribe el llamado de la presidenta Sheinbaum para refrendar los principios de Morena El&#8230;<\/p>\n","protected":false},"author":4,"featured_media":39962,"comment_status":"","ping_status":"open","sticky":false,"template":"","format":"standard","meta":{"footnotes":""},"categories":[9],"tags":[156,20,182,195],"jetpack_sharing_enabled":true,"featured_image_urls":{"full":["https:\/\/contextoanalisisperiodistico.com\/wp-content\/uploads\/2025\/04\/IMG-20250413-WA0134.jpg",1040,694,false],"thumbnail":["https:\/\/contextoanalisisperiodistico.com\/wp-content\/uploads\/2025\/04\/IMG-20250413-WA0134-150x150.jpg",150,150,true],"medium":["https:\/\/contextoanalisisperiodistico.com\/wp-content\/uploads\/2025\/04\/IMG-20250413-WA0134-300x200.jpg",300,200,true],"medium_large":["https:\/\/contextoanalisisperiodistico.com\/wp-content\/uploads\/2025\/04\/IMG-20250413-WA0134-768x512.jpg",640,427,true],"large":["https:\/\/contextoanalisisperiodistico.com\/wp-content\/uploads\/2025\/04\/IMG-20250413-WA0134-1024x683.jpg",640,427,true],"1536x1536":["https:\/\/contextoanalisisperiodistico.com\/wp-content\/uploads\/2025\/04\/IMG-20250413-WA0134.jpg",1040,694,false],"2048x2048":["https:\/\/contextoanalisisperiodistico.com\/wp-content\/uploads\/2025\/04\/IMG-20250413-WA0134.jpg",1040,694,false],"covernews-slider-full":["https:\/\/contextoanalisisperiodistico.com\/wp-content\/uploads\/2025\/04\/IMG-20250413-WA0134.jpg",1040,694,false],"covernews-slider-center":["https:\/\/contextoanalisisperiodistico.com\/wp-content\/uploads\/2025\/04\/IMG-20250413-WA0134-800x500.jpg",800,500,true],"covernews-featured":["https:\/\/contextoanalisisperiodistico.com\/wp-content\/uploads\/2025\/04\/IMG-20250413-WA0134-1024x683.jpg",1024,683,true],"covernews-medium":["https:\/\/contextoanalisisperiodistico.com\/wp-content\/uploads\/2025\/04\/IMG-20250413-WA0134-540x340.jpg",540,340,true],"covernews-medium-square":["https:\/\/contextoanalisisperiodistico.com\/wp-content\/uploads\/2025\/04\/IMG-20250413-WA0134-400x250.jpg",400,250,true]},"author_info":{"display_name":"Mario Gir\u00f3n","author_link":"https:\/\/contextoanalisisperiodistico.com\/index.php\/author\/director\/"},"category_info":"<a href=\"https:\/\/contextoanalisisperiodistico.com\/index.php\/category\/politica\/\" rel=\"category tag\">Pol\u00edtica<\/a>","tag_info":"Pol\u00edtica","comment_count":"0","jetpack_featured_media_url":"https:\/\/contextoanalisisperiodistico.com\/wp-content\/uploads\/2025\/04\/IMG-20250413-WA0134.jpg","_links":{"self":[{"href":"https:\/\/contextoanalisisperiodistico.com\/index.php\/wp-json\/wp\/v2\/posts\/39963"}],"collection":[{"href":"https:\/\/contextoanalisisperiodistico.com\/index.php\/wp-json\/wp\/v2\/posts"}],"about":[{"href":"https:\/\/contextoanalisisperiodistico.com\/index.php\/wp-json\/wp\/v2\/types\/post"}],"author":[{"embeddable":true,"href":"https:\/\/contextoanalisisperiodistico.com\/index.php\/wp-json\/wp\/v2\/users\/4"}],"replies":[{"embeddable":true,"href":"https:\/\/contextoanalisisperiodistico.com\/index.php\/wp-json\/wp\/v2\/comments?post=39963"}],"version-history":[{"count":0,"href":"https:\/\/contextoanalisisperiodistico.com\/index.php\/wp-json\/wp\/v2\/posts\/39963\/revisions"}],"wp:featuredmedia":[{"embeddable":true,"href":"https:\/\/contextoanalisisperiodistico.com\/index.php\/wp-json\/wp\/v2\/media\/39962"}],"wp:attachment":[{"href":"https:\/\/contextoanalisisperiodistico.com\/index.php\/wp-json\/wp\/v2\/media?parent=39963"}],"wp:term":[{"taxonomy":"category","embeddable":true,"href":"https:\/\/contextoanalisisperiodistico.com\/index.php\/wp-json\/wp\/v2\/categories?post=39963"},{"taxonomy":"post_tag","embeddable":true,"href":"https:\/\/contextoanalisisperiodistico.com\/index.php\/wp-json\/wp\/v2\/tags?post=39963"}],"curies":[{"name":"wp","href":"https:\/\/api.w.org\/{rel}","templated":true}]}}