{"id":39961,"date":"2025-04-13T19:13:30","date_gmt":"2025-04-14T01:13:30","guid":{"rendered":"https:\/\/contextoanalisisperiodistico.com\/index.php\/2025\/04\/13\/refuerza-gobierno-de-oaxaca-acciones-aereas-para-combatir-incendio-forestal-en-santo-domingo-tomaltepec\/"},"modified":"2025-04-13T19:13:30","modified_gmt":"2025-04-14T01:13:30","slug":"refuerza-gobierno-de-oaxaca-acciones-aereas-para-combatir-incendio-forestal-en-santo-domingo-tomaltepec","status":"publish","type":"post","link":"https:\/\/contextoanalisisperiodistico.com\/index.php\/2025\/04\/13\/refuerza-gobierno-de-oaxaca-acciones-aereas-para-combatir-incendio-forestal-en-santo-domingo-tomaltepec\/","title":{"rendered":"Refuerza Gobierno de Oaxaca acciones a\u00e9reas para combatir incendio forestal en Santo Domingo Tomaltepec"},"content":{"rendered":"<div id=\"fb-root\"><\/div>\n\n<ul class=\"wp-block-list\">\n<li>Mediante el Hangar Oficial, se ha proporcionado combustible a uno de los helic\u00f3pteros<\/li>\n\n\n\n<li>Tambi\u00e9n se brinda respaldo a la aeronave Bell 205 UH-1H, con la asignaci\u00f3n de un copiloto especializado y apoyo en l\u00ednea a\u00e9rea<\/li>\n<\/ul>\n\n\n\n<p>Oaxaca de Ju\u00e1rez, Oax., 13 de abril de 2025.- El Gobierno del Estado de Oaxaca a trav\u00e9s de la Direcci\u00f3n General del Hangar Oficial, apoya en el combate del incendio forestal que afecta a Santo Domingo Tomaltepec, Santa Catalina de Siena y San Francisco Lachigol\u00f3, en la regi\u00f3n Valles Centrales.<\/p>\n\n\n\n<p>En coordinaci\u00f3n con instancias federales y municipales, el Gobierno del Estado ha destinado recursos esenciales para fortalecer las labores a\u00e9reas y terrestres del siniestro. Mediante el Hangar Oficial, se ha proporcionado combustible a uno de los helic\u00f3pteros que realiza vuelos constantes para la evaluaci\u00f3n y ataque directo del incendio.<\/p>\n\n\n\n<p>De igual forma, se brinda respaldo al helic\u00f3ptero Bell 205 UH-1H, con la asignaci\u00f3n de un copiloto especializado y apoyo en l\u00ednea a\u00e9rea para la operaci\u00f3n de helibalde, lo que permite la descarga de agua en puntos cr\u00edticos del incendio con mayor precisi\u00f3n y efectividad.<\/p>\n\n\n\n<p>Adem\u00e1s del apoyo a\u00e9reo, las brigadas de combate desde tierra contin\u00faan trabajando sin descanso, con el objetivo de contener el fuego y proteger tanto las zonas forestales como a las comunidades cercanas.<\/p>\n\n\n\n<p>El Gobierno de Oaxaca reafirma su compromiso con la atenci\u00f3n oportuna a emergencias ambientales, y hace un llamado a la poblaci\u00f3n para mantenerse informada a trav\u00e9s de los medios oficiales.<\/p>\n\n\n\n<p>-0-<\/p>\n\n\n\n<figure class=\"wp-block-image size-large\"><img fetchpriority=\"high\" decoding=\"async\" width=\"682\" height=\"1024\" src=\"https:\/\/contextoanalisisperiodistico.com\/wp-content\/uploads\/2025\/04\/img-20250413-wa01284203705733984556397-682x1024.jpg\" alt=\"\" class=\"wp-image-39959\" srcset=\"https:\/\/contextoanalisisperiodistico.com\/wp-content\/uploads\/2025\/04\/img-20250413-wa01284203705733984556397-682x1024.jpg 682w, https:\/\/contextoanalisisperiodistico.com\/wp-content\/uploads\/2025\/04\/img-20250413-wa01284203705733984556397-200x300.jpg 200w, https:\/\/contextoanalisisperiodistico.com\/wp-content\/uploads\/2025\/04\/img-20250413-wa01284203705733984556397-768x1152.jpg 768w, https:\/\/contextoanalisisperiodistico.com\/wp-content\/uploads\/2025\/04\/img-20250413-wa01284203705733984556397.jpg 853w\" sizes=\"(max-width: 682px) 100vw, 682px\" \/><\/figure>\n\n\n\n<figure class=\"wp-block-image\"><img decoding=\"async\" width=\"1024\" height=\"683\" src=\"https:\/\/contextoanalisisperiodistico.com\/wp-content\/uploads\/2025\/04\/img-20250413-wa01298157046955776810992-1024x683.jpg\" alt=\"\" class=\"wp-image-39960\" srcset=\"https:\/\/contextoanalisisperiodistico.com\/wp-content\/uploads\/2025\/04\/img-20250413-wa01298157046955776810992-1024x683.jpg 1024w, https:\/\/contextoanalisisperiodistico.com\/wp-content\/uploads\/2025\/04\/img-20250413-wa01298157046955776810992-300x200.jpg 300w, https:\/\/contextoanalisisperiodistico.com\/wp-content\/uploads\/2025\/04\/img-20250413-wa01298157046955776810992-768x512.jpg 768w, https:\/\/contextoanalisisperiodistico.com\/wp-content\/uploads\/2025\/04\/img-20250413-wa01298157046955776810992.jpg 1280w\" sizes=\"(max-width: 1024px) 100vw, 1024px\" \/><\/figure>\n","protected":false},"excerpt":{"rendered":"<p>Oaxaca de Ju\u00e1rez, Oax., 13 de abril de 2025.- El Gobierno del Estado de Oaxaca&#8230;<\/p>\n","protected":false},"author":4,"featured_media":39958,"comment_status":"","ping_status":"open","sticky":false,"template":"","format":"standard","meta":{"footnotes":""},"categories":[9],"tags":[],"jetpack_sharing_enabled":true,"featured_image_urls":{"full":["https:\/\/contextoanalisisperiodistico.com\/wp-content\/uploads\/2025\/04\/IMG-20250413-WA0127.jpg",854,1280,false],"thumbnail":["https:\/\/contextoanalisisperiodistico.com\/wp-content\/uploads\/2025\/04\/IMG-20250413-WA0127-150x150.jpg",150,150,true],"medium":["https:\/\/contextoanalisisperiodistico.com\/wp-content\/uploads\/2025\/04\/IMG-20250413-WA0127-200x300.jpg",200,300,true],"medium_large":["https:\/\/contextoanalisisperiodistico.com\/wp-content\/uploads\/2025\/04\/IMG-20250413-WA0127-768x1151.jpg",640,959,true],"large":["https:\/\/contextoanalisisperiodistico.com\/wp-content\/uploads\/2025\/04\/IMG-20250413-WA0127-683x1024.jpg",640,960,true],"1536x1536":["https:\/\/contextoanalisisperiodistico.com\/wp-content\/uploads\/2025\/04\/IMG-20250413-WA0127.jpg",854,1280,false],"2048x2048":["https:\/\/contextoanalisisperiodistico.com\/wp-content\/uploads\/2025\/04\/IMG-20250413-WA0127.jpg",854,1280,false],"covernews-slider-full":["https:\/\/contextoanalisisperiodistico.com\/wp-content\/uploads\/2025\/04\/IMG-20250413-WA0127-854x715.jpg",854,715,true],"covernews-slider-center":["https:\/\/contextoanalisisperiodistico.com\/wp-content\/uploads\/2025\/04\/IMG-20250413-WA0127-800x500.jpg",800,500,true],"covernews-featured":["https:\/\/contextoanalisisperiodistico.com\/wp-content\/uploads\/2025\/04\/IMG-20250413-WA0127.jpg",854,1280,false],"covernews-medium":["https:\/\/contextoanalisisperiodistico.com\/wp-content\/uploads\/2025\/04\/IMG-20250413-WA0127-540x340.jpg",540,340,true],"covernews-medium-square":["https:\/\/contextoanalisisperiodistico.com\/wp-content\/uploads\/2025\/04\/IMG-20250413-WA0127-400x250.jpg",400,250,true]},"author_info":{"display_name":"Mario Gir\u00f3n","author_link":"https:\/\/contextoanalisisperiodistico.com\/index.php\/author\/director\/"},"category_info":"<a href=\"https:\/\/contextoanalisisperiodistico.com\/index.php\/category\/politica\/\" rel=\"category tag\">Pol\u00edtica<\/a>","tag_info":"Pol\u00edtica","comment_count":"0","jetpack_featured_media_url":"https:\/\/contextoanalisisperiodistico.com\/wp-content\/uploads\/2025\/04\/IMG-20250413-WA0127.jpg","_links":{"self":[{"href":"https:\/\/contextoanalisisperiodistico.com\/index.php\/wp-json\/wp\/v2\/posts\/39961"}],"collection":[{"href":"https:\/\/contextoanalisisperiodistico.com\/index.php\/wp-json\/wp\/v2\/posts"}],"about":[{"href":"https:\/\/contextoanalisisperiodistico.com\/index.php\/wp-json\/wp\/v2\/types\/post"}],"author":[{"embeddable":true,"href":"https:\/\/contextoanalisisperiodistico.com\/index.php\/wp-json\/wp\/v2\/users\/4"}],"replies":[{"embeddable":true,"href":"https:\/\/contextoanalisisperiodistico.com\/index.php\/wp-json\/wp\/v2\/comments?post=39961"}],"version-history":[{"count":0,"href":"https:\/\/contextoanalisisperiodistico.com\/index.php\/wp-json\/wp\/v2\/posts\/39961\/revisions"}],"wp:featuredmedia":[{"embeddable":true,"href":"https:\/\/contextoanalisisperiodistico.com\/index.php\/wp-json\/wp\/v2\/media\/39958"}],"wp:attachment":[{"href":"https:\/\/contextoanalisisperiodistico.com\/index.php\/wp-json\/wp\/v2\/media?parent=39961"}],"wp:term":[{"taxonomy":"category","embeddable":true,"href":"https:\/\/contextoanalisisperiodistico.com\/index.php\/wp-json\/wp\/v2\/categories?post=39961"},{"taxonomy":"post_tag","embeddable":true,"href":"https:\/\/contextoanalisisperiodistico.com\/index.php\/wp-json\/wp\/v2\/tags?post=39961"}],"curies":[{"name":"wp","href":"https:\/\/api.w.org\/{rel}","templated":true}]}}