{"id":39948,"date":"2025-04-13T15:33:28","date_gmt":"2025-04-13T21:33:28","guid":{"rendered":"https:\/\/contextoanalisisperiodistico.com\/index.php\/2025\/04\/13\/zaachila-se-prepara-para-su-fiesta-tradicional-de-los-concheros-y-la-semana-santa\/"},"modified":"2025-04-13T15:33:28","modified_gmt":"2025-04-13T21:33:28","slug":"zaachila-se-prepara-para-su-fiesta-tradicional-de-los-concheros-y-la-semana-santa","status":"publish","type":"post","link":"https:\/\/contextoanalisisperiodistico.com\/index.php\/2025\/04\/13\/zaachila-se-prepara-para-su-fiesta-tradicional-de-los-concheros-y-la-semana-santa\/","title":{"rendered":"Zaachila se prepara para su fiesta tradicional de \u00abLos Concheros\u00bb y la Semana Santa"},"content":{"rendered":"<div id=\"fb-root\"><\/div>\n\n<ul class=\"wp-block-list\">\n<li>En el marco de la Semana Santa, los representantes de los Comit\u00e9s de los Templos Cat\u00f3licos o parroquias se organizan en busca de la famosa planta llamada \u00abdisciplina\u00bb<\/li>\n<\/ul>\n\n\n\n<figure class=\"wp-block-image size-large\"><img fetchpriority=\"high\" decoding=\"async\" width=\"1024\" height=\"682\" src=\"https:\/\/contextoanalisisperiodistico.com\/wp-content\/uploads\/2025\/04\/img-20250413-wa00934761040460552734388-1024x682.jpg\" alt=\"\" class=\"wp-image-39940\" srcset=\"https:\/\/contextoanalisisperiodistico.com\/wp-content\/uploads\/2025\/04\/img-20250413-wa00934761040460552734388-1024x682.jpg 1024w, https:\/\/contextoanalisisperiodistico.com\/wp-content\/uploads\/2025\/04\/img-20250413-wa00934761040460552734388-300x200.jpg 300w, https:\/\/contextoanalisisperiodistico.com\/wp-content\/uploads\/2025\/04\/img-20250413-wa00934761040460552734388-768x512.jpg 768w, https:\/\/contextoanalisisperiodistico.com\/wp-content\/uploads\/2025\/04\/img-20250413-wa00934761040460552734388-1536x1023.jpg 1536w, https:\/\/contextoanalisisperiodistico.com\/wp-content\/uploads\/2025\/04\/img-20250413-wa00934761040460552734388.jpg 1600w\" sizes=\"(max-width: 1024px) 100vw, 1024px\" \/><\/figure>\n\n\n\n<figure class=\"wp-block-image\"><img decoding=\"async\" width=\"200\" height=\"300\" src=\"https:\/\/contextoanalisisperiodistico.com\/wp-content\/uploads\/2025\/04\/img-20250413-wa0096975842070990039579-200x300.jpg\" alt=\"\" class=\"wp-image-39939\" srcset=\"https:\/\/contextoanalisisperiodistico.com\/wp-content\/uploads\/2025\/04\/img-20250413-wa0096975842070990039579-200x300.jpg 200w, https:\/\/contextoanalisisperiodistico.com\/wp-content\/uploads\/2025\/04\/img-20250413-wa0096975842070990039579.jpg 480w\" sizes=\"(max-width: 200px) 100vw, 200px\" \/><\/figure>\n\n\n\n<figure class=\"wp-block-image\"><img decoding=\"async\" width=\"300\" height=\"200\" src=\"https:\/\/contextoanalisisperiodistico.com\/wp-content\/uploads\/2025\/04\/img-20250413-wa00955905037328023703862-300x200.jpg\" alt=\"\" class=\"wp-image-39938\" srcset=\"https:\/\/contextoanalisisperiodistico.com\/wp-content\/uploads\/2025\/04\/img-20250413-wa00955905037328023703862-300x200.jpg 300w, https:\/\/contextoanalisisperiodistico.com\/wp-content\/uploads\/2025\/04\/img-20250413-wa00955905037328023703862.jpg 720w\" sizes=\"(max-width: 300px) 100vw, 300px\" \/><\/figure>\n\n\n\n<figure class=\"wp-block-image\"><img loading=\"lazy\" decoding=\"async\" width=\"682\" height=\"1024\" src=\"https:\/\/contextoanalisisperiodistico.com\/wp-content\/uploads\/2025\/04\/img-20250413-wa0088941198270531329246-682x1024.jpg\" alt=\"\" class=\"wp-image-39941\" srcset=\"https:\/\/contextoanalisisperiodistico.com\/wp-content\/uploads\/2025\/04\/img-20250413-wa0088941198270531329246-682x1024.jpg 682w, https:\/\/contextoanalisisperiodistico.com\/wp-content\/uploads\/2025\/04\/img-20250413-wa0088941198270531329246-200x300.jpg 200w, https:\/\/contextoanalisisperiodistico.com\/wp-content\/uploads\/2025\/04\/img-20250413-wa0088941198270531329246-768x1153.jpg 768w, https:\/\/contextoanalisisperiodistico.com\/wp-content\/uploads\/2025\/04\/img-20250413-wa0088941198270531329246-1023x1536.jpg 1023w, https:\/\/contextoanalisisperiodistico.com\/wp-content\/uploads\/2025\/04\/img-20250413-wa0088941198270531329246-1024x1537.jpg 1024w, https:\/\/contextoanalisisperiodistico.com\/wp-content\/uploads\/2025\/04\/img-20250413-wa0088941198270531329246.jpg 1066w\" sizes=\"(max-width: 682px) 100vw, 682px\" \/><\/figure>\n\n\n\n<figure class=\"wp-block-image\"><img loading=\"lazy\" decoding=\"async\" width=\"1024\" height=\"682\" src=\"https:\/\/contextoanalisisperiodistico.com\/wp-content\/uploads\/2025\/04\/img-20250413-wa00899169531546073530065-1024x682.jpg\" alt=\"\" class=\"wp-image-39942\" srcset=\"https:\/\/contextoanalisisperiodistico.com\/wp-content\/uploads\/2025\/04\/img-20250413-wa00899169531546073530065-1024x682.jpg 1024w, https:\/\/contextoanalisisperiodistico.com\/wp-content\/uploads\/2025\/04\/img-20250413-wa00899169531546073530065-300x200.jpg 300w, https:\/\/contextoanalisisperiodistico.com\/wp-content\/uploads\/2025\/04\/img-20250413-wa00899169531546073530065-768x512.jpg 768w, https:\/\/contextoanalisisperiodistico.com\/wp-content\/uploads\/2025\/04\/img-20250413-wa00899169531546073530065-1536x1023.jpg 1536w, https:\/\/contextoanalisisperiodistico.com\/wp-content\/uploads\/2025\/04\/img-20250413-wa00899169531546073530065.jpg 1600w\" sizes=\"(max-width: 1024px) 100vw, 1024px\" \/><\/figure>\n\n\n\n<figure class=\"wp-block-image\"><img loading=\"lazy\" decoding=\"async\" width=\"1024\" height=\"682\" src=\"https:\/\/contextoanalisisperiodistico.com\/wp-content\/uploads\/2025\/04\/img-20250413-wa00928549567198915977702-1024x682.jpg\" alt=\"\" class=\"wp-image-39943\" srcset=\"https:\/\/contextoanalisisperiodistico.com\/wp-content\/uploads\/2025\/04\/img-20250413-wa00928549567198915977702-1024x682.jpg 1024w, https:\/\/contextoanalisisperiodistico.com\/wp-content\/uploads\/2025\/04\/img-20250413-wa00928549567198915977702-300x200.jpg 300w, https:\/\/contextoanalisisperiodistico.com\/wp-content\/uploads\/2025\/04\/img-20250413-wa00928549567198915977702-768x512.jpg 768w, https:\/\/contextoanalisisperiodistico.com\/wp-content\/uploads\/2025\/04\/img-20250413-wa00928549567198915977702-1536x1023.jpg 1536w, https:\/\/contextoanalisisperiodistico.com\/wp-content\/uploads\/2025\/04\/img-20250413-wa00928549567198915977702.jpg 1600w\" sizes=\"(max-width: 1024px) 100vw, 1024px\" \/><\/figure>\n\n\n\n<figure class=\"wp-block-image\"><img loading=\"lazy\" decoding=\"async\" width=\"682\" height=\"1024\" src=\"https:\/\/contextoanalisisperiodistico.com\/wp-content\/uploads\/2025\/04\/img-20250413-wa00901478764948291380274-682x1024.jpg\" alt=\"\" class=\"wp-image-39944\" srcset=\"https:\/\/contextoanalisisperiodistico.com\/wp-content\/uploads\/2025\/04\/img-20250413-wa00901478764948291380274-682x1024.jpg 682w, https:\/\/contextoanalisisperiodistico.com\/wp-content\/uploads\/2025\/04\/img-20250413-wa00901478764948291380274-200x300.jpg 200w, https:\/\/contextoanalisisperiodistico.com\/wp-content\/uploads\/2025\/04\/img-20250413-wa00901478764948291380274-768x1153.jpg 768w, https:\/\/contextoanalisisperiodistico.com\/wp-content\/uploads\/2025\/04\/img-20250413-wa00901478764948291380274-1023x1536.jpg 1023w, https:\/\/contextoanalisisperiodistico.com\/wp-content\/uploads\/2025\/04\/img-20250413-wa00901478764948291380274-1024x1537.jpg 1024w, https:\/\/contextoanalisisperiodistico.com\/wp-content\/uploads\/2025\/04\/img-20250413-wa00901478764948291380274.jpg 1066w\" sizes=\"(max-width: 682px) 100vw, 682px\" \/><\/figure>\n\n\n\n<figure class=\"wp-block-image\"><img loading=\"lazy\" decoding=\"async\" width=\"682\" height=\"1024\" src=\"https:\/\/contextoanalisisperiodistico.com\/wp-content\/uploads\/2025\/04\/img-20250413-wa00871652183582006768375-682x1024.jpg\" alt=\"\" class=\"wp-image-39945\" srcset=\"https:\/\/contextoanalisisperiodistico.com\/wp-content\/uploads\/2025\/04\/img-20250413-wa00871652183582006768375-682x1024.jpg 682w, https:\/\/contextoanalisisperiodistico.com\/wp-content\/uploads\/2025\/04\/img-20250413-wa00871652183582006768375-200x300.jpg 200w, https:\/\/contextoanalisisperiodistico.com\/wp-content\/uploads\/2025\/04\/img-20250413-wa00871652183582006768375-768x1153.jpg 768w, https:\/\/contextoanalisisperiodistico.com\/wp-content\/uploads\/2025\/04\/img-20250413-wa00871652183582006768375-1023x1536.jpg 1023w, https:\/\/contextoanalisisperiodistico.com\/wp-content\/uploads\/2025\/04\/img-20250413-wa00871652183582006768375-1024x1537.jpg 1024w, https:\/\/contextoanalisisperiodistico.com\/wp-content\/uploads\/2025\/04\/img-20250413-wa00871652183582006768375.jpg 1066w\" sizes=\"(max-width: 682px) 100vw, 682px\" \/><\/figure>\n\n\n\n<figure class=\"wp-block-image\"><img loading=\"lazy\" decoding=\"async\" width=\"1024\" height=\"682\" src=\"https:\/\/contextoanalisisperiodistico.com\/wp-content\/uploads\/2025\/04\/img-20250413-wa00974206741253708673227-1024x682.jpg\" alt=\"\" class=\"wp-image-39946\" srcset=\"https:\/\/contextoanalisisperiodistico.com\/wp-content\/uploads\/2025\/04\/img-20250413-wa00974206741253708673227-1024x682.jpg 1024w, https:\/\/contextoanalisisperiodistico.com\/wp-content\/uploads\/2025\/04\/img-20250413-wa00974206741253708673227-300x200.jpg 300w, https:\/\/contextoanalisisperiodistico.com\/wp-content\/uploads\/2025\/04\/img-20250413-wa00974206741253708673227-768x512.jpg 768w, https:\/\/contextoanalisisperiodistico.com\/wp-content\/uploads\/2025\/04\/img-20250413-wa00974206741253708673227-1536x1023.jpg 1536w, https:\/\/contextoanalisisperiodistico.com\/wp-content\/uploads\/2025\/04\/img-20250413-wa00974206741253708673227.jpg 1600w\" sizes=\"(max-width: 1024px) 100vw, 1024px\" \/><\/figure>\n\n\n\n<figure class=\"wp-block-image\"><img loading=\"lazy\" decoding=\"async\" width=\"1024\" height=\"682\" src=\"https:\/\/contextoanalisisperiodistico.com\/wp-content\/uploads\/2025\/04\/img-20250413-wa00945478530177637701063-1024x682.jpg\" alt=\"\" class=\"wp-image-39947\" srcset=\"https:\/\/contextoanalisisperiodistico.com\/wp-content\/uploads\/2025\/04\/img-20250413-wa00945478530177637701063-1024x682.jpg 1024w, https:\/\/contextoanalisisperiodistico.com\/wp-content\/uploads\/2025\/04\/img-20250413-wa00945478530177637701063-300x200.jpg 300w, https:\/\/contextoanalisisperiodistico.com\/wp-content\/uploads\/2025\/04\/img-20250413-wa00945478530177637701063-768x512.jpg 768w, https:\/\/contextoanalisisperiodistico.com\/wp-content\/uploads\/2025\/04\/img-20250413-wa00945478530177637701063-1536x1023.jpg 1536w, https:\/\/contextoanalisisperiodistico.com\/wp-content\/uploads\/2025\/04\/img-20250413-wa00945478530177637701063.jpg 1600w\" sizes=\"(max-width: 1024px) 100vw, 1024px\" \/><\/figure>\n\n\n\n<p>El municipio de la Villa de Zaachila se viste de fiesta. La Semana Santa inicia con la celebraci\u00f3n de \u201cLos Concheros\u201d, una tradici\u00f3n ancestral de esta comunidad zapoteca que ha perdurado por m\u00e1s de 500 a\u00f1os y sigue siendo una parte fundamental de su identidad cultural.<\/p>\n\n\n\n<p>Las personas son convocadas por el sonido del caracol marino, y d\u00edas antes han viajado en busca de plantas, orqu\u00eddeas, juncos y flores, como la azucena \u201cmonjita\u201d y la famosa planta par\u00e1sita conocida como \u201cdisciplina\u201d, para adornar los distintos templos cat\u00f3licos. Mientras los habitantes se preparan para vivir fervorosamente la Semana Santa, los diferentes comit\u00e9s, organizados con anterioridad, han viajado a las zonas altas de Oaxaca y Puebla en busca de dichas plantas.<\/p>\n\n\n\n<p>Despu\u00e9s de este viaje, \u201cLos Concheros\u201d son recibidos con una cena tradicional, donde el platillo principal puede ser guajolote hervido, huevos duros, tejate, carnes asadas, pollo o barbacoa, dependiendo de cada familia. Las cenas de los barrios se realizan el Lunes y Martes Santo. Aproximadamente a las 7 de la tarde, personas de los diversos barrios del municipio se re\u00fanen en los parajes \u201cLa Regadera\u201d y \u201cEl Tunillo\u201d, y junto con las bandas de m\u00fasica de viento, conviven, bailan y disfrutan de sus alimentos. No pueden faltar los curados y el mezcal, que sirven de incentivo para bailar y disfrutar de los jarabes, chilenas y sones.<\/p>\n\n\n\n<p>Los recorridos de \u201cLos Concheros\u201d se realizan el Martes y Mi\u00e9rcoles Santo por las principales calles de la poblaci\u00f3n. En esta procesi\u00f3n, los participantes cargan sendos tercios de laurel, ramas de pino, orqu\u00eddeas, disciplina, canastos y sombreros adornados con pastle y flores. Como ya es tradici\u00f3n, todos los recorridos de los diferentes barrios visitan a la autoridad municipal, actualmente encabezada por el C.P. Ernesto Vargas L\u00f3pez, quien junto con su cabildo los recibe con respeto y calidez.<\/p>\n\n\n\n<p>Durante este encuentro, se intercambian \u201ccari\u00f1itos\u201d, conviven, toman y bailan en un ambiente festivo. Al regresar a sus respectivos atrios, los grupos son acompa\u00f1ados por una comitiva que representa a la autoridad municipal, con quienes comparten tejate, frijol con coloradito y pescado envuelto.<\/p>\n\n\n\n<p>Durante el resto de la Semana Mayor, las personas de la comunidad participan activamente en las actividades religiosas como la solemne procesi\u00f3n del Viernes Santo, de las Tres Cruces, obras teatrales en el atrio de la iglesia principal y misas, y el S\u00e1bado Santo con la encendida del Fuego Nuevo, donde nuevamente interviene el presidente municipal y su familia, culminando el Domingo de Resurrecci\u00f3n.<\/p>\n\n\n\n<p>La celebraci\u00f3n llega a su fin el Domingo de Resurrecci\u00f3n, d\u00eda en el que la comunidad se re\u00fane con renovada esperanza para compartir momentos de alegr\u00eda, fe y tradici\u00f3n. Es el cierre de una semana llena de actividades que fortalecen la identidad zapoteca y reafirman los lazos de hermandad entre barrios, familias y generaciones. As\u00ed, Zaachila honra su historia y su cultura, celebrando con orgullo una de las festividades m\u00e1s significativas del a\u00f1o.<\/p>\n","protected":false},"excerpt":{"rendered":"<p>El municipio de la Villa de Zaachila se viste de fiesta. La Semana Santa inicia&#8230;<\/p>\n","protected":false},"author":4,"featured_media":39937,"comment_status":"","ping_status":"open","sticky":false,"template":"","format":"standard","meta":{"footnotes":""},"categories":[9],"tags":[],"jetpack_sharing_enabled":true,"featured_image_urls":{"full":["https:\/\/contextoanalisisperiodistico.com\/wp-content\/uploads\/2025\/04\/IMG-20250413-WA0091.jpg",1600,1066,false],"thumbnail":["https:\/\/contextoanalisisperiodistico.com\/wp-content\/uploads\/2025\/04\/IMG-20250413-WA0091-150x150.jpg",150,150,true],"medium":["https:\/\/contextoanalisisperiodistico.com\/wp-content\/uploads\/2025\/04\/IMG-20250413-WA0091-300x200.jpg",300,200,true],"medium_large":["https:\/\/contextoanalisisperiodistico.com\/wp-content\/uploads\/2025\/04\/IMG-20250413-WA0091-768x512.jpg",640,427,true],"large":["https:\/\/contextoanalisisperiodistico.com\/wp-content\/uploads\/2025\/04\/IMG-20250413-WA0091-1024x682.jpg",640,426,true],"1536x1536":["https:\/\/contextoanalisisperiodistico.com\/wp-content\/uploads\/2025\/04\/IMG-20250413-WA0091-1536x1023.jpg",1536,1023,true],"2048x2048":["https:\/\/contextoanalisisperiodistico.com\/wp-content\/uploads\/2025\/04\/IMG-20250413-WA0091.jpg",1600,1066,false],"covernews-slider-full":["https:\/\/contextoanalisisperiodistico.com\/wp-content\/uploads\/2025\/04\/IMG-20250413-WA0091-1115x715.jpg",1115,715,true],"covernews-slider-center":["https:\/\/contextoanalisisperiodistico.com\/wp-content\/uploads\/2025\/04\/IMG-20250413-WA0091-800x500.jpg",800,500,true],"covernews-featured":["https:\/\/contextoanalisisperiodistico.com\/wp-content\/uploads\/2025\/04\/IMG-20250413-WA0091-1024x682.jpg",1024,682,true],"covernews-medium":["https:\/\/contextoanalisisperiodistico.com\/wp-content\/uploads\/2025\/04\/IMG-20250413-WA0091-540x340.jpg",540,340,true],"covernews-medium-square":["https:\/\/contextoanalisisperiodistico.com\/wp-content\/uploads\/2025\/04\/IMG-20250413-WA0091-400x250.jpg",400,250,true]},"author_info":{"display_name":"Mario Gir\u00f3n","author_link":"https:\/\/contextoanalisisperiodistico.com\/index.php\/author\/director\/"},"category_info":"<a href=\"https:\/\/contextoanalisisperiodistico.com\/index.php\/category\/politica\/\" rel=\"category tag\">Pol\u00edtica<\/a>","tag_info":"Pol\u00edtica","comment_count":"0","jetpack_featured_media_url":"https:\/\/contextoanalisisperiodistico.com\/wp-content\/uploads\/2025\/04\/IMG-20250413-WA0091.jpg","_links":{"self":[{"href":"https:\/\/contextoanalisisperiodistico.com\/index.php\/wp-json\/wp\/v2\/posts\/39948"}],"collection":[{"href":"https:\/\/contextoanalisisperiodistico.com\/index.php\/wp-json\/wp\/v2\/posts"}],"about":[{"href":"https:\/\/contextoanalisisperiodistico.com\/index.php\/wp-json\/wp\/v2\/types\/post"}],"author":[{"embeddable":true,"href":"https:\/\/contextoanalisisperiodistico.com\/index.php\/wp-json\/wp\/v2\/users\/4"}],"replies":[{"embeddable":true,"href":"https:\/\/contextoanalisisperiodistico.com\/index.php\/wp-json\/wp\/v2\/comments?post=39948"}],"version-history":[{"count":0,"href":"https:\/\/contextoanalisisperiodistico.com\/index.php\/wp-json\/wp\/v2\/posts\/39948\/revisions"}],"wp:featuredmedia":[{"embeddable":true,"href":"https:\/\/contextoanalisisperiodistico.com\/index.php\/wp-json\/wp\/v2\/media\/39937"}],"wp:attachment":[{"href":"https:\/\/contextoanalisisperiodistico.com\/index.php\/wp-json\/wp\/v2\/media?parent=39948"}],"wp:term":[{"taxonomy":"category","embeddable":true,"href":"https:\/\/contextoanalisisperiodistico.com\/index.php\/wp-json\/wp\/v2\/categories?post=39948"},{"taxonomy":"post_tag","embeddable":true,"href":"https:\/\/contextoanalisisperiodistico.com\/index.php\/wp-json\/wp\/v2\/tags?post=39948"}],"curies":[{"name":"wp","href":"https:\/\/api.w.org\/{rel}","templated":true}]}}