{"id":39933,"date":"2025-04-13T12:48:22","date_gmt":"2025-04-13T18:48:22","guid":{"rendered":"https:\/\/contextoanalisisperiodistico.com\/?p=39933"},"modified":"2025-04-13T12:51:44","modified_gmt":"2025-04-13T18:51:44","slug":"encabeza-ray-chagoya-tequio-vecinal-en-el-centro-historico","status":"publish","type":"post","link":"https:\/\/contextoanalisisperiodistico.com\/index.php\/2025\/04\/13\/encabeza-ray-chagoya-tequio-vecinal-en-el-centro-historico\/","title":{"rendered":"Encabeza Ray Chagoya Tequio vecinal en el Centro Hist\u00f3rico"},"content":{"rendered":"<div id=\"fb-root\"><\/div>\n\n<ul class=\"wp-block-list\">\n<li>Se intervinieron ocho cruceros viales con pintura peatonal<\/li>\n\n\n\n<li>En la capital, el tequio se consolida como una estrategia de trabajo en comunidad<\/li>\n<\/ul>\n\n\n\n<p>Oaxaca de Ju\u00e1rez, Oax.13 de abril de 2025.\u2013 En el marco del Tequio n\u00famero 43 de la presente administraci\u00f3n, el presidente municipal Ray Chagoya encabez\u00f3 una jornada de trabajo comunitario en el Centro Hist\u00f3rico de la ciudad, con la participaci\u00f3n de vecinos, funcionariado y personal operativo del Ayuntamiento.<\/p>\n\n\n\n<figure class=\"wp-block-image size-large\"><img fetchpriority=\"high\" decoding=\"async\" width=\"599\" height=\"1024\" src=\"https:\/\/contextoanalisisperiodistico.com\/wp-content\/uploads\/2025\/04\/img_20250413_1218497121310250386184438-599x1024.jpg\" alt=\"\" class=\"wp-image-39921\" srcset=\"https:\/\/contextoanalisisperiodistico.com\/wp-content\/uploads\/2025\/04\/img_20250413_1218497121310250386184438-599x1024.jpg 599w, https:\/\/contextoanalisisperiodistico.com\/wp-content\/uploads\/2025\/04\/img_20250413_1218497121310250386184438-175x300.jpg 175w, https:\/\/contextoanalisisperiodistico.com\/wp-content\/uploads\/2025\/04\/img_20250413_1218497121310250386184438.jpg 720w\" sizes=\"(max-width: 599px) 100vw, 599px\" \/><\/figure>\n\n\n\n<figure class=\"wp-block-image\"><img decoding=\"async\" width=\"1024\" height=\"577\" src=\"https:\/\/contextoanalisisperiodistico.com\/wp-content\/uploads\/2025\/04\/img-20250413-wa00525475834214326211390-1024x577.jpg\" alt=\"\" class=\"wp-image-39920\" srcset=\"https:\/\/contextoanalisisperiodistico.com\/wp-content\/uploads\/2025\/04\/img-20250413-wa00525475834214326211390-1024x577.jpg 1024w, https:\/\/contextoanalisisperiodistico.com\/wp-content\/uploads\/2025\/04\/img-20250413-wa00525475834214326211390-300x169.jpg 300w, https:\/\/contextoanalisisperiodistico.com\/wp-content\/uploads\/2025\/04\/img-20250413-wa00525475834214326211390-768x432.jpg 768w, https:\/\/contextoanalisisperiodistico.com\/wp-content\/uploads\/2025\/04\/img-20250413-wa00525475834214326211390-1536x865.jpg 1536w, https:\/\/contextoanalisisperiodistico.com\/wp-content\/uploads\/2025\/04\/img-20250413-wa00525475834214326211390.jpg 2000w\" sizes=\"(max-width: 1024px) 100vw, 1024px\" \/><\/figure>\n\n\n\n<figure class=\"wp-block-image\"><img decoding=\"async\" width=\"1024\" height=\"577\" src=\"https:\/\/contextoanalisisperiodistico.com\/wp-content\/uploads\/2025\/04\/img-20250413-wa00447459142657737454531-1024x577.jpg\" alt=\"\" class=\"wp-image-39922\" srcset=\"https:\/\/contextoanalisisperiodistico.com\/wp-content\/uploads\/2025\/04\/img-20250413-wa00447459142657737454531-1024x577.jpg 1024w, https:\/\/contextoanalisisperiodistico.com\/wp-content\/uploads\/2025\/04\/img-20250413-wa00447459142657737454531-300x169.jpg 300w, https:\/\/contextoanalisisperiodistico.com\/wp-content\/uploads\/2025\/04\/img-20250413-wa00447459142657737454531-768x432.jpg 768w, https:\/\/contextoanalisisperiodistico.com\/wp-content\/uploads\/2025\/04\/img-20250413-wa00447459142657737454531-1536x865.jpg 1536w, https:\/\/contextoanalisisperiodistico.com\/wp-content\/uploads\/2025\/04\/img-20250413-wa00447459142657737454531.jpg 2000w\" sizes=\"(max-width: 1024px) 100vw, 1024px\" \/><\/figure>\n\n\n\n<figure class=\"wp-block-image\"><img loading=\"lazy\" decoding=\"async\" width=\"1024\" height=\"768\" src=\"https:\/\/contextoanalisisperiodistico.com\/wp-content\/uploads\/2025\/04\/img-20250413-wa0050983051753008130432-1024x768.jpg\" alt=\"\" class=\"wp-image-39923\" srcset=\"https:\/\/contextoanalisisperiodistico.com\/wp-content\/uploads\/2025\/04\/img-20250413-wa0050983051753008130432-1024x768.jpg 1024w, https:\/\/contextoanalisisperiodistico.com\/wp-content\/uploads\/2025\/04\/img-20250413-wa0050983051753008130432-300x225.jpg 300w, https:\/\/contextoanalisisperiodistico.com\/wp-content\/uploads\/2025\/04\/img-20250413-wa0050983051753008130432-768x576.jpg 768w, https:\/\/contextoanalisisperiodistico.com\/wp-content\/uploads\/2025\/04\/img-20250413-wa0050983051753008130432-1536x1152.jpg 1536w, https:\/\/contextoanalisisperiodistico.com\/wp-content\/uploads\/2025\/04\/img-20250413-wa0050983051753008130432.jpg 2000w\" sizes=\"(max-width: 1024px) 100vw, 1024px\" \/><\/figure>\n\n\n\n<figure class=\"wp-block-image\"><img loading=\"lazy\" decoding=\"async\" width=\"1024\" height=\"768\" src=\"https:\/\/contextoanalisisperiodistico.com\/wp-content\/uploads\/2025\/04\/img-20250413-wa00515084915507284715996-1024x768.jpg\" alt=\"\" class=\"wp-image-39924\" srcset=\"https:\/\/contextoanalisisperiodistico.com\/wp-content\/uploads\/2025\/04\/img-20250413-wa00515084915507284715996-1024x768.jpg 1024w, https:\/\/contextoanalisisperiodistico.com\/wp-content\/uploads\/2025\/04\/img-20250413-wa00515084915507284715996-300x225.jpg 300w, https:\/\/contextoanalisisperiodistico.com\/wp-content\/uploads\/2025\/04\/img-20250413-wa00515084915507284715996-768x576.jpg 768w, https:\/\/contextoanalisisperiodistico.com\/wp-content\/uploads\/2025\/04\/img-20250413-wa00515084915507284715996-1536x1152.jpg 1536w, https:\/\/contextoanalisisperiodistico.com\/wp-content\/uploads\/2025\/04\/img-20250413-wa00515084915507284715996.jpg 2000w\" sizes=\"(max-width: 1024px) 100vw, 1024px\" \/><\/figure>\n\n\n\n<figure class=\"wp-block-image\"><img loading=\"lazy\" decoding=\"async\" width=\"1024\" height=\"577\" src=\"https:\/\/contextoanalisisperiodistico.com\/wp-content\/uploads\/2025\/04\/img-20250413-wa00542489487746092595014-1024x577.jpg\" alt=\"\" class=\"wp-image-39925\" srcset=\"https:\/\/contextoanalisisperiodistico.com\/wp-content\/uploads\/2025\/04\/img-20250413-wa00542489487746092595014-1024x577.jpg 1024w, https:\/\/contextoanalisisperiodistico.com\/wp-content\/uploads\/2025\/04\/img-20250413-wa00542489487746092595014-300x169.jpg 300w, https:\/\/contextoanalisisperiodistico.com\/wp-content\/uploads\/2025\/04\/img-20250413-wa00542489487746092595014-768x432.jpg 768w, https:\/\/contextoanalisisperiodistico.com\/wp-content\/uploads\/2025\/04\/img-20250413-wa00542489487746092595014-1536x865.jpg 1536w, https:\/\/contextoanalisisperiodistico.com\/wp-content\/uploads\/2025\/04\/img-20250413-wa00542489487746092595014.jpg 2000w\" sizes=\"(max-width: 1024px) 100vw, 1024px\" \/><\/figure>\n\n\n\n<figure class=\"wp-block-image\"><img loading=\"lazy\" decoding=\"async\" width=\"1024\" height=\"768\" src=\"https:\/\/contextoanalisisperiodistico.com\/wp-content\/uploads\/2025\/04\/img-20250413-wa00565179768297478503081-1024x768.jpg\" alt=\"\" class=\"wp-image-39926\" srcset=\"https:\/\/contextoanalisisperiodistico.com\/wp-content\/uploads\/2025\/04\/img-20250413-wa00565179768297478503081-1024x768.jpg 1024w, https:\/\/contextoanalisisperiodistico.com\/wp-content\/uploads\/2025\/04\/img-20250413-wa00565179768297478503081-300x225.jpg 300w, https:\/\/contextoanalisisperiodistico.com\/wp-content\/uploads\/2025\/04\/img-20250413-wa00565179768297478503081-768x576.jpg 768w, https:\/\/contextoanalisisperiodistico.com\/wp-content\/uploads\/2025\/04\/img-20250413-wa00565179768297478503081-1536x1152.jpg 1536w, https:\/\/contextoanalisisperiodistico.com\/wp-content\/uploads\/2025\/04\/img-20250413-wa00565179768297478503081.jpg 2000w\" sizes=\"(max-width: 1024px) 100vw, 1024px\" \/><\/figure>\n\n\n\n<figure class=\"wp-block-image\"><img loading=\"lazy\" decoding=\"async\" width=\"1024\" height=\"768\" src=\"https:\/\/contextoanalisisperiodistico.com\/wp-content\/uploads\/2025\/04\/img-20250413-wa00552266295155338625323-1024x768.jpg\" alt=\"\" class=\"wp-image-39927\" srcset=\"https:\/\/contextoanalisisperiodistico.com\/wp-content\/uploads\/2025\/04\/img-20250413-wa00552266295155338625323-1024x768.jpg 1024w, https:\/\/contextoanalisisperiodistico.com\/wp-content\/uploads\/2025\/04\/img-20250413-wa00552266295155338625323-300x225.jpg 300w, https:\/\/contextoanalisisperiodistico.com\/wp-content\/uploads\/2025\/04\/img-20250413-wa00552266295155338625323-768x576.jpg 768w, https:\/\/contextoanalisisperiodistico.com\/wp-content\/uploads\/2025\/04\/img-20250413-wa00552266295155338625323-1536x1152.jpg 1536w, https:\/\/contextoanalisisperiodistico.com\/wp-content\/uploads\/2025\/04\/img-20250413-wa00552266295155338625323.jpg 2000w\" sizes=\"(max-width: 1024px) 100vw, 1024px\" \/><\/figure>\n\n\n\n<figure class=\"wp-block-image\"><img loading=\"lazy\" decoding=\"async\" width=\"1024\" height=\"577\" src=\"https:\/\/contextoanalisisperiodistico.com\/wp-content\/uploads\/2025\/04\/img-20250413-wa00481634137021859219369-1024x577.jpg\" alt=\"\" class=\"wp-image-39928\" srcset=\"https:\/\/contextoanalisisperiodistico.com\/wp-content\/uploads\/2025\/04\/img-20250413-wa00481634137021859219369-1024x577.jpg 1024w, https:\/\/contextoanalisisperiodistico.com\/wp-content\/uploads\/2025\/04\/img-20250413-wa00481634137021859219369-300x169.jpg 300w, https:\/\/contextoanalisisperiodistico.com\/wp-content\/uploads\/2025\/04\/img-20250413-wa00481634137021859219369-768x432.jpg 768w, https:\/\/contextoanalisisperiodistico.com\/wp-content\/uploads\/2025\/04\/img-20250413-wa00481634137021859219369-1536x865.jpg 1536w, https:\/\/contextoanalisisperiodistico.com\/wp-content\/uploads\/2025\/04\/img-20250413-wa00481634137021859219369.jpg 2000w\" sizes=\"(max-width: 1024px) 100vw, 1024px\" \/><\/figure>\n\n\n\n<figure class=\"wp-block-image\"><img loading=\"lazy\" decoding=\"async\" width=\"1024\" height=\"576\" src=\"https:\/\/contextoanalisisperiodistico.com\/wp-content\/uploads\/2025\/04\/img-20250413-wa004625134309965952410-1024x576.jpg\" alt=\"\" class=\"wp-image-39929\" srcset=\"https:\/\/contextoanalisisperiodistico.com\/wp-content\/uploads\/2025\/04\/img-20250413-wa004625134309965952410-1024x576.jpg 1024w, https:\/\/contextoanalisisperiodistico.com\/wp-content\/uploads\/2025\/04\/img-20250413-wa004625134309965952410-300x169.jpg 300w, https:\/\/contextoanalisisperiodistico.com\/wp-content\/uploads\/2025\/04\/img-20250413-wa004625134309965952410-768x432.jpg 768w, https:\/\/contextoanalisisperiodistico.com\/wp-content\/uploads\/2025\/04\/img-20250413-wa004625134309965952410-1536x864.jpg 1536w, https:\/\/contextoanalisisperiodistico.com\/wp-content\/uploads\/2025\/04\/img-20250413-wa004625134309965952410.jpg 2000w\" sizes=\"(max-width: 1024px) 100vw, 1024px\" \/><\/figure>\n\n\n\n<figure class=\"wp-block-image\"><img loading=\"lazy\" decoding=\"async\" width=\"1024\" height=\"576\" src=\"https:\/\/contextoanalisisperiodistico.com\/wp-content\/uploads\/2025\/04\/img-20250413-wa00473741286195632675100-1024x576.jpg\" alt=\"\" class=\"wp-image-39930\" srcset=\"https:\/\/contextoanalisisperiodistico.com\/wp-content\/uploads\/2025\/04\/img-20250413-wa00473741286195632675100-1024x576.jpg 1024w, https:\/\/contextoanalisisperiodistico.com\/wp-content\/uploads\/2025\/04\/img-20250413-wa00473741286195632675100-300x169.jpg 300w, https:\/\/contextoanalisisperiodistico.com\/wp-content\/uploads\/2025\/04\/img-20250413-wa00473741286195632675100-768x432.jpg 768w, https:\/\/contextoanalisisperiodistico.com\/wp-content\/uploads\/2025\/04\/img-20250413-wa00473741286195632675100-1536x864.jpg 1536w, https:\/\/contextoanalisisperiodistico.com\/wp-content\/uploads\/2025\/04\/img-20250413-wa00473741286195632675100.jpg 2000w\" sizes=\"(max-width: 1024px) 100vw, 1024px\" \/><\/figure>\n\n\n\n<figure class=\"wp-block-image\"><img loading=\"lazy\" decoding=\"async\" width=\"1024\" height=\"577\" src=\"https:\/\/contextoanalisisperiodistico.com\/wp-content\/uploads\/2025\/04\/img-20250413-wa0043652801752085911628-1024x577.jpg\" alt=\"\" class=\"wp-image-39931\" srcset=\"https:\/\/contextoanalisisperiodistico.com\/wp-content\/uploads\/2025\/04\/img-20250413-wa0043652801752085911628-1024x577.jpg 1024w, https:\/\/contextoanalisisperiodistico.com\/wp-content\/uploads\/2025\/04\/img-20250413-wa0043652801752085911628-300x169.jpg 300w, https:\/\/contextoanalisisperiodistico.com\/wp-content\/uploads\/2025\/04\/img-20250413-wa0043652801752085911628-768x432.jpg 768w, https:\/\/contextoanalisisperiodistico.com\/wp-content\/uploads\/2025\/04\/img-20250413-wa0043652801752085911628-1536x865.jpg 1536w, https:\/\/contextoanalisisperiodistico.com\/wp-content\/uploads\/2025\/04\/img-20250413-wa0043652801752085911628.jpg 2000w\" sizes=\"(max-width: 1024px) 100vw, 1024px\" \/><\/figure>\n\n\n\n<figure class=\"wp-block-image\"><img loading=\"lazy\" decoding=\"async\" width=\"1024\" height=\"577\" src=\"https:\/\/contextoanalisisperiodistico.com\/wp-content\/uploads\/2025\/04\/img-20250413-wa00531619345359316260279-1024x577.jpg\" alt=\"\" class=\"wp-image-39932\" srcset=\"https:\/\/contextoanalisisperiodistico.com\/wp-content\/uploads\/2025\/04\/img-20250413-wa00531619345359316260279-1024x577.jpg 1024w, https:\/\/contextoanalisisperiodistico.com\/wp-content\/uploads\/2025\/04\/img-20250413-wa00531619345359316260279-300x169.jpg 300w, https:\/\/contextoanalisisperiodistico.com\/wp-content\/uploads\/2025\/04\/img-20250413-wa00531619345359316260279-768x432.jpg 768w, https:\/\/contextoanalisisperiodistico.com\/wp-content\/uploads\/2025\/04\/img-20250413-wa00531619345359316260279-1536x865.jpg 1536w, https:\/\/contextoanalisisperiodistico.com\/wp-content\/uploads\/2025\/04\/img-20250413-wa00531619345359316260279.jpg 2000w\" sizes=\"(max-width: 1024px) 100vw, 1024px\" \/><\/figure>\n\n\n\n<p>El Tequio vecinal se llev\u00f3 a cabo en calles emblem\u00e1ticas como Macedonio Alcal\u00e1, Garc\u00eda Vigil, Morelos, Abasolo, Matamoros y sus entronques, donde se intervinieron un total de ocho cruceros viales con pintura para paso peatonal, con el objetivo de mejorar la seguridad y movilidad en esta importante zona.<\/p>\n\n\n\n<p>Estas acciones se realizaron de manera estrat\u00e9gica previo al inicio de la temporada vacacional de Semana Santa, con el fin de ofrecer un entorno limpio, ordenado y seguro tanto para las y los oaxaque\u00f1os como para visitantes nacionales e internacionales.<\/p>\n\n\n\n<p>El presidente Ray Chagoya agradeci\u00f3 la participaci\u00f3n ciudadana en este esfuerzo conjunto, y reiter\u00f3 que el Tequio se ha consolidado como una herramienta de transformaci\u00f3n social y urbana, que fortalece la identidad comunitaria y el sentido de pertenencia en Oaxaca de Ju\u00e1rez.<\/p>\n","protected":false},"excerpt":{"rendered":"<p>Oaxaca de Ju\u00e1rez, Oax.13 de abril de 2025.\u2013 En el marco del Tequio n\u00famero 43&#8230;<\/p>\n","protected":false},"author":4,"featured_media":39936,"comment_status":"closed","ping_status":"open","sticky":false,"template":"","format":"standard","meta":{"footnotes":""},"categories":[9],"tags":[178,235,234,45],"jetpack_sharing_enabled":true,"featured_image_urls":{"full":["https:\/\/contextoanalisisperiodistico.com\/wp-content\/uploads\/2025\/04\/IMG-20250413-WA0054-scaled.jpg",2560,1441,false],"thumbnail":["https:\/\/contextoanalisisperiodistico.com\/wp-content\/uploads\/2025\/04\/IMG-20250413-WA0054-150x150.jpg",150,150,true],"medium":["https:\/\/contextoanalisisperiodistico.com\/wp-content\/uploads\/2025\/04\/IMG-20250413-WA0054-300x169.jpg",300,169,true],"medium_large":["https:\/\/contextoanalisisperiodistico.com\/wp-content\/uploads\/2025\/04\/IMG-20250413-WA0054-768x432.jpg",640,360,true],"large":["https:\/\/contextoanalisisperiodistico.com\/wp-content\/uploads\/2025\/04\/IMG-20250413-WA0054-1024x576.jpg",640,360,true],"1536x1536":["https:\/\/contextoanalisisperiodistico.com\/wp-content\/uploads\/2025\/04\/IMG-20250413-WA0054-1536x864.jpg",1536,864,true],"2048x2048":["https:\/\/contextoanalisisperiodistico.com\/wp-content\/uploads\/2025\/04\/IMG-20250413-WA0054-2048x1152.jpg",2048,1152,true],"covernews-slider-full":["https:\/\/contextoanalisisperiodistico.com\/wp-content\/uploads\/2025\/04\/IMG-20250413-WA0054-1115x715.jpg",1115,715,true],"covernews-slider-center":["https:\/\/contextoanalisisperiodistico.com\/wp-content\/uploads\/2025\/04\/IMG-20250413-WA0054-800x500.jpg",800,500,true],"covernews-featured":["https:\/\/contextoanalisisperiodistico.com\/wp-content\/uploads\/2025\/04\/IMG-20250413-WA0054-1024x576.jpg",1024,576,true],"covernews-medium":["https:\/\/contextoanalisisperiodistico.com\/wp-content\/uploads\/2025\/04\/IMG-20250413-WA0054-540x340.jpg",540,340,true],"covernews-medium-square":["https:\/\/contextoanalisisperiodistico.com\/wp-content\/uploads\/2025\/04\/IMG-20250413-WA0054-400x250.jpg",400,250,true]},"author_info":{"display_name":"Mario Gir\u00f3n","author_link":"https:\/\/contextoanalisisperiodistico.com\/index.php\/author\/director\/"},"category_info":"<a href=\"https:\/\/contextoanalisisperiodistico.com\/index.php\/category\/politica\/\" rel=\"category tag\">Pol\u00edtica<\/a>","tag_info":"Pol\u00edtica","comment_count":"0","jetpack_featured_media_url":"https:\/\/contextoanalisisperiodistico.com\/wp-content\/uploads\/2025\/04\/IMG-20250413-WA0054-scaled.jpg","_links":{"self":[{"href":"https:\/\/contextoanalisisperiodistico.com\/index.php\/wp-json\/wp\/v2\/posts\/39933"}],"collection":[{"href":"https:\/\/contextoanalisisperiodistico.com\/index.php\/wp-json\/wp\/v2\/posts"}],"about":[{"href":"https:\/\/contextoanalisisperiodistico.com\/index.php\/wp-json\/wp\/v2\/types\/post"}],"author":[{"embeddable":true,"href":"https:\/\/contextoanalisisperiodistico.com\/index.php\/wp-json\/wp\/v2\/users\/4"}],"replies":[{"embeddable":true,"href":"https:\/\/contextoanalisisperiodistico.com\/index.php\/wp-json\/wp\/v2\/comments?post=39933"}],"version-history":[{"count":1,"href":"https:\/\/contextoanalisisperiodistico.com\/index.php\/wp-json\/wp\/v2\/posts\/39933\/revisions"}],"predecessor-version":[{"id":39935,"href":"https:\/\/contextoanalisisperiodistico.com\/index.php\/wp-json\/wp\/v2\/posts\/39933\/revisions\/39935"}],"wp:featuredmedia":[{"embeddable":true,"href":"https:\/\/contextoanalisisperiodistico.com\/index.php\/wp-json\/wp\/v2\/media\/39936"}],"wp:attachment":[{"href":"https:\/\/contextoanalisisperiodistico.com\/index.php\/wp-json\/wp\/v2\/media?parent=39933"}],"wp:term":[{"taxonomy":"category","embeddable":true,"href":"https:\/\/contextoanalisisperiodistico.com\/index.php\/wp-json\/wp\/v2\/categories?post=39933"},{"taxonomy":"post_tag","embeddable":true,"href":"https:\/\/contextoanalisisperiodistico.com\/index.php\/wp-json\/wp\/v2\/tags?post=39933"}],"curies":[{"name":"wp","href":"https:\/\/api.w.org\/{rel}","templated":true}]}}