{"id":39893,"date":"2025-04-12T21:40:00","date_gmt":"2025-04-13T03:40:00","guid":{"rendered":"https:\/\/contextoanalisisperiodistico.com\/index.php\/2025\/04\/12\/mantienen-imss-bienestar-y-sso-vigilancia-de-necesidades-en-salud-por-incendio\/"},"modified":"2025-04-12T21:40:00","modified_gmt":"2025-04-13T03:40:00","slug":"mantienen-imss-bienestar-y-sso-vigilancia-de-necesidades-en-salud-por-incendio","status":"publish","type":"post","link":"https:\/\/contextoanalisisperiodistico.com\/index.php\/2025\/04\/12\/mantienen-imss-bienestar-y-sso-vigilancia-de-necesidades-en-salud-por-incendio\/","title":{"rendered":"Mantienen IMSS-BIENESTAR y SSO vigilancia de necesidades en salud por incendio"},"content":{"rendered":"<div id=\"fb-root\"><\/div>\n\n<p>\u2022 No hay registro de alguna solicitud de atenci\u00f3n m\u00e9dica, hasta este momento, por intoxicaci\u00f3n por humo o lesiones<\/p>\n\n\n\n<p>Oaxaca de Ju\u00e1rez, Oax. 12 de abril de 2025.- Ante el incendio forestal que inici\u00f3 en Santo Domingo Tomaltepec, el IMSS-BIENESTAR mantiene disponibles los Centros de Salud del Fraccionamiento El Retiro y de Santo Domingo Tomaltepec, as\u00ed como el Centro de Salud con Servicios Ampliados (CESSA) de Tlalixtac de Cabrera, para atender cualquier incidente causado por el siniestro.<\/p>\n\n\n\n<p>En coordinaci\u00f3n con Servicios de Salud de Oaxaca (SSO) se realiza el monitoreo y vigilancia permanente para brindar la atenci\u00f3n que se requiera; sin que hasta el momento se tenga registro de personas intoxicadas por el humo ni da\u00f1os a la salud de la poblaci\u00f3n.<\/p>\n\n\n\n<p>Con ello se refuerzan las acciones de la autoridad municipal de Santo Domingo Tomaltepec que habilit\u00f3 un refugio como albergue, el cual se encuentra ubicado en la sala de usos m\u00faltiples de la localidad.<\/p>\n\n\n\n<p>El Gobierno del Estado exhorta a la poblaci\u00f3n acudir a los servicios de salud en caso de presentar afectaciones por la inhalaci\u00f3n del humo, as\u00ed como a mantenerse a salvo y seguir las recomendaciones de las autoridades correspondientes.<\/p>\n\n\n\n<p>.<br \/>-0-<\/p>\n","protected":false},"excerpt":{"rendered":"<p>\u2022 No hay registro de alguna solicitud de atenci\u00f3n m\u00e9dica, hasta este momento, por intoxicaci\u00f3n&#8230;<\/p>\n","protected":false},"author":4,"featured_media":39892,"comment_status":"","ping_status":"open","sticky":false,"template":"","format":"standard","meta":{"footnotes":""},"categories":[92],"tags":[],"jetpack_sharing_enabled":true,"featured_image_urls":{"full":["https:\/\/contextoanalisisperiodistico.com\/wp-content\/uploads\/2025\/04\/IMG-20250403-WA0177.jpg",1080,1009,false],"thumbnail":["https:\/\/contextoanalisisperiodistico.com\/wp-content\/uploads\/2025\/04\/IMG-20250403-WA0177-150x150.jpg",150,150,true],"medium":["https:\/\/contextoanalisisperiodistico.com\/wp-content\/uploads\/2025\/04\/IMG-20250403-WA0177-300x280.jpg",300,280,true],"medium_large":["https:\/\/contextoanalisisperiodistico.com\/wp-content\/uploads\/2025\/04\/IMG-20250403-WA0177-768x718.jpg",640,598,true],"large":["https:\/\/contextoanalisisperiodistico.com\/wp-content\/uploads\/2025\/04\/IMG-20250403-WA0177-1024x957.jpg",640,598,true],"1536x1536":["https:\/\/contextoanalisisperiodistico.com\/wp-content\/uploads\/2025\/04\/IMG-20250403-WA0177.jpg",1080,1009,false],"2048x2048":["https:\/\/contextoanalisisperiodistico.com\/wp-content\/uploads\/2025\/04\/IMG-20250403-WA0177.jpg",1080,1009,false],"covernews-slider-full":["https:\/\/contextoanalisisperiodistico.com\/wp-content\/uploads\/2025\/04\/IMG-20250403-WA0177-1080x715.jpg",1080,715,true],"covernews-slider-center":["https:\/\/contextoanalisisperiodistico.com\/wp-content\/uploads\/2025\/04\/IMG-20250403-WA0177-800x500.jpg",800,500,true],"covernews-featured":["https:\/\/contextoanalisisperiodistico.com\/wp-content\/uploads\/2025\/04\/IMG-20250403-WA0177-1024x957.jpg",1024,957,true],"covernews-medium":["https:\/\/contextoanalisisperiodistico.com\/wp-content\/uploads\/2025\/04\/IMG-20250403-WA0177-540x340.jpg",540,340,true],"covernews-medium-square":["https:\/\/contextoanalisisperiodistico.com\/wp-content\/uploads\/2025\/04\/IMG-20250403-WA0177-400x250.jpg",400,250,true]},"author_info":{"display_name":"Mario Gir\u00f3n","author_link":"https:\/\/contextoanalisisperiodistico.com\/index.php\/author\/director\/"},"category_info":"<a href=\"https:\/\/contextoanalisisperiodistico.com\/index.php\/category\/salud\/\" rel=\"category tag\">Salud<\/a>","tag_info":"Salud","comment_count":"0","jetpack_featured_media_url":"https:\/\/contextoanalisisperiodistico.com\/wp-content\/uploads\/2025\/04\/IMG-20250403-WA0177.jpg","_links":{"self":[{"href":"https:\/\/contextoanalisisperiodistico.com\/index.php\/wp-json\/wp\/v2\/posts\/39893"}],"collection":[{"href":"https:\/\/contextoanalisisperiodistico.com\/index.php\/wp-json\/wp\/v2\/posts"}],"about":[{"href":"https:\/\/contextoanalisisperiodistico.com\/index.php\/wp-json\/wp\/v2\/types\/post"}],"author":[{"embeddable":true,"href":"https:\/\/contextoanalisisperiodistico.com\/index.php\/wp-json\/wp\/v2\/users\/4"}],"replies":[{"embeddable":true,"href":"https:\/\/contextoanalisisperiodistico.com\/index.php\/wp-json\/wp\/v2\/comments?post=39893"}],"version-history":[{"count":0,"href":"https:\/\/contextoanalisisperiodistico.com\/index.php\/wp-json\/wp\/v2\/posts\/39893\/revisions"}],"wp:featuredmedia":[{"embeddable":true,"href":"https:\/\/contextoanalisisperiodistico.com\/index.php\/wp-json\/wp\/v2\/media\/39892"}],"wp:attachment":[{"href":"https:\/\/contextoanalisisperiodistico.com\/index.php\/wp-json\/wp\/v2\/media?parent=39893"}],"wp:term":[{"taxonomy":"category","embeddable":true,"href":"https:\/\/contextoanalisisperiodistico.com\/index.php\/wp-json\/wp\/v2\/categories?post=39893"},{"taxonomy":"post_tag","embeddable":true,"href":"https:\/\/contextoanalisisperiodistico.com\/index.php\/wp-json\/wp\/v2\/tags?post=39893"}],"curies":[{"name":"wp","href":"https:\/\/api.w.org\/{rel}","templated":true}]}}