{"id":39891,"date":"2025-04-12T20:14:54","date_gmt":"2025-04-13T02:14:54","guid":{"rendered":"https:\/\/contextoanalisisperiodistico.com\/index.php\/2025\/04\/12\/reforzo-gobierno-de-oaxaca-labores-de-combate-de-incendio-forestal-con-33-descargas-aereas\/"},"modified":"2025-04-12T20:14:54","modified_gmt":"2025-04-13T02:14:54","slug":"reforzo-gobierno-de-oaxaca-labores-de-combate-de-incendio-forestal-con-33-descargas-aereas","status":"publish","type":"post","link":"https:\/\/contextoanalisisperiodistico.com\/index.php\/2025\/04\/12\/reforzo-gobierno-de-oaxaca-labores-de-combate-de-incendio-forestal-con-33-descargas-aereas\/","title":{"rendered":"Reforz\u00f3 Gobierno de Oaxaca labores de combate de incendio forestal con 33 descargas a\u00e9reas"},"content":{"rendered":"<div id=\"fb-root\"><\/div>\n\n<p>\u2022 El helic\u00f3ptero tiene capacidad de trasladar mil 200 litros de agua<br \/>\u2022 En este momento se tiene un avance del 85 por ciento en el control de este siniestro y est\u00e1 sofocado en un 60 por ciento<\/p>\n\n\n\n<figure class=\"wp-block-image size-large\"><img fetchpriority=\"high\" decoding=\"async\" width=\"683\" height=\"1024\" src=\"https:\/\/contextoanalisisperiodistico.com\/wp-content\/uploads\/2025\/04\/img-20250412-wa02025421381414223871122-683x1024.jpg\" alt=\"\" class=\"wp-image-39887\" srcset=\"https:\/\/contextoanalisisperiodistico.com\/wp-content\/uploads\/2025\/04\/img-20250412-wa02025421381414223871122-683x1024.jpg 683w, https:\/\/contextoanalisisperiodistico.com\/wp-content\/uploads\/2025\/04\/img-20250412-wa02025421381414223871122-200x300.jpg 200w, https:\/\/contextoanalisisperiodistico.com\/wp-content\/uploads\/2025\/04\/img-20250412-wa02025421381414223871122-768x1151.jpg 768w, https:\/\/contextoanalisisperiodistico.com\/wp-content\/uploads\/2025\/04\/img-20250412-wa02025421381414223871122.jpg 854w\" sizes=\"(max-width: 683px) 100vw, 683px\" \/><\/figure>\n\n\n\n<figure class=\"wp-block-image\"><img decoding=\"async\" width=\"1024\" height=\"682\" src=\"https:\/\/contextoanalisisperiodistico.com\/wp-content\/uploads\/2025\/04\/img-20250412-wa02056724307200544553652-1024x682.jpg\" alt=\"\" class=\"wp-image-39889\" srcset=\"https:\/\/contextoanalisisperiodistico.com\/wp-content\/uploads\/2025\/04\/img-20250412-wa02056724307200544553652-1024x682.jpg 1024w, https:\/\/contextoanalisisperiodistico.com\/wp-content\/uploads\/2025\/04\/img-20250412-wa02056724307200544553652-300x200.jpg 300w, https:\/\/contextoanalisisperiodistico.com\/wp-content\/uploads\/2025\/04\/img-20250412-wa02056724307200544553652-768x512.jpg 768w, https:\/\/contextoanalisisperiodistico.com\/wp-content\/uploads\/2025\/04\/img-20250412-wa02056724307200544553652.jpg 1280w\" sizes=\"(max-width: 1024px) 100vw, 1024px\" \/><\/figure>\n\n\n\n<figure class=\"wp-block-image\"><img decoding=\"async\" width=\"682\" height=\"1024\" src=\"https:\/\/contextoanalisisperiodistico.com\/wp-content\/uploads\/2025\/04\/img-20250412-wa01653136333660897481380-682x1024.jpg\" alt=\"\" class=\"wp-image-39888\" srcset=\"https:\/\/contextoanalisisperiodistico.com\/wp-content\/uploads\/2025\/04\/img-20250412-wa01653136333660897481380-682x1024.jpg 682w, https:\/\/contextoanalisisperiodistico.com\/wp-content\/uploads\/2025\/04\/img-20250412-wa01653136333660897481380-200x300.jpg 200w, https:\/\/contextoanalisisperiodistico.com\/wp-content\/uploads\/2025\/04\/img-20250412-wa01653136333660897481380-768x1152.jpg 768w, https:\/\/contextoanalisisperiodistico.com\/wp-content\/uploads\/2025\/04\/img-20250412-wa01653136333660897481380.jpg 853w\" sizes=\"(max-width: 682px) 100vw, 682px\" \/><\/figure>\n\n\n\n<figure class=\"wp-block-image\"><img loading=\"lazy\" decoding=\"async\" width=\"1024\" height=\"683\" src=\"https:\/\/contextoanalisisperiodistico.com\/wp-content\/uploads\/2025\/04\/img-20250412-wa02043024141515512928510-1024x683.jpg\" alt=\"\" class=\"wp-image-39890\" srcset=\"https:\/\/contextoanalisisperiodistico.com\/wp-content\/uploads\/2025\/04\/img-20250412-wa02043024141515512928510-1024x683.jpg 1024w, https:\/\/contextoanalisisperiodistico.com\/wp-content\/uploads\/2025\/04\/img-20250412-wa02043024141515512928510-300x200.jpg 300w, https:\/\/contextoanalisisperiodistico.com\/wp-content\/uploads\/2025\/04\/img-20250412-wa02043024141515512928510-768x512.jpg 768w, https:\/\/contextoanalisisperiodistico.com\/wp-content\/uploads\/2025\/04\/img-20250412-wa02043024141515512928510.jpg 1280w\" sizes=\"(max-width: 1024px) 100vw, 1024px\" \/><\/figure>\n\n\n\n<p>Oaxaca de Ju\u00e1rez, Oax. 12 de abril de 2025.- El Gobierno de Oaxaca reforz\u00f3 este s\u00e1bado las labores de combate del incendio forestal, iniciado en Santo Domingo Tomaltepec, con la incorporaci\u00f3n del helic\u00f3ptero Bell UH-1H XA-UDZ, que realiz\u00f3 33 descargas de agua en los frentes activos.<\/p>\n\n\n\n<p>En esta jornada, la aeronave permiti\u00f3 sofocar el fuego de manera m\u00e1s r\u00e1pida en varias zonas.<\/p>\n\n\n\n<p>La Comisi\u00f3n Estatal Forestal (Coesfo) reporta que, en este momento, se tiene un avance del 85 por ciento en el control de este siniestro y del 60 por ciento en su liquidaci\u00f3n.<\/p>\n\n\n\n<p>Este helic\u00f3ptero proporcionado por la administraci\u00f3n del Gobernador Salom\u00f3n Jara, tiene un contenedor con capacidad para trasladar mil 200 litros de agua, adem\u00e1s de otro equipo empleado para la extinci\u00f3n de incendios.<\/p>\n\n\n\n<p>Estas acciones se suman a las tareas que en tierra, llevan a cabo m\u00e1s de 160 brigadistas de la Coesfo, Comisi\u00f3n Nacional Forestal (Conafor), Guardia Nacional, Ej\u00e9rcito Mexicano, as\u00ed como Delegados de Paz de la Secretar\u00eda de Gobierno, personas comuneras, voluntarias y autoridades municipales.<\/p>\n\n\n\n<p>Ante las condiciones climatol\u00f3gicas, este siniestro se extendi\u00f3 a las localidades de Santa Catalina de Siena y San Francisco Lachigol\u00f3. En todas se han realizado labores de combate por parte de brigadistas oficiales.<\/p>\n\n\n\n<p>La Primavera Oaxaque\u00f1a realiza acciones contundentes para atender este tipo de emergencias, procurando siempre la protecci\u00f3n de la poblaci\u00f3n y del personal que auxilia.<br \/>.<br \/>-0-<\/p>\n","protected":false},"excerpt":{"rendered":"<p>\u2022 El helic\u00f3ptero tiene capacidad de trasladar mil 200 litros de agua\u2022 En este momento&#8230;<\/p>\n","protected":false},"author":4,"featured_media":39886,"comment_status":"","ping_status":"open","sticky":false,"template":"","format":"standard","meta":{"footnotes":""},"categories":[9],"tags":[],"jetpack_sharing_enabled":true,"featured_image_urls":{"full":["https:\/\/contextoanalisisperiodistico.com\/wp-content\/uploads\/2025\/04\/IMG-20250412-WA0203.jpg",854,1280,false],"thumbnail":["https:\/\/contextoanalisisperiodistico.com\/wp-content\/uploads\/2025\/04\/IMG-20250412-WA0203-150x150.jpg",150,150,true],"medium":["https:\/\/contextoanalisisperiodistico.com\/wp-content\/uploads\/2025\/04\/IMG-20250412-WA0203-200x300.jpg",200,300,true],"medium_large":["https:\/\/contextoanalisisperiodistico.com\/wp-content\/uploads\/2025\/04\/IMG-20250412-WA0203-768x1151.jpg",640,959,true],"large":["https:\/\/contextoanalisisperiodistico.com\/wp-content\/uploads\/2025\/04\/IMG-20250412-WA0203-683x1024.jpg",640,960,true],"1536x1536":["https:\/\/contextoanalisisperiodistico.com\/wp-content\/uploads\/2025\/04\/IMG-20250412-WA0203.jpg",854,1280,false],"2048x2048":["https:\/\/contextoanalisisperiodistico.com\/wp-content\/uploads\/2025\/04\/IMG-20250412-WA0203.jpg",854,1280,false],"covernews-slider-full":["https:\/\/contextoanalisisperiodistico.com\/wp-content\/uploads\/2025\/04\/IMG-20250412-WA0203-854x715.jpg",854,715,true],"covernews-slider-center":["https:\/\/contextoanalisisperiodistico.com\/wp-content\/uploads\/2025\/04\/IMG-20250412-WA0203-800x500.jpg",800,500,true],"covernews-featured":["https:\/\/contextoanalisisperiodistico.com\/wp-content\/uploads\/2025\/04\/IMG-20250412-WA0203.jpg",854,1280,false],"covernews-medium":["https:\/\/contextoanalisisperiodistico.com\/wp-content\/uploads\/2025\/04\/IMG-20250412-WA0203-540x340.jpg",540,340,true],"covernews-medium-square":["https:\/\/contextoanalisisperiodistico.com\/wp-content\/uploads\/2025\/04\/IMG-20250412-WA0203-400x250.jpg",400,250,true]},"author_info":{"display_name":"Mario Gir\u00f3n","author_link":"https:\/\/contextoanalisisperiodistico.com\/index.php\/author\/director\/"},"category_info":"<a href=\"https:\/\/contextoanalisisperiodistico.com\/index.php\/category\/politica\/\" rel=\"category tag\">Pol\u00edtica<\/a>","tag_info":"Pol\u00edtica","comment_count":"0","jetpack_featured_media_url":"https:\/\/contextoanalisisperiodistico.com\/wp-content\/uploads\/2025\/04\/IMG-20250412-WA0203.jpg","_links":{"self":[{"href":"https:\/\/contextoanalisisperiodistico.com\/index.php\/wp-json\/wp\/v2\/posts\/39891"}],"collection":[{"href":"https:\/\/contextoanalisisperiodistico.com\/index.php\/wp-json\/wp\/v2\/posts"}],"about":[{"href":"https:\/\/contextoanalisisperiodistico.com\/index.php\/wp-json\/wp\/v2\/types\/post"}],"author":[{"embeddable":true,"href":"https:\/\/contextoanalisisperiodistico.com\/index.php\/wp-json\/wp\/v2\/users\/4"}],"replies":[{"embeddable":true,"href":"https:\/\/contextoanalisisperiodistico.com\/index.php\/wp-json\/wp\/v2\/comments?post=39891"}],"version-history":[{"count":0,"href":"https:\/\/contextoanalisisperiodistico.com\/index.php\/wp-json\/wp\/v2\/posts\/39891\/revisions"}],"wp:featuredmedia":[{"embeddable":true,"href":"https:\/\/contextoanalisisperiodistico.com\/index.php\/wp-json\/wp\/v2\/media\/39886"}],"wp:attachment":[{"href":"https:\/\/contextoanalisisperiodistico.com\/index.php\/wp-json\/wp\/v2\/media?parent=39891"}],"wp:term":[{"taxonomy":"category","embeddable":true,"href":"https:\/\/contextoanalisisperiodistico.com\/index.php\/wp-json\/wp\/v2\/categories?post=39891"},{"taxonomy":"post_tag","embeddable":true,"href":"https:\/\/contextoanalisisperiodistico.com\/index.php\/wp-json\/wp\/v2\/tags?post=39891"}],"curies":[{"name":"wp","href":"https:\/\/api.w.org\/{rel}","templated":true}]}}