{"id":39885,"date":"2025-04-12T15:21:51","date_gmt":"2025-04-12T21:21:51","guid":{"rendered":"https:\/\/contextoanalisisperiodistico.com\/index.php\/2025\/04\/12\/desmantela-policia-estatal-y-semar-centro-de-distribucion-de-drogas-en-santiago-etla\/"},"modified":"2025-04-12T15:21:51","modified_gmt":"2025-04-12T21:21:51","slug":"desmantela-policia-estatal-y-semar-centro-de-distribucion-de-drogas-en-santiago-etla","status":"publish","type":"post","link":"https:\/\/contextoanalisisperiodistico.com\/index.php\/2025\/04\/12\/desmantela-policia-estatal-y-semar-centro-de-distribucion-de-drogas-en-santiago-etla\/","title":{"rendered":"Desmantela Polic\u00eda Estatal y Semar centro de distribuci\u00f3n de drogas en Santiago Etla"},"content":{"rendered":"<div id=\"fb-root\"><\/div>\n\n<p>Para combatir el narcotr\u00e1fico y reducir los \u00edndices delictivos en el estado se aseguraron sustancias il\u00edcitas, cartuchos y cargadores de armas largas y cortas, entre otros materiales<\/p>\n\n\n\n<figure class=\"wp-block-image size-large\"><img fetchpriority=\"high\" decoding=\"async\" width=\"1024\" height=\"961\" src=\"https:\/\/contextoanalisisperiodistico.com\/wp-content\/uploads\/2025\/04\/img-20250412-wa01363945321797527588405-1024x961.jpg\" alt=\"\" class=\"wp-image-39884\" srcset=\"https:\/\/contextoanalisisperiodistico.com\/wp-content\/uploads\/2025\/04\/img-20250412-wa01363945321797527588405-1024x961.jpg 1024w, https:\/\/contextoanalisisperiodistico.com\/wp-content\/uploads\/2025\/04\/img-20250412-wa01363945321797527588405-300x282.jpg 300w, https:\/\/contextoanalisisperiodistico.com\/wp-content\/uploads\/2025\/04\/img-20250412-wa01363945321797527588405-768x721.jpg 768w, https:\/\/contextoanalisisperiodistico.com\/wp-content\/uploads\/2025\/04\/img-20250412-wa01363945321797527588405.jpg 1026w\" sizes=\"(max-width: 1024px) 100vw, 1024px\" \/><\/figure>\n\n\n\n<p>Oaxaca de Ju\u00e1rez, Oax. 12 de abril de 2025.- La Secretar\u00eda de Seguridad y Protecci\u00f3n Ciudadana (SSPC) informa que como resultado de labores de inteligencia y en coordinaci\u00f3n con la Secretar\u00eda de Marina (Semar), se logr\u00f3 la localizaci\u00f3n y desmantelamiento de un centro de distribuci\u00f3n de drogas sint\u00e9ticas en la agencia municipal de Santiago Etla, perteneciente a San Lorenzo Cacaotepec.<\/p>\n\n\n\n<p>Durante el operativo se aseguraron 1.5 kilogramos de coca\u00edna, 905 dosis de presunta droga conocida como cristal, as\u00ed como 205 gramos de estupefaciente con caracter\u00edsticas de hero\u00edna; adem\u00e1s de cargadores y cartuchos \u00fatiles para armas largas y cortas, b\u00e1sculas grameras, material para embalar y etiquetar dosis de sustancias il\u00edcitas, entre otros.<\/p>\n\n\n\n<p>Todo ello fue puesto a disposici\u00f3n de la Fiscal\u00eda General de la Rep\u00fablica (FGR) para la integraci\u00f3n de la carpeta de investigaci\u00f3n correspondiente.<\/p>\n\n\n\n<p>Este resultado es parte de la estrategia nacional para combatir el narcotr\u00e1fico y reducir los \u00edndices delictivos en el estado, fortaleciendo as\u00ed la seguridad y el bienestar de la ciudadan\u00eda, a trav\u00e9s del trabajo coordinado entre los tres niveles de gobierno para desarticular las redes delictivas que operan en el pa\u00eds.<\/p>\n\n\n\n<p>-0-<\/p>\n","protected":false},"excerpt":{"rendered":"<p>Para combatir el narcotr\u00e1fico y reducir los \u00edndices delictivos en el estado se aseguraron sustancias&#8230;<\/p>\n","protected":false},"author":4,"featured_media":39883,"comment_status":"","ping_status":"open","sticky":false,"template":"","format":"standard","meta":{"footnotes":""},"categories":[10],"tags":[],"jetpack_sharing_enabled":true,"featured_image_urls":{"full":["https:\/\/contextoanalisisperiodistico.com\/wp-content\/uploads\/2025\/04\/IMG-20250412-WA0135.jpg",840,485,false],"thumbnail":["https:\/\/contextoanalisisperiodistico.com\/wp-content\/uploads\/2025\/04\/IMG-20250412-WA0135-150x150.jpg",150,150,true],"medium":["https:\/\/contextoanalisisperiodistico.com\/wp-content\/uploads\/2025\/04\/IMG-20250412-WA0135-300x173.jpg",300,173,true],"medium_large":["https:\/\/contextoanalisisperiodistico.com\/wp-content\/uploads\/2025\/04\/IMG-20250412-WA0135-768x443.jpg",640,369,true],"large":["https:\/\/contextoanalisisperiodistico.com\/wp-content\/uploads\/2025\/04\/IMG-20250412-WA0135.jpg",640,370,false],"1536x1536":["https:\/\/contextoanalisisperiodistico.com\/wp-content\/uploads\/2025\/04\/IMG-20250412-WA0135.jpg",840,485,false],"2048x2048":["https:\/\/contextoanalisisperiodistico.com\/wp-content\/uploads\/2025\/04\/IMG-20250412-WA0135.jpg",840,485,false],"covernews-slider-full":["https:\/\/contextoanalisisperiodistico.com\/wp-content\/uploads\/2025\/04\/IMG-20250412-WA0135.jpg",840,485,false],"covernews-slider-center":["https:\/\/contextoanalisisperiodistico.com\/wp-content\/uploads\/2025\/04\/IMG-20250412-WA0135-800x485.jpg",800,485,true],"covernews-featured":["https:\/\/contextoanalisisperiodistico.com\/wp-content\/uploads\/2025\/04\/IMG-20250412-WA0135.jpg",840,485,false],"covernews-medium":["https:\/\/contextoanalisisperiodistico.com\/wp-content\/uploads\/2025\/04\/IMG-20250412-WA0135-540x340.jpg",540,340,true],"covernews-medium-square":["https:\/\/contextoanalisisperiodistico.com\/wp-content\/uploads\/2025\/04\/IMG-20250412-WA0135-400x250.jpg",400,250,true]},"author_info":{"display_name":"Mario Gir\u00f3n","author_link":"https:\/\/contextoanalisisperiodistico.com\/index.php\/author\/director\/"},"category_info":"<a href=\"https:\/\/contextoanalisisperiodistico.com\/index.php\/category\/seguridad\/\" rel=\"category tag\">Seguridad<\/a>","tag_info":"Seguridad","comment_count":"0","jetpack_featured_media_url":"https:\/\/contextoanalisisperiodistico.com\/wp-content\/uploads\/2025\/04\/IMG-20250412-WA0135.jpg","_links":{"self":[{"href":"https:\/\/contextoanalisisperiodistico.com\/index.php\/wp-json\/wp\/v2\/posts\/39885"}],"collection":[{"href":"https:\/\/contextoanalisisperiodistico.com\/index.php\/wp-json\/wp\/v2\/posts"}],"about":[{"href":"https:\/\/contextoanalisisperiodistico.com\/index.php\/wp-json\/wp\/v2\/types\/post"}],"author":[{"embeddable":true,"href":"https:\/\/contextoanalisisperiodistico.com\/index.php\/wp-json\/wp\/v2\/users\/4"}],"replies":[{"embeddable":true,"href":"https:\/\/contextoanalisisperiodistico.com\/index.php\/wp-json\/wp\/v2\/comments?post=39885"}],"version-history":[{"count":0,"href":"https:\/\/contextoanalisisperiodistico.com\/index.php\/wp-json\/wp\/v2\/posts\/39885\/revisions"}],"wp:featuredmedia":[{"embeddable":true,"href":"https:\/\/contextoanalisisperiodistico.com\/index.php\/wp-json\/wp\/v2\/media\/39883"}],"wp:attachment":[{"href":"https:\/\/contextoanalisisperiodistico.com\/index.php\/wp-json\/wp\/v2\/media?parent=39885"}],"wp:term":[{"taxonomy":"category","embeddable":true,"href":"https:\/\/contextoanalisisperiodistico.com\/index.php\/wp-json\/wp\/v2\/categories?post=39885"},{"taxonomy":"post_tag","embeddable":true,"href":"https:\/\/contextoanalisisperiodistico.com\/index.php\/wp-json\/wp\/v2\/tags?post=39885"}],"curies":[{"name":"wp","href":"https:\/\/api.w.org\/{rel}","templated":true}]}}