{"id":39848,"date":"2025-04-12T10:28:22","date_gmt":"2025-04-12T16:28:22","guid":{"rendered":"https:\/\/contextoanalisisperiodistico.com\/index.php\/2025\/04\/12\/mantienen-coesfo-instituciones-federales-y-pobladores-combate-sin-tregua-a-incendio-en-tomaltepec\/"},"modified":"2025-04-12T10:28:22","modified_gmt":"2025-04-12T16:28:22","slug":"mantienen-coesfo-instituciones-federales-y-pobladores-combate-sin-tregua-a-incendio-en-tomaltepec","status":"publish","type":"post","link":"https:\/\/contextoanalisisperiodistico.com\/index.php\/2025\/04\/12\/mantienen-coesfo-instituciones-federales-y-pobladores-combate-sin-tregua-a-incendio-en-tomaltepec\/","title":{"rendered":"Mantienen Coesfo, instituciones federales y pobladores, combate sin tregua a incendio en Tomaltepec"},"content":{"rendered":"<div id=\"fb-root\"><\/div>\n\n<p>\u2022Se estima, de manera preliminar, una afectaci\u00f3n a 500 hect\u00e1reas en cuatro localidades de Valles Centrales<\/p>\n\n\n\n<p>Oaxaca de Ju\u00e1rez, Oax. 12 de abril de 2025.- Luego de varias horas de combate ininterrumpido, la Comisi\u00f3n Estatal Forestal (Coesfo) report\u00f3 que el incendio en terrenos de Santo Domingo Tomaltepec, Santa Catalina de Siena, San Francisco Lachigol\u00f3 y Santiago Ixtaltepec, se encuentra controlado en un 75 por ciento.<\/p>\n\n\n\n<p>Detall\u00f3 que, respecto a la liquidaci\u00f3n del fuego, se presenta un avance del 60 por ciento.<\/p>\n\n\n\n<p>La dependencia estatal inform\u00f3 que, de manera preliminar, 500 hect\u00e1reas han sido afectadas por este siniestro.<\/p>\n\n\n\n<p>Expuso que se mantienen las labores de apertura de brecha y vigilancia de la l\u00ednea de control en los parajes Punto Trino y colindancias con Ixtaltepec y Tomaltepec, por parte del personal de la Coesfo, Comisi\u00f3n Nacional Forestal (Conafor), Secretar\u00eda de la Defensa Nacional (Defensa), personas comuneras y voluntarias.<\/p>\n\n\n\n<p>Los grupos de atenci\u00f3n en este incendio est\u00e1n compuestos, por parte de Conafor por: 27 elementos de la brigada 19; 10 de la Brigada de Protecci\u00f3n Forestal San Gabriel, t\u00e9cnicos y titulares, as\u00ed como, dos camiones con motobomba denominados UNIMOG.<\/p>\n\n\n\n<p>Por la Coesfo: 32 brigadistas de El Tequio, Huautla de Jim\u00e9nez, San Juan de los Cu\u00e9s, t\u00e9cnicos y titular. Adem\u00e1s, 70 elementos de la Guardia Nacional, 23 de Defensa; dos Delegados de Paz, personas comuneras y voluntarias de Santa Catalina de Sena.<\/p>\n\n\n\n<p>Destac\u00f3 la labor de 80 pobladores de diferentes localidades, que trabajaron la madrugada de este s\u00e1bado para sofocar el fuego.<br \/>-0-<\/p>\n\n\n\n<figure class=\"wp-block-image size-large\"><img fetchpriority=\"high\" decoding=\"async\" width=\"1024\" height=\"768\" src=\"https:\/\/contextoanalisisperiodistico.com\/wp-content\/uploads\/2025\/04\/img-20250412-wa00335936263527205799245-1024x768.jpg\" alt=\"\" class=\"wp-image-39845\" srcset=\"https:\/\/contextoanalisisperiodistico.com\/wp-content\/uploads\/2025\/04\/img-20250412-wa00335936263527205799245-1024x768.jpg 1024w, https:\/\/contextoanalisisperiodistico.com\/wp-content\/uploads\/2025\/04\/img-20250412-wa00335936263527205799245-300x225.jpg 300w, https:\/\/contextoanalisisperiodistico.com\/wp-content\/uploads\/2025\/04\/img-20250412-wa00335936263527205799245-768x576.jpg 768w, https:\/\/contextoanalisisperiodistico.com\/wp-content\/uploads\/2025\/04\/img-20250412-wa00335936263527205799245.jpg 1080w\" sizes=\"(max-width: 1024px) 100vw, 1024px\" \/><\/figure>\n\n\n\n<figure class=\"wp-block-image\"><img decoding=\"async\" width=\"1024\" height=\"768\" src=\"https:\/\/contextoanalisisperiodistico.com\/wp-content\/uploads\/2025\/04\/img-20250412-wa003429484903831069161-1024x768.jpg\" alt=\"\" class=\"wp-image-39847\" srcset=\"https:\/\/contextoanalisisperiodistico.com\/wp-content\/uploads\/2025\/04\/img-20250412-wa003429484903831069161-1024x768.jpg 1024w, https:\/\/contextoanalisisperiodistico.com\/wp-content\/uploads\/2025\/04\/img-20250412-wa003429484903831069161-300x225.jpg 300w, https:\/\/contextoanalisisperiodistico.com\/wp-content\/uploads\/2025\/04\/img-20250412-wa003429484903831069161-768x576.jpg 768w, https:\/\/contextoanalisisperiodistico.com\/wp-content\/uploads\/2025\/04\/img-20250412-wa003429484903831069161.jpg 1080w\" sizes=\"(max-width: 1024px) 100vw, 1024px\" \/><\/figure>\n\n\n\n<figure class=\"wp-block-image\"><img decoding=\"async\" width=\"461\" height=\"1024\" src=\"https:\/\/contextoanalisisperiodistico.com\/wp-content\/uploads\/2025\/04\/img-20250412-wa00461515845539625625668-461x1024.jpg\" alt=\"\" class=\"wp-image-39843\" srcset=\"https:\/\/contextoanalisisperiodistico.com\/wp-content\/uploads\/2025\/04\/img-20250412-wa00461515845539625625668-461x1024.jpg 461w, https:\/\/contextoanalisisperiodistico.com\/wp-content\/uploads\/2025\/04\/img-20250412-wa00461515845539625625668-135x300.jpg 135w, https:\/\/contextoanalisisperiodistico.com\/wp-content\/uploads\/2025\/04\/img-20250412-wa00461515845539625625668-691x1536.jpg 691w, https:\/\/contextoanalisisperiodistico.com\/wp-content\/uploads\/2025\/04\/img-20250412-wa00461515845539625625668.jpg 720w\" sizes=\"(max-width: 461px) 100vw, 461px\" \/><\/figure>\n\n\n\n<figure class=\"wp-block-image\"><img loading=\"lazy\" decoding=\"async\" width=\"460\" height=\"1024\" src=\"https:\/\/contextoanalisisperiodistico.com\/wp-content\/uploads\/2025\/04\/img-20250412-wa00487167445213418196707-460x1024.jpg\" alt=\"\" class=\"wp-image-39844\" srcset=\"https:\/\/contextoanalisisperiodistico.com\/wp-content\/uploads\/2025\/04\/img-20250412-wa00487167445213418196707-460x1024.jpg 460w, https:\/\/contextoanalisisperiodistico.com\/wp-content\/uploads\/2025\/04\/img-20250412-wa00487167445213418196707-135x300.jpg 135w, https:\/\/contextoanalisisperiodistico.com\/wp-content\/uploads\/2025\/04\/img-20250412-wa00487167445213418196707-690x1536.jpg 690w, https:\/\/contextoanalisisperiodistico.com\/wp-content\/uploads\/2025\/04\/img-20250412-wa00487167445213418196707.jpg 719w\" sizes=\"(max-width: 460px) 100vw, 460px\" \/><\/figure>\n\n\n\n<figure class=\"wp-block-image\"><img loading=\"lazy\" decoding=\"async\" width=\"1024\" height=\"768\" src=\"https:\/\/contextoanalisisperiodistico.com\/wp-content\/uploads\/2025\/04\/img-20250412-wa00476044115758909870622-1024x768.jpg\" alt=\"\" class=\"wp-image-39846\" srcset=\"https:\/\/contextoanalisisperiodistico.com\/wp-content\/uploads\/2025\/04\/img-20250412-wa00476044115758909870622-1024x768.jpg 1024w, https:\/\/contextoanalisisperiodistico.com\/wp-content\/uploads\/2025\/04\/img-20250412-wa00476044115758909870622-300x225.jpg 300w, https:\/\/contextoanalisisperiodistico.com\/wp-content\/uploads\/2025\/04\/img-20250412-wa00476044115758909870622-768x576.jpg 768w, https:\/\/contextoanalisisperiodistico.com\/wp-content\/uploads\/2025\/04\/img-20250412-wa00476044115758909870622.jpg 1280w\" sizes=\"(max-width: 1024px) 100vw, 1024px\" \/><\/figure>\n","protected":false},"excerpt":{"rendered":"<p>\u2022Se estima, de manera preliminar, una afectaci\u00f3n a 500 hect\u00e1reas en cuatro localidades de Valles&#8230;<\/p>\n","protected":false},"author":4,"featured_media":39842,"comment_status":"","ping_status":"open","sticky":false,"template":"","format":"standard","meta":{"footnotes":""},"categories":[9],"tags":[],"jetpack_sharing_enabled":true,"featured_image_urls":{"full":["https:\/\/contextoanalisisperiodistico.com\/wp-content\/uploads\/2025\/04\/IMG-20250412-WA0035.jpg",1080,810,false],"thumbnail":["https:\/\/contextoanalisisperiodistico.com\/wp-content\/uploads\/2025\/04\/IMG-20250412-WA0035-150x150.jpg",150,150,true],"medium":["https:\/\/contextoanalisisperiodistico.com\/wp-content\/uploads\/2025\/04\/IMG-20250412-WA0035-300x225.jpg",300,225,true],"medium_large":["https:\/\/contextoanalisisperiodistico.com\/wp-content\/uploads\/2025\/04\/IMG-20250412-WA0035-768x576.jpg",640,480,true],"large":["https:\/\/contextoanalisisperiodistico.com\/wp-content\/uploads\/2025\/04\/IMG-20250412-WA0035-1024x768.jpg",640,480,true],"1536x1536":["https:\/\/contextoanalisisperiodistico.com\/wp-content\/uploads\/2025\/04\/IMG-20250412-WA0035.jpg",1080,810,false],"2048x2048":["https:\/\/contextoanalisisperiodistico.com\/wp-content\/uploads\/2025\/04\/IMG-20250412-WA0035.jpg",1080,810,false],"covernews-slider-full":["https:\/\/contextoanalisisperiodistico.com\/wp-content\/uploads\/2025\/04\/IMG-20250412-WA0035-1080x715.jpg",1080,715,true],"covernews-slider-center":["https:\/\/contextoanalisisperiodistico.com\/wp-content\/uploads\/2025\/04\/IMG-20250412-WA0035-800x500.jpg",800,500,true],"covernews-featured":["https:\/\/contextoanalisisperiodistico.com\/wp-content\/uploads\/2025\/04\/IMG-20250412-WA0035-1024x768.jpg",1024,768,true],"covernews-medium":["https:\/\/contextoanalisisperiodistico.com\/wp-content\/uploads\/2025\/04\/IMG-20250412-WA0035-540x340.jpg",540,340,true],"covernews-medium-square":["https:\/\/contextoanalisisperiodistico.com\/wp-content\/uploads\/2025\/04\/IMG-20250412-WA0035-400x250.jpg",400,250,true]},"author_info":{"display_name":"Mario Gir\u00f3n","author_link":"https:\/\/contextoanalisisperiodistico.com\/index.php\/author\/director\/"},"category_info":"<a href=\"https:\/\/contextoanalisisperiodistico.com\/index.php\/category\/politica\/\" rel=\"category tag\">Pol\u00edtica<\/a>","tag_info":"Pol\u00edtica","comment_count":"0","jetpack_featured_media_url":"https:\/\/contextoanalisisperiodistico.com\/wp-content\/uploads\/2025\/04\/IMG-20250412-WA0035.jpg","_links":{"self":[{"href":"https:\/\/contextoanalisisperiodistico.com\/index.php\/wp-json\/wp\/v2\/posts\/39848"}],"collection":[{"href":"https:\/\/contextoanalisisperiodistico.com\/index.php\/wp-json\/wp\/v2\/posts"}],"about":[{"href":"https:\/\/contextoanalisisperiodistico.com\/index.php\/wp-json\/wp\/v2\/types\/post"}],"author":[{"embeddable":true,"href":"https:\/\/contextoanalisisperiodistico.com\/index.php\/wp-json\/wp\/v2\/users\/4"}],"replies":[{"embeddable":true,"href":"https:\/\/contextoanalisisperiodistico.com\/index.php\/wp-json\/wp\/v2\/comments?post=39848"}],"version-history":[{"count":0,"href":"https:\/\/contextoanalisisperiodistico.com\/index.php\/wp-json\/wp\/v2\/posts\/39848\/revisions"}],"wp:featuredmedia":[{"embeddable":true,"href":"https:\/\/contextoanalisisperiodistico.com\/index.php\/wp-json\/wp\/v2\/media\/39842"}],"wp:attachment":[{"href":"https:\/\/contextoanalisisperiodistico.com\/index.php\/wp-json\/wp\/v2\/media?parent=39848"}],"wp:term":[{"taxonomy":"category","embeddable":true,"href":"https:\/\/contextoanalisisperiodistico.com\/index.php\/wp-json\/wp\/v2\/categories?post=39848"},{"taxonomy":"post_tag","embeddable":true,"href":"https:\/\/contextoanalisisperiodistico.com\/index.php\/wp-json\/wp\/v2\/tags?post=39848"}],"curies":[{"name":"wp","href":"https:\/\/api.w.org\/{rel}","templated":true}]}}