{"id":39841,"date":"2025-04-12T10:15:57","date_gmt":"2025-04-12T16:15:57","guid":{"rendered":"https:\/\/contextoanalisisperiodistico.com\/index.php\/2025\/04\/12\/secretaria-de-seguridad-vecinal-aplica-operativo-semana-santa-2025\/"},"modified":"2025-04-12T10:15:57","modified_gmt":"2025-04-12T16:15:57","slug":"secretaria-de-seguridad-vecinal-aplica-operativo-semana-santa-2025","status":"publish","type":"post","link":"https:\/\/contextoanalisisperiodistico.com\/index.php\/2025\/04\/12\/secretaria-de-seguridad-vecinal-aplica-operativo-semana-santa-2025\/","title":{"rendered":"Secretar\u00eda de Seguridad Vecinal aplica Operativo Semana Santa 2025"},"content":{"rendered":"<div id=\"fb-root\"><\/div>\n\n<ul class=\"wp-block-list\">\n<li>Participan m\u00e1s de 400 elementos municipales<\/li>\n\n\n\n<li>Se coordinan acciones con el Gobierno Estatal y Federal<\/li>\n<\/ul>\n\n\n\n<figure class=\"wp-block-image size-large\"><img fetchpriority=\"high\" decoding=\"async\" width=\"1024\" height=\"563\" src=\"https:\/\/contextoanalisisperiodistico.com\/wp-content\/uploads\/2025\/04\/img-20250412-wa0036500932323607266013-1024x563.jpg\" alt=\"\" class=\"wp-image-39836\" srcset=\"https:\/\/contextoanalisisperiodistico.com\/wp-content\/uploads\/2025\/04\/img-20250412-wa0036500932323607266013-1024x563.jpg 1024w, https:\/\/contextoanalisisperiodistico.com\/wp-content\/uploads\/2025\/04\/img-20250412-wa0036500932323607266013-300x165.jpg 300w, https:\/\/contextoanalisisperiodistico.com\/wp-content\/uploads\/2025\/04\/img-20250412-wa0036500932323607266013-768x422.jpg 768w, https:\/\/contextoanalisisperiodistico.com\/wp-content\/uploads\/2025\/04\/img-20250412-wa0036500932323607266013.jpg 1456w\" sizes=\"(max-width: 1024px) 100vw, 1024px\" \/><\/figure>\n\n\n\n<figure class=\"wp-block-image\"><img decoding=\"async\" width=\"1024\" height=\"683\" src=\"https:\/\/contextoanalisisperiodistico.com\/wp-content\/uploads\/2025\/04\/img-20250412-wa00427368778804205160312-1024x683.jpg\" alt=\"\" class=\"wp-image-39837\" srcset=\"https:\/\/contextoanalisisperiodistico.com\/wp-content\/uploads\/2025\/04\/img-20250412-wa00427368778804205160312-1024x683.jpg 1024w, https:\/\/contextoanalisisperiodistico.com\/wp-content\/uploads\/2025\/04\/img-20250412-wa00427368778804205160312-300x200.jpg 300w, https:\/\/contextoanalisisperiodistico.com\/wp-content\/uploads\/2025\/04\/img-20250412-wa00427368778804205160312-768x512.jpg 768w, https:\/\/contextoanalisisperiodistico.com\/wp-content\/uploads\/2025\/04\/img-20250412-wa00427368778804205160312.jpg 1080w\" sizes=\"(max-width: 1024px) 100vw, 1024px\" \/><\/figure>\n\n\n\n<figure class=\"wp-block-image\"><img decoding=\"async\" width=\"1024\" height=\"683\" src=\"https:\/\/contextoanalisisperiodistico.com\/wp-content\/uploads\/2025\/04\/img-20250412-wa0041227618160403145106-1024x683.jpg\" alt=\"\" class=\"wp-image-39835\" srcset=\"https:\/\/contextoanalisisperiodistico.com\/wp-content\/uploads\/2025\/04\/img-20250412-wa0041227618160403145106-1024x683.jpg 1024w, https:\/\/contextoanalisisperiodistico.com\/wp-content\/uploads\/2025\/04\/img-20250412-wa0041227618160403145106-300x200.jpg 300w, https:\/\/contextoanalisisperiodistico.com\/wp-content\/uploads\/2025\/04\/img-20250412-wa0041227618160403145106-768x512.jpg 768w, https:\/\/contextoanalisisperiodistico.com\/wp-content\/uploads\/2025\/04\/img-20250412-wa0041227618160403145106.jpg 1080w\" sizes=\"(max-width: 1024px) 100vw, 1024px\" \/><\/figure>\n\n\n\n<figure class=\"wp-block-image\"><img loading=\"lazy\" decoding=\"async\" width=\"1024\" height=\"683\" src=\"https:\/\/contextoanalisisperiodistico.com\/wp-content\/uploads\/2025\/04\/img-20250412-wa0040584269294813075271-1024x683.jpg\" alt=\"\" class=\"wp-image-39834\" srcset=\"https:\/\/contextoanalisisperiodistico.com\/wp-content\/uploads\/2025\/04\/img-20250412-wa0040584269294813075271-1024x683.jpg 1024w, https:\/\/contextoanalisisperiodistico.com\/wp-content\/uploads\/2025\/04\/img-20250412-wa0040584269294813075271-300x200.jpg 300w, https:\/\/contextoanalisisperiodistico.com\/wp-content\/uploads\/2025\/04\/img-20250412-wa0040584269294813075271-768x512.jpg 768w, https:\/\/contextoanalisisperiodistico.com\/wp-content\/uploads\/2025\/04\/img-20250412-wa0040584269294813075271.jpg 1080w\" sizes=\"(max-width: 1024px) 100vw, 1024px\" \/><\/figure>\n\n\n\n<figure class=\"wp-block-image\"><img loading=\"lazy\" decoding=\"async\" width=\"1024\" height=\"683\" src=\"https:\/\/contextoanalisisperiodistico.com\/wp-content\/uploads\/2025\/04\/img-20250412-wa00396268131753948710689-1024x683.jpg\" alt=\"\" class=\"wp-image-39838\" srcset=\"https:\/\/contextoanalisisperiodistico.com\/wp-content\/uploads\/2025\/04\/img-20250412-wa00396268131753948710689-1024x683.jpg 1024w, https:\/\/contextoanalisisperiodistico.com\/wp-content\/uploads\/2025\/04\/img-20250412-wa00396268131753948710689-300x200.jpg 300w, https:\/\/contextoanalisisperiodistico.com\/wp-content\/uploads\/2025\/04\/img-20250412-wa00396268131753948710689-768x512.jpg 768w, https:\/\/contextoanalisisperiodistico.com\/wp-content\/uploads\/2025\/04\/img-20250412-wa00396268131753948710689.jpg 1080w\" sizes=\"(max-width: 1024px) 100vw, 1024px\" \/><\/figure>\n\n\n\n<figure class=\"wp-block-image\"><img loading=\"lazy\" decoding=\"async\" width=\"1024\" height=\"815\" src=\"https:\/\/contextoanalisisperiodistico.com\/wp-content\/uploads\/2025\/04\/img-20250412-wa00371504007780206244267-1024x815.jpg\" alt=\"\" class=\"wp-image-39839\" srcset=\"https:\/\/contextoanalisisperiodistico.com\/wp-content\/uploads\/2025\/04\/img-20250412-wa00371504007780206244267-1024x815.jpg 1024w, https:\/\/contextoanalisisperiodistico.com\/wp-content\/uploads\/2025\/04\/img-20250412-wa00371504007780206244267-300x239.jpg 300w, https:\/\/contextoanalisisperiodistico.com\/wp-content\/uploads\/2025\/04\/img-20250412-wa00371504007780206244267-768x611.jpg 768w, https:\/\/contextoanalisisperiodistico.com\/wp-content\/uploads\/2025\/04\/img-20250412-wa00371504007780206244267.jpg 1339w\" sizes=\"(max-width: 1024px) 100vw, 1024px\" \/><\/figure>\n\n\n\n<figure class=\"wp-block-image\"><img loading=\"lazy\" decoding=\"async\" width=\"1024\" height=\"683\" src=\"https:\/\/contextoanalisisperiodistico.com\/wp-content\/uploads\/2025\/04\/img-20250412-wa00388055427015745869934-1024x683.jpg\" alt=\"\" class=\"wp-image-39840\" srcset=\"https:\/\/contextoanalisisperiodistico.com\/wp-content\/uploads\/2025\/04\/img-20250412-wa00388055427015745869934-1024x683.jpg 1024w, https:\/\/contextoanalisisperiodistico.com\/wp-content\/uploads\/2025\/04\/img-20250412-wa00388055427015745869934-300x200.jpg 300w, https:\/\/contextoanalisisperiodistico.com\/wp-content\/uploads\/2025\/04\/img-20250412-wa00388055427015745869934-768x512.jpg 768w, https:\/\/contextoanalisisperiodistico.com\/wp-content\/uploads\/2025\/04\/img-20250412-wa00388055427015745869934.jpg 1080w\" sizes=\"(max-width: 1024px) 100vw, 1024px\" \/><\/figure>\n\n\n\n<p>Oaxaca de Ju\u00e1rez, Oax., 12 de abril de 2024.- Con la finalidad de garantizar la paz p\u00fablica de las vecinas y vecinos de Oaxaca de Ju\u00e1rez, as\u00ed como de los miles de turistas que llegan a la ciudad con motivo de la Semana Santa, la Secretar\u00eda de Seguridad Vecinal aplicar\u00e1 el \u201cOperativo Semana Santa 2025\u201d en coordinaci\u00f3n con el Gobierno del Estado y Gobierno Federal.<\/p>\n\n\n\n<p>El titular de la Secretar\u00eda, Teniente Coronel Claudio de Jes\u00fas P\u00e9rez y P\u00e9rez, dijo que es prioridad del presidente municipal Ray Chagoya trabajar en coordinaci\u00f3n con los tres niveles de gobierno para lograr un saldo blanco en esta temporada vacacional.<\/p>\n\n\n\n<p>En el operativo, dijo el jefe policial, participa la Secretar\u00eda de Defensa Nacional (Defensa), Guardia Nacional, Secretar\u00eda de Seguridad y Protecci\u00f3n Ciudadana a trav\u00e9s de la Polic\u00eda Estatal, Direcci\u00f3n de Protecci\u00f3n Civil Municipal, as\u00ed como personal de la Direcci\u00f3n de Proximidad Social y Movilidad.<\/p>\n\n\n\n<p>De manera coordinada, se brindar\u00e1 seguridad en el Primer Cuadro de la Ciudad, as\u00ed como los lugares de mayor concentraci\u00f3n de personas, como iglesias, barrios y mercados.<\/p>\n\n\n\n<p>La Polic\u00eda Estatal realizar\u00e1 recorridos de prevenci\u00f3n en la periferia, colonias y agencias de la ciudad, mientras que la Polic\u00eda Municipal y elementos de la Polic\u00eda Tur\u00edstica realizar\u00e1 recorridos de prevenci\u00f3n de manera permanente en el primer cuadro, el cual fue divido en dos sectores para reducir el tiempo de respuesta ante una eventualidad.<\/p>\n\n\n\n<p>Por instrucciones del presidente Ray Chagoya, personal de la Direcci\u00f3n de Protecci\u00f3n Civil Municipal se suma al operativo con la supervisi\u00f3n de los establecimientos que se instalar\u00e1n en los tianguis artesanales autorizados, as\u00ed como detectar zonas de riesgo.<\/p>\n\n\n\n<p>La Secretar\u00eda de Seguridad Vecinal participa con m\u00e1s de 400 elementos apoyados y 105 unidades, entre radiopatrullas y motocicletas, adem\u00e1s de la instalaci\u00f3n de Unidades M\u00f3viles en puntos estrat\u00e9gicos, esto del 14 al 27 abril del presente a\u00f1o.<\/p>\n\n\n\n<p>Con estas acciones, la Secretar\u00eda de Seguridad Vecinal, en coordinaci\u00f3n con los tres niveles de gobierno, vela por la seguridad de las vecinas y vecinos de Oaxaca de Ju\u00e1rez.<\/p>\n","protected":false},"excerpt":{"rendered":"<p>Oaxaca de Ju\u00e1rez, Oax., 12 de abril de 2024.- Con la finalidad de garantizar la&#8230;<\/p>\n","protected":false},"author":4,"featured_media":39833,"comment_status":"","ping_status":"open","sticky":false,"template":"","format":"standard","meta":{"footnotes":""},"categories":[9],"tags":[178,235,234,45],"jetpack_sharing_enabled":true,"featured_image_urls":{"full":["https:\/\/contextoanalisisperiodistico.com\/wp-content\/uploads\/2025\/04\/IMG-20250412-WA0043.jpg",1080,1350,false],"thumbnail":["https:\/\/contextoanalisisperiodistico.com\/wp-content\/uploads\/2025\/04\/IMG-20250412-WA0043-150x150.jpg",150,150,true],"medium":["https:\/\/contextoanalisisperiodistico.com\/wp-content\/uploads\/2025\/04\/IMG-20250412-WA0043-240x300.jpg",240,300,true],"medium_large":["https:\/\/contextoanalisisperiodistico.com\/wp-content\/uploads\/2025\/04\/IMG-20250412-WA0043-768x960.jpg",640,800,true],"large":["https:\/\/contextoanalisisperiodistico.com\/wp-content\/uploads\/2025\/04\/IMG-20250412-WA0043-819x1024.jpg",640,800,true],"1536x1536":["https:\/\/contextoanalisisperiodistico.com\/wp-content\/uploads\/2025\/04\/IMG-20250412-WA0043.jpg",1080,1350,false],"2048x2048":["https:\/\/contextoanalisisperiodistico.com\/wp-content\/uploads\/2025\/04\/IMG-20250412-WA0043.jpg",1080,1350,false],"covernews-slider-full":["https:\/\/contextoanalisisperiodistico.com\/wp-content\/uploads\/2025\/04\/IMG-20250412-WA0043-1080x715.jpg",1080,715,true],"covernews-slider-center":["https:\/\/contextoanalisisperiodistico.com\/wp-content\/uploads\/2025\/04\/IMG-20250412-WA0043-800x500.jpg",800,500,true],"covernews-featured":["https:\/\/contextoanalisisperiodistico.com\/wp-content\/uploads\/2025\/04\/IMG-20250412-WA0043-1024x1280.jpg",1024,1280,true],"covernews-medium":["https:\/\/contextoanalisisperiodistico.com\/wp-content\/uploads\/2025\/04\/IMG-20250412-WA0043-540x340.jpg",540,340,true],"covernews-medium-square":["https:\/\/contextoanalisisperiodistico.com\/wp-content\/uploads\/2025\/04\/IMG-20250412-WA0043-400x250.jpg",400,250,true]},"author_info":{"display_name":"Mario Gir\u00f3n","author_link":"https:\/\/contextoanalisisperiodistico.com\/index.php\/author\/director\/"},"category_info":"<a href=\"https:\/\/contextoanalisisperiodistico.com\/index.php\/category\/politica\/\" rel=\"category tag\">Pol\u00edtica<\/a>","tag_info":"Pol\u00edtica","comment_count":"0","jetpack_featured_media_url":"https:\/\/contextoanalisisperiodistico.com\/wp-content\/uploads\/2025\/04\/IMG-20250412-WA0043.jpg","_links":{"self":[{"href":"https:\/\/contextoanalisisperiodistico.com\/index.php\/wp-json\/wp\/v2\/posts\/39841"}],"collection":[{"href":"https:\/\/contextoanalisisperiodistico.com\/index.php\/wp-json\/wp\/v2\/posts"}],"about":[{"href":"https:\/\/contextoanalisisperiodistico.com\/index.php\/wp-json\/wp\/v2\/types\/post"}],"author":[{"embeddable":true,"href":"https:\/\/contextoanalisisperiodistico.com\/index.php\/wp-json\/wp\/v2\/users\/4"}],"replies":[{"embeddable":true,"href":"https:\/\/contextoanalisisperiodistico.com\/index.php\/wp-json\/wp\/v2\/comments?post=39841"}],"version-history":[{"count":0,"href":"https:\/\/contextoanalisisperiodistico.com\/index.php\/wp-json\/wp\/v2\/posts\/39841\/revisions"}],"wp:featuredmedia":[{"embeddable":true,"href":"https:\/\/contextoanalisisperiodistico.com\/index.php\/wp-json\/wp\/v2\/media\/39833"}],"wp:attachment":[{"href":"https:\/\/contextoanalisisperiodistico.com\/index.php\/wp-json\/wp\/v2\/media?parent=39841"}],"wp:term":[{"taxonomy":"category","embeddable":true,"href":"https:\/\/contextoanalisisperiodistico.com\/index.php\/wp-json\/wp\/v2\/categories?post=39841"},{"taxonomy":"post_tag","embeddable":true,"href":"https:\/\/contextoanalisisperiodistico.com\/index.php\/wp-json\/wp\/v2\/tags?post=39841"}],"curies":[{"name":"wp","href":"https:\/\/api.w.org\/{rel}","templated":true}]}}