{"id":39747,"date":"2025-04-10T22:35:51","date_gmt":"2025-04-11T04:35:51","guid":{"rendered":"https:\/\/contextoanalisisperiodistico.com\/index.php\/2025\/04\/10\/firman-cobao-y-ayuntamiento-de-san-jacinto-amilpas-convenio-de-colaboracion\/"},"modified":"2025-04-10T22:37:07","modified_gmt":"2025-04-11T04:37:07","slug":"firman-cobao-y-ayuntamiento-de-san-jacinto-amilpas-convenio-de-colaboracion","status":"publish","type":"post","link":"https:\/\/contextoanalisisperiodistico.com\/index.php\/2025\/04\/10\/firman-cobao-y-ayuntamiento-de-san-jacinto-amilpas-convenio-de-colaboracion\/","title":{"rendered":"Cobao y Ayuntamiento de San Jacinto Amilpas firman convenio de colaboraci\u00f3n"},"content":{"rendered":"<div id=\"fb-root\"><\/div>\n\n<p>\u2022 M\u00e1s de 570 estudiantes del CEA 08 Pueblo Nuevo ser\u00e1n beneficiados con la continuidad de la Modalidad Mixta Autoplaneada<\/p>\n\n\n\n<figure class=\"wp-block-image size-large\"><img fetchpriority=\"high\" decoding=\"async\" width=\"1024\" height=\"682\" src=\"https:\/\/contextoanalisisperiodistico.com\/wp-content\/uploads\/2025\/04\/img-20250410-wa02463721068570003426596-1024x682.jpg\" alt=\"\" class=\"wp-image-39744\" srcset=\"https:\/\/contextoanalisisperiodistico.com\/wp-content\/uploads\/2025\/04\/img-20250410-wa02463721068570003426596-1024x682.jpg 1024w, https:\/\/contextoanalisisperiodistico.com\/wp-content\/uploads\/2025\/04\/img-20250410-wa02463721068570003426596-300x200.jpg 300w, https:\/\/contextoanalisisperiodistico.com\/wp-content\/uploads\/2025\/04\/img-20250410-wa02463721068570003426596-768x512.jpg 768w, https:\/\/contextoanalisisperiodistico.com\/wp-content\/uploads\/2025\/04\/img-20250410-wa02463721068570003426596-1536x1023.jpg 1536w, https:\/\/contextoanalisisperiodistico.com\/wp-content\/uploads\/2025\/04\/img-20250410-wa02463721068570003426596.jpg 1600w\" sizes=\"(max-width: 1024px) 100vw, 1024px\" \/><\/figure>\n\n\n\n<figure class=\"wp-block-image\"><img decoding=\"async\" width=\"1024\" height=\"682\" src=\"https:\/\/contextoanalisisperiodistico.com\/wp-content\/uploads\/2025\/04\/img-20250410-wa02496583437197770622280-1024x682.jpg\" alt=\"\" class=\"wp-image-39746\" srcset=\"https:\/\/contextoanalisisperiodistico.com\/wp-content\/uploads\/2025\/04\/img-20250410-wa02496583437197770622280-1024x682.jpg 1024w, https:\/\/contextoanalisisperiodistico.com\/wp-content\/uploads\/2025\/04\/img-20250410-wa02496583437197770622280-300x200.jpg 300w, https:\/\/contextoanalisisperiodistico.com\/wp-content\/uploads\/2025\/04\/img-20250410-wa02496583437197770622280-768x512.jpg 768w, https:\/\/contextoanalisisperiodistico.com\/wp-content\/uploads\/2025\/04\/img-20250410-wa02496583437197770622280-1536x1023.jpg 1536w, https:\/\/contextoanalisisperiodistico.com\/wp-content\/uploads\/2025\/04\/img-20250410-wa02496583437197770622280.jpg 1600w\" sizes=\"(max-width: 1024px) 100vw, 1024px\" \/><\/figure>\n\n\n\n<figure class=\"wp-block-image\"><img decoding=\"async\" width=\"1024\" height=\"682\" src=\"https:\/\/contextoanalisisperiodistico.com\/wp-content\/uploads\/2025\/04\/img-20250410-wa02478345877954407318304-1024x682.jpg\" alt=\"\" class=\"wp-image-39745\" srcset=\"https:\/\/contextoanalisisperiodistico.com\/wp-content\/uploads\/2025\/04\/img-20250410-wa02478345877954407318304-1024x682.jpg 1024w, https:\/\/contextoanalisisperiodistico.com\/wp-content\/uploads\/2025\/04\/img-20250410-wa02478345877954407318304-300x200.jpg 300w, https:\/\/contextoanalisisperiodistico.com\/wp-content\/uploads\/2025\/04\/img-20250410-wa02478345877954407318304-768x512.jpg 768w, https:\/\/contextoanalisisperiodistico.com\/wp-content\/uploads\/2025\/04\/img-20250410-wa02478345877954407318304-1536x1023.jpg 1536w, https:\/\/contextoanalisisperiodistico.com\/wp-content\/uploads\/2025\/04\/img-20250410-wa02478345877954407318304.jpg 1600w\" sizes=\"(max-width: 1024px) 100vw, 1024px\" \/><\/figure>\n\n\n\n<p>Santa Cruz Xoxocotl\u00e1n, Oax. 10 de abril de 2025.- Con el objetivo de fortalecer la educaci\u00f3n media superior, el Colegio de Bachilleres del Estado de Oaxaca (Cobao) y el Ayuntamiento de San Jacinto Amilpas, signaron un convenio de colaboraci\u00f3n que beneficiar\u00e1 a 573 estudiantes del Centro de Educaci\u00f3n Abierta (CEA) 08 Pueblo Nuevo.<\/p>\n\n\n\n<p>En el acto encabezado por la directora general del Cobao, Ang\u00e9lica Garc\u00eda P\u00e9rez, y el presidente municipal, Fidel Alejandro D\u00edaz D\u00edaz, se formaliz\u00f3 este acuerdo que dar\u00e1 continuidad a las actividades acad\u00e9micas de la modalidad mixta autoplaneada, dirigida a j\u00f3venes mayores de 17 a\u00f1os, que por diversas razones no han podido concluir sus estudios de bachillerato.<\/p>\n\n\n\n<p>Durante su intervenci\u00f3n, Garc\u00eda P\u00e9rez reafirm\u00f3 el compromiso de la instituci\u00f3n con el desarrollo educativo del estado al brindar herramientas reales para mejorar las oportunidades acad\u00e9micas y laborales de la juventud oaxaque\u00f1a.<\/p>\n\n\n\n<p>\u201cCon este convenio fortalecemos el acceso a la educaci\u00f3n para quienes m\u00e1s lo necesitan, aplicando acciones como el programa Inscripci\u00f3n Cero y la entrega de gu\u00edas gratuitas, implementadas por el Gobierno del Estado\u201d, asegur\u00f3.<\/p>\n\n\n\n<p>Como parte de los compromisos establecidos, el Cobao proporcionar\u00e1 el reglamento de control escolar y convivencia, organizar\u00e1 asesor\u00edas acad\u00e9micas a trav\u00e9s del personal docente del CEA 08, y establecer\u00e1 horarios para la impartici\u00f3n de asignaturas del bachillerato general.<\/p>\n\n\n\n<p>Asimismo, se encargar\u00e1 de los tr\u00e1mites administrativos relacionados con inscripciones, reinscripciones y certificaciones, adem\u00e1s de realizar talleres y conferencias para fortalecer la motivaci\u00f3n y orientaci\u00f3n educativa.<\/p>\n\n\n\n<p>El edil Fidel Alejandro D\u00edaz D\u00edaz expres\u00f3 su disposici\u00f3n de trabajar de forma coordinada. \u201cNuestro compromiso es brindar espacios dignos para que las y los estudiantes puedan prepararse y obtener su certificado de bachillerato\u201d, puntualiz\u00f3.<\/p>\n\n\n\n<p>Este esfuerzo interinstitucional busca ampliar las oportunidades de formaci\u00f3n acad\u00e9mica y laboral de las y los j\u00f3venes de la regi\u00f3n, y contribuir al crecimiento de una sociedad m\u00e1s preparada, equitativa y con mayores posibilidades de desarrollo, a trav\u00e9s de las acciones implementadas por la Nueva Escuela Mexicana.<\/p>\n\n\n\n<p>-0-<\/p>\n","protected":false},"excerpt":{"rendered":"<p>\u2022 M\u00e1s de 570 estudiantes del CEA 08 Pueblo Nuevo ser\u00e1n beneficiados con la continuidad&#8230;<\/p>\n","protected":false},"author":4,"featured_media":39743,"comment_status":"closed","ping_status":"open","sticky":false,"template":"","format":"standard","meta":{"footnotes":""},"categories":[91],"tags":[],"jetpack_sharing_enabled":true,"featured_image_urls":{"full":["https:\/\/contextoanalisisperiodistico.com\/wp-content\/uploads\/2025\/04\/IMG-20250410-WA0248.jpg",1600,1066,false],"thumbnail":["https:\/\/contextoanalisisperiodistico.com\/wp-content\/uploads\/2025\/04\/IMG-20250410-WA0248-150x150.jpg",150,150,true],"medium":["https:\/\/contextoanalisisperiodistico.com\/wp-content\/uploads\/2025\/04\/IMG-20250410-WA0248-300x200.jpg",300,200,true],"medium_large":["https:\/\/contextoanalisisperiodistico.com\/wp-content\/uploads\/2025\/04\/IMG-20250410-WA0248-768x512.jpg",640,427,true],"large":["https:\/\/contextoanalisisperiodistico.com\/wp-content\/uploads\/2025\/04\/IMG-20250410-WA0248-1024x682.jpg",640,426,true],"1536x1536":["https:\/\/contextoanalisisperiodistico.com\/wp-content\/uploads\/2025\/04\/IMG-20250410-WA0248-1536x1023.jpg",1536,1023,true],"2048x2048":["https:\/\/contextoanalisisperiodistico.com\/wp-content\/uploads\/2025\/04\/IMG-20250410-WA0248.jpg",1600,1066,false],"covernews-slider-full":["https:\/\/contextoanalisisperiodistico.com\/wp-content\/uploads\/2025\/04\/IMG-20250410-WA0248-1115x715.jpg",1115,715,true],"covernews-slider-center":["https:\/\/contextoanalisisperiodistico.com\/wp-content\/uploads\/2025\/04\/IMG-20250410-WA0248-800x500.jpg",800,500,true],"covernews-featured":["https:\/\/contextoanalisisperiodistico.com\/wp-content\/uploads\/2025\/04\/IMG-20250410-WA0248-1024x682.jpg",1024,682,true],"covernews-medium":["https:\/\/contextoanalisisperiodistico.com\/wp-content\/uploads\/2025\/04\/IMG-20250410-WA0248-540x340.jpg",540,340,true],"covernews-medium-square":["https:\/\/contextoanalisisperiodistico.com\/wp-content\/uploads\/2025\/04\/IMG-20250410-WA0248-400x250.jpg",400,250,true]},"author_info":{"display_name":"Mario Gir\u00f3n","author_link":"https:\/\/contextoanalisisperiodistico.com\/index.php\/author\/director\/"},"category_info":"<a href=\"https:\/\/contextoanalisisperiodistico.com\/index.php\/category\/educacion\/\" rel=\"category tag\">Educaci\u00f3n<\/a>","tag_info":"Educaci\u00f3n","comment_count":"0","jetpack_featured_media_url":"https:\/\/contextoanalisisperiodistico.com\/wp-content\/uploads\/2025\/04\/IMG-20250410-WA0248.jpg","_links":{"self":[{"href":"https:\/\/contextoanalisisperiodistico.com\/index.php\/wp-json\/wp\/v2\/posts\/39747"}],"collection":[{"href":"https:\/\/contextoanalisisperiodistico.com\/index.php\/wp-json\/wp\/v2\/posts"}],"about":[{"href":"https:\/\/contextoanalisisperiodistico.com\/index.php\/wp-json\/wp\/v2\/types\/post"}],"author":[{"embeddable":true,"href":"https:\/\/contextoanalisisperiodistico.com\/index.php\/wp-json\/wp\/v2\/users\/4"}],"replies":[{"embeddable":true,"href":"https:\/\/contextoanalisisperiodistico.com\/index.php\/wp-json\/wp\/v2\/comments?post=39747"}],"version-history":[{"count":1,"href":"https:\/\/contextoanalisisperiodistico.com\/index.php\/wp-json\/wp\/v2\/posts\/39747\/revisions"}],"predecessor-version":[{"id":39748,"href":"https:\/\/contextoanalisisperiodistico.com\/index.php\/wp-json\/wp\/v2\/posts\/39747\/revisions\/39748"}],"wp:featuredmedia":[{"embeddable":true,"href":"https:\/\/contextoanalisisperiodistico.com\/index.php\/wp-json\/wp\/v2\/media\/39743"}],"wp:attachment":[{"href":"https:\/\/contextoanalisisperiodistico.com\/index.php\/wp-json\/wp\/v2\/media?parent=39747"}],"wp:term":[{"taxonomy":"category","embeddable":true,"href":"https:\/\/contextoanalisisperiodistico.com\/index.php\/wp-json\/wp\/v2\/categories?post=39747"},{"taxonomy":"post_tag","embeddable":true,"href":"https:\/\/contextoanalisisperiodistico.com\/index.php\/wp-json\/wp\/v2\/tags?post=39747"}],"curies":[{"name":"wp","href":"https:\/\/api.w.org\/{rel}","templated":true}]}}