{"id":39740,"date":"2025-04-10T20:42:01","date_gmt":"2025-04-11T02:42:01","guid":{"rendered":"https:\/\/contextoanalisisperiodistico.com\/index.php\/2025\/04\/10\/celebra-nino-morales-que-senadores-promuevan-el-voto-para-eleccion-judicial\/"},"modified":"2025-04-10T21:00:01","modified_gmt":"2025-04-11T03:00:01","slug":"celebra-nino-morales-que-senadores-promuevan-el-voto-para-eleccion-judicial","status":"publish","type":"post","link":"https:\/\/contextoanalisisperiodistico.com\/index.php\/2025\/04\/10\/celebra-nino-morales-que-senadores-promuevan-el-voto-para-eleccion-judicial\/","title":{"rendered":"Celebra Nino Morales que Senadores promuevan el voto para elecci\u00f3n Judicial"},"content":{"rendered":"<div id=\"fb-root\"><\/div>\n\n<p>\u2022 La resoluci\u00f3n del Tribunal Electoral refuerza la democracia mexicana: abierta, informada y participativa.<\/p>\n\n\n\n<p>El senador Antonino Morales Toledo celebr\u00f3 la decisi\u00f3n del Tribunal Electoral del Poder Judicial de la Federaci\u00f3n (TPJF) que permite a los integrantes de los diversos poderes salir a promover la elecci\u00f3n de los aspirantes a integrar el Poder Judicial el pr\u00f3ximo 1 de junio, al subrayar que con ello gana la democracia.<\/p>\n\n\n\n<p>En ese sentido, el legislador zapoteco afirm\u00f3 que habr\u00e1 una promoci\u00f3n de la elecci\u00f3n, no de candidaturas en particular, \u201cy seremos respetuosos, no llevamos consigna, llevamos la encomienda de invitar a la ciudadan\u00eda a participar en este primer ejercicio hist\u00f3rico\u201d.<\/p>\n\n\n\n<p>El senador oaxaque\u00f1o dijo que con esta resoluci\u00f3n el tribunal respald\u00f3 a la presidenta Claudia Sheinbaum, a los l\u00edderes del Congreso, a gobernadoras y gobernadores como el oaxaque\u00f1o Salom\u00f3n Jara, al reconocer que informar y promover el voto no es hacer campa\u00f1a.<\/p>\n\n\n\n<p>\u201cEl acuerdo del Instituto Nacional Electoral (INE), era un ataque a la democracia. Limitaba el derecho del pueblo a elegir a sus jueces y magistrados; los consejeros que lo aprobaron buscaban restringir informaci\u00f3n clave para una decisi\u00f3n tan relevante como la construcci\u00f3n de un Poder Judicial al servicio de la gente\u201d, reclam\u00f3 Morales Toledo.<\/p>\n\n\n\n<p>Tambi\u00e9n puntualiz\u00f3 que esta resoluci\u00f3n refuerza la democracia mexicana: abierta, informada y participativa,\u201ccomo legisladores, difundiremos la elecci\u00f3n judicial en cada municipio que visitemos, con equidad y neutralidad, como marca la Constituci\u00f3n\u201d, dijo Nino Morales.<\/p>\n\n\n\n<p>En su caso, se comprometi\u00f3 a informar y difundir esta elecci\u00f3n tambi\u00e9n en su lengua materna, para que los pueblos y comunidades ind\u00edgenas tengan la misma oportunidad de conocer no solo el procedimiento de la elecci\u00f3n, sino la importancia que tiene involucrarse en la elecci\u00f3n de las y los juzgadores.<\/p>\n\n\n\n<p>&#8212;000&#8212;<\/p>\n","protected":false},"excerpt":{"rendered":"<p>\u2022 La resoluci\u00f3n del Tribunal Electoral refuerza la democracia mexicana: abierta, informada y participativa. El&#8230;<\/p>\n","protected":false},"author":4,"featured_media":39742,"comment_status":"closed","ping_status":"open","sticky":false,"template":"","format":"standard","meta":{"footnotes":""},"categories":[9],"tags":[156,181,20,195],"jetpack_sharing_enabled":true,"featured_image_urls":{"full":["https:\/\/contextoanalisisperiodistico.com\/wp-content\/uploads\/2025\/04\/IMG_20250410_205823.jpg",1730,1368,false],"thumbnail":["https:\/\/contextoanalisisperiodistico.com\/wp-content\/uploads\/2025\/04\/IMG_20250410_205823-150x150.jpg",150,150,true],"medium":["https:\/\/contextoanalisisperiodistico.com\/wp-content\/uploads\/2025\/04\/IMG_20250410_205823-300x237.jpg",300,237,true],"medium_large":["https:\/\/contextoanalisisperiodistico.com\/wp-content\/uploads\/2025\/04\/IMG_20250410_205823-768x607.jpg",640,506,true],"large":["https:\/\/contextoanalisisperiodistico.com\/wp-content\/uploads\/2025\/04\/IMG_20250410_205823-1024x810.jpg",640,506,true],"1536x1536":["https:\/\/contextoanalisisperiodistico.com\/wp-content\/uploads\/2025\/04\/IMG_20250410_205823-1536x1215.jpg",1536,1215,true],"2048x2048":["https:\/\/contextoanalisisperiodistico.com\/wp-content\/uploads\/2025\/04\/IMG_20250410_205823.jpg",1730,1368,false],"covernews-slider-full":["https:\/\/contextoanalisisperiodistico.com\/wp-content\/uploads\/2025\/04\/IMG_20250410_205823-1115x715.jpg",1115,715,true],"covernews-slider-center":["https:\/\/contextoanalisisperiodistico.com\/wp-content\/uploads\/2025\/04\/IMG_20250410_205823-800x500.jpg",800,500,true],"covernews-featured":["https:\/\/contextoanalisisperiodistico.com\/wp-content\/uploads\/2025\/04\/IMG_20250410_205823-1024x810.jpg",1024,810,true],"covernews-medium":["https:\/\/contextoanalisisperiodistico.com\/wp-content\/uploads\/2025\/04\/IMG_20250410_205823-540x340.jpg",540,340,true],"covernews-medium-square":["https:\/\/contextoanalisisperiodistico.com\/wp-content\/uploads\/2025\/04\/IMG_20250410_205823-400x250.jpg",400,250,true]},"author_info":{"display_name":"Mario Gir\u00f3n","author_link":"https:\/\/contextoanalisisperiodistico.com\/index.php\/author\/director\/"},"category_info":"<a href=\"https:\/\/contextoanalisisperiodistico.com\/index.php\/category\/politica\/\" rel=\"category tag\">Pol\u00edtica<\/a>","tag_info":"Pol\u00edtica","comment_count":"0","jetpack_featured_media_url":"https:\/\/contextoanalisisperiodistico.com\/wp-content\/uploads\/2025\/04\/IMG_20250410_205823.jpg","_links":{"self":[{"href":"https:\/\/contextoanalisisperiodistico.com\/index.php\/wp-json\/wp\/v2\/posts\/39740"}],"collection":[{"href":"https:\/\/contextoanalisisperiodistico.com\/index.php\/wp-json\/wp\/v2\/posts"}],"about":[{"href":"https:\/\/contextoanalisisperiodistico.com\/index.php\/wp-json\/wp\/v2\/types\/post"}],"author":[{"embeddable":true,"href":"https:\/\/contextoanalisisperiodistico.com\/index.php\/wp-json\/wp\/v2\/users\/4"}],"replies":[{"embeddable":true,"href":"https:\/\/contextoanalisisperiodistico.com\/index.php\/wp-json\/wp\/v2\/comments?post=39740"}],"version-history":[{"count":1,"href":"https:\/\/contextoanalisisperiodistico.com\/index.php\/wp-json\/wp\/v2\/posts\/39740\/revisions"}],"predecessor-version":[{"id":39741,"href":"https:\/\/contextoanalisisperiodistico.com\/index.php\/wp-json\/wp\/v2\/posts\/39740\/revisions\/39741"}],"wp:featuredmedia":[{"embeddable":true,"href":"https:\/\/contextoanalisisperiodistico.com\/index.php\/wp-json\/wp\/v2\/media\/39742"}],"wp:attachment":[{"href":"https:\/\/contextoanalisisperiodistico.com\/index.php\/wp-json\/wp\/v2\/media?parent=39740"}],"wp:term":[{"taxonomy":"category","embeddable":true,"href":"https:\/\/contextoanalisisperiodistico.com\/index.php\/wp-json\/wp\/v2\/categories?post=39740"},{"taxonomy":"post_tag","embeddable":true,"href":"https:\/\/contextoanalisisperiodistico.com\/index.php\/wp-json\/wp\/v2\/tags?post=39740"}],"curies":[{"name":"wp","href":"https:\/\/api.w.org\/{rel}","templated":true}]}}