{"id":39672,"date":"2025-04-09T13:12:06","date_gmt":"2025-04-09T19:12:06","guid":{"rendered":"https:\/\/contextoanalisisperiodistico.com\/index.php\/2025\/04\/09\/plan-municipal-de-desarrollo-2025-2027-vision-estrategica-para-transformar-la-capital-ray-chagoya\/"},"modified":"2025-04-09T13:12:06","modified_gmt":"2025-04-09T19:12:06","slug":"plan-municipal-de-desarrollo-2025-2027-vision-estrategica-para-transformar-la-capital-ray-chagoya","status":"publish","type":"post","link":"https:\/\/contextoanalisisperiodistico.com\/index.php\/2025\/04\/09\/plan-municipal-de-desarrollo-2025-2027-vision-estrategica-para-transformar-la-capital-ray-chagoya\/","title":{"rendered":"Plan Municipal de Desarrollo 2025\u20132027 visi\u00f3n estrat\u00e9gica para transformar la capital: Ray Chagoya"},"content":{"rendered":"<div id=\"fb-root\"><\/div>\n\n<p>*Oaxaca de Ju\u00e1rez se coloca como el primer municipio del estado en cumplir con esta obligaci\u00f3n fundamental de planeaci\u00f3n y compromiso con las vecinas y vecinos<\/p>\n\n\n\n<p>Oaxaca de Ju\u00e1rez, Oax. 9 de abril de 2025.- Oaxaca de Ju\u00e1rez vivi\u00f3 hoy un momento hist\u00f3rico con la presentaci\u00f3n oficial del Plan Municipal de Desarrollo 2025\u20132027, convirti\u00e9ndose en el primer municipio del estado en cumplir con esta obligaci\u00f3n fundamental de planeaci\u00f3n y compromiso con la ciudadan\u00eda. <\/p>\n\n\n\n<p>Desde el Centro Gastron\u00f3mico de Oaxaca, el presidente municipal Ray Chagoya destac\u00f3 que este documento no solo representa una hoja de ruta para su gobierno, sino que es \u201cla voz de las vecinas y vecinos convertida en estrategia, acci\u00f3n y direcci\u00f3n para la transformaci\u00f3n de nuestra ciudad\u201d.<\/p>\n\n\n\n<figure class=\"wp-block-image size-large\"><img fetchpriority=\"high\" decoding=\"async\" width=\"1024\" height=\"685\" src=\"https:\/\/contextoanalisisperiodistico.com\/wp-content\/uploads\/2025\/04\/img-20250409-wa01037563907885018248714-1024x685.jpg\" alt=\"\" class=\"wp-image-39671\" srcset=\"https:\/\/contextoanalisisperiodistico.com\/wp-content\/uploads\/2025\/04\/img-20250409-wa01037563907885018248714-1024x685.jpg 1024w, https:\/\/contextoanalisisperiodistico.com\/wp-content\/uploads\/2025\/04\/img-20250409-wa01037563907885018248714-300x201.jpg 300w, https:\/\/contextoanalisisperiodistico.com\/wp-content\/uploads\/2025\/04\/img-20250409-wa01037563907885018248714-768x513.jpg 768w, https:\/\/contextoanalisisperiodistico.com\/wp-content\/uploads\/2025\/04\/img-20250409-wa01037563907885018248714.jpg 1080w\" sizes=\"(max-width: 1024px) 100vw, 1024px\" \/><\/figure>\n\n\n\n<figure class=\"wp-block-image size-large\"><img decoding=\"async\" width=\"1024\" height=\"684\" src=\"https:\/\/contextoanalisisperiodistico.com\/wp-content\/uploads\/2025\/04\/img-20250409-wa01015587362272805184115-1024x684.jpg\" alt=\"\" class=\"wp-image-39661\" srcset=\"https:\/\/contextoanalisisperiodistico.com\/wp-content\/uploads\/2025\/04\/img-20250409-wa01015587362272805184115-1024x684.jpg 1024w, https:\/\/contextoanalisisperiodistico.com\/wp-content\/uploads\/2025\/04\/img-20250409-wa01015587362272805184115-300x200.jpg 300w, https:\/\/contextoanalisisperiodistico.com\/wp-content\/uploads\/2025\/04\/img-20250409-wa01015587362272805184115-768x513.jpg 768w, https:\/\/contextoanalisisperiodistico.com\/wp-content\/uploads\/2025\/04\/img-20250409-wa01015587362272805184115.jpg 1080w\" sizes=\"(max-width: 1024px) 100vw, 1024px\" \/><\/figure>\n\n\n\n<figure class=\"wp-block-image\"><img decoding=\"async\" width=\"1024\" height=\"845\" src=\"https:\/\/contextoanalisisperiodistico.com\/wp-content\/uploads\/2025\/04\/img-20250409-wa01084930802143447483666-1024x845.jpg\" alt=\"\" class=\"wp-image-39662\" srcset=\"https:\/\/contextoanalisisperiodistico.com\/wp-content\/uploads\/2025\/04\/img-20250409-wa01084930802143447483666-1024x845.jpg 1024w, https:\/\/contextoanalisisperiodistico.com\/wp-content\/uploads\/2025\/04\/img-20250409-wa01084930802143447483666-300x248.jpg 300w, https:\/\/contextoanalisisperiodistico.com\/wp-content\/uploads\/2025\/04\/img-20250409-wa01084930802143447483666-768x634.jpg 768w, https:\/\/contextoanalisisperiodistico.com\/wp-content\/uploads\/2025\/04\/img-20250409-wa01084930802143447483666-1536x1268.jpg 1536w, https:\/\/contextoanalisisperiodistico.com\/wp-content\/uploads\/2025\/04\/img-20250409-wa01084930802143447483666.jpg 1599w\" sizes=\"(max-width: 1024px) 100vw, 1024px\" \/><\/figure>\n\n\n\n<figure class=\"wp-block-image\"><img loading=\"lazy\" decoding=\"async\" width=\"1024\" height=\"686\" src=\"https:\/\/contextoanalisisperiodistico.com\/wp-content\/uploads\/2025\/04\/img-20250409-wa01042513425518461836931-1024x686.jpg\" alt=\"\" class=\"wp-image-39664\" srcset=\"https:\/\/contextoanalisisperiodistico.com\/wp-content\/uploads\/2025\/04\/img-20250409-wa01042513425518461836931-1024x686.jpg 1024w, https:\/\/contextoanalisisperiodistico.com\/wp-content\/uploads\/2025\/04\/img-20250409-wa01042513425518461836931-300x201.jpg 300w, https:\/\/contextoanalisisperiodistico.com\/wp-content\/uploads\/2025\/04\/img-20250409-wa01042513425518461836931-768x514.jpg 768w, https:\/\/contextoanalisisperiodistico.com\/wp-content\/uploads\/2025\/04\/img-20250409-wa01042513425518461836931.jpg 1510w\" sizes=\"(max-width: 1024px) 100vw, 1024px\" \/><\/figure>\n\n\n\n<figure class=\"wp-block-image\"><img loading=\"lazy\" decoding=\"async\" width=\"1024\" height=\"685\" src=\"https:\/\/contextoanalisisperiodistico.com\/wp-content\/uploads\/2025\/04\/img-20250409-wa01035317334594291276010-1024x685.jpg\" alt=\"\" class=\"wp-image-39663\" srcset=\"https:\/\/contextoanalisisperiodistico.com\/wp-content\/uploads\/2025\/04\/img-20250409-wa01035317334594291276010-1024x685.jpg 1024w, https:\/\/contextoanalisisperiodistico.com\/wp-content\/uploads\/2025\/04\/img-20250409-wa01035317334594291276010-300x201.jpg 300w, https:\/\/contextoanalisisperiodistico.com\/wp-content\/uploads\/2025\/04\/img-20250409-wa01035317334594291276010-768x513.jpg 768w, https:\/\/contextoanalisisperiodistico.com\/wp-content\/uploads\/2025\/04\/img-20250409-wa01035317334594291276010.jpg 1080w\" sizes=\"(max-width: 1024px) 100vw, 1024px\" \/><\/figure>\n\n\n\n<figure class=\"wp-block-image\"><img loading=\"lazy\" decoding=\"async\" width=\"1024\" height=\"684\" src=\"https:\/\/contextoanalisisperiodistico.com\/wp-content\/uploads\/2025\/04\/img-20250409-wa01108127892830338690316-1024x684.jpg\" alt=\"\" class=\"wp-image-39665\" srcset=\"https:\/\/contextoanalisisperiodistico.com\/wp-content\/uploads\/2025\/04\/img-20250409-wa01108127892830338690316-1024x684.jpg 1024w, https:\/\/contextoanalisisperiodistico.com\/wp-content\/uploads\/2025\/04\/img-20250409-wa01108127892830338690316-300x200.jpg 300w, https:\/\/contextoanalisisperiodistico.com\/wp-content\/uploads\/2025\/04\/img-20250409-wa01108127892830338690316-768x513.jpg 768w, https:\/\/contextoanalisisperiodistico.com\/wp-content\/uploads\/2025\/04\/img-20250409-wa01108127892830338690316-1536x1027.jpg 1536w, https:\/\/contextoanalisisperiodistico.com\/wp-content\/uploads\/2025\/04\/img-20250409-wa01108127892830338690316.jpg 1616w\" sizes=\"(max-width: 1024px) 100vw, 1024px\" \/><\/figure>\n\n\n\n<figure class=\"wp-block-image\"><img loading=\"lazy\" decoding=\"async\" width=\"1024\" height=\"684\" src=\"https:\/\/contextoanalisisperiodistico.com\/wp-content\/uploads\/2025\/04\/img-20250409-wa01099028164114348917894-1024x684.jpg\" alt=\"\" class=\"wp-image-39666\" srcset=\"https:\/\/contextoanalisisperiodistico.com\/wp-content\/uploads\/2025\/04\/img-20250409-wa01099028164114348917894-1024x684.jpg 1024w, https:\/\/contextoanalisisperiodistico.com\/wp-content\/uploads\/2025\/04\/img-20250409-wa01099028164114348917894-300x200.jpg 300w, https:\/\/contextoanalisisperiodistico.com\/wp-content\/uploads\/2025\/04\/img-20250409-wa01099028164114348917894-768x513.jpg 768w, https:\/\/contextoanalisisperiodistico.com\/wp-content\/uploads\/2025\/04\/img-20250409-wa01099028164114348917894-1536x1027.jpg 1536w, https:\/\/contextoanalisisperiodistico.com\/wp-content\/uploads\/2025\/04\/img-20250409-wa01099028164114348917894.jpg 1616w\" sizes=\"(max-width: 1024px) 100vw, 1024px\" \/><\/figure>\n\n\n\n<figure class=\"wp-block-image\"><img loading=\"lazy\" decoding=\"async\" width=\"1024\" height=\"683\" src=\"https:\/\/contextoanalisisperiodistico.com\/wp-content\/uploads\/2025\/04\/img-20250409-wa01076263961639738156902-1024x683.jpg\" alt=\"\" class=\"wp-image-39667\" srcset=\"https:\/\/contextoanalisisperiodistico.com\/wp-content\/uploads\/2025\/04\/img-20250409-wa01076263961639738156902-1024x683.jpg 1024w, https:\/\/contextoanalisisperiodistico.com\/wp-content\/uploads\/2025\/04\/img-20250409-wa01076263961639738156902-300x200.jpg 300w, https:\/\/contextoanalisisperiodistico.com\/wp-content\/uploads\/2025\/04\/img-20250409-wa01076263961639738156902-768x512.jpg 768w, https:\/\/contextoanalisisperiodistico.com\/wp-content\/uploads\/2025\/04\/img-20250409-wa01076263961639738156902-1536x1025.jpg 1536w, https:\/\/contextoanalisisperiodistico.com\/wp-content\/uploads\/2025\/04\/img-20250409-wa01076263961639738156902.jpg 2000w\" sizes=\"(max-width: 1024px) 100vw, 1024px\" \/><\/figure>\n\n\n\n<figure class=\"wp-block-image\"><img loading=\"lazy\" decoding=\"async\" width=\"1024\" height=\"684\" src=\"https:\/\/contextoanalisisperiodistico.com\/wp-content\/uploads\/2025\/04\/img-20250409-wa01024857156611384748765-1024x684.jpg\" alt=\"\" class=\"wp-image-39668\" srcset=\"https:\/\/contextoanalisisperiodistico.com\/wp-content\/uploads\/2025\/04\/img-20250409-wa01024857156611384748765-1024x684.jpg 1024w, https:\/\/contextoanalisisperiodistico.com\/wp-content\/uploads\/2025\/04\/img-20250409-wa01024857156611384748765-300x200.jpg 300w, https:\/\/contextoanalisisperiodistico.com\/wp-content\/uploads\/2025\/04\/img-20250409-wa01024857156611384748765-768x513.jpg 768w, https:\/\/contextoanalisisperiodistico.com\/wp-content\/uploads\/2025\/04\/img-20250409-wa01024857156611384748765-1536x1027.jpg 1536w, https:\/\/contextoanalisisperiodistico.com\/wp-content\/uploads\/2025\/04\/img-20250409-wa01024857156611384748765.jpg 1616w\" sizes=\"(max-width: 1024px) 100vw, 1024px\" \/><\/figure>\n\n\n\n<figure class=\"wp-block-image\"><img loading=\"lazy\" decoding=\"async\" width=\"300\" height=\"185\" src=\"https:\/\/contextoanalisisperiodistico.com\/wp-content\/uploads\/2025\/04\/fb_img_17442250004841096226094744662277-300x185.jpg\" alt=\"\" class=\"wp-image-39669\" srcset=\"https:\/\/contextoanalisisperiodistico.com\/wp-content\/uploads\/2025\/04\/fb_img_17442250004841096226094744662277-300x185.jpg 300w, https:\/\/contextoanalisisperiodistico.com\/wp-content\/uploads\/2025\/04\/fb_img_17442250004841096226094744662277.jpg 720w\" sizes=\"(max-width: 300px) 100vw, 300px\" \/><\/figure>\n\n\n\n<figure class=\"wp-block-image\"><img loading=\"lazy\" decoding=\"async\" width=\"300\" height=\"200\" src=\"https:\/\/contextoanalisisperiodistico.com\/wp-content\/uploads\/2025\/04\/fb_img_17442249899627512675654664253536-300x200.jpg\" alt=\"\" class=\"wp-image-39670\" srcset=\"https:\/\/contextoanalisisperiodistico.com\/wp-content\/uploads\/2025\/04\/fb_img_17442249899627512675654664253536-300x200.jpg 300w, https:\/\/contextoanalisisperiodistico.com\/wp-content\/uploads\/2025\/04\/fb_img_17442249899627512675654664253536.jpg 720w\" sizes=\"(max-width: 300px) 100vw, 300px\" \/><\/figure>\n\n\n\n<p>Este plan nace de un proceso participativo in\u00e9dito en el municipio: los Di\u00e1logos Vecinales por la Transformaci\u00f3n. Antes incluso de asumir funciones, se realizaron 14 encuentros ciudadanos, a los que se sumaron 7 m\u00e1s durante los primeros meses de gobierno. \u201cPasamos de un gobierno que se hac\u00eda de o\u00eddos sordos, a un gobierno joven, con energ\u00eda y comprometido con su gente\u201d, se\u00f1al\u00f3 el edil capitalino. Cada propuesta ciudadana se convirti\u00f3 en el pilar del documento presentado hoy.<\/p>\n\n\n\n<p>El Plan est\u00e1 alineado con los ejes del Plan Nacional de Desarrollo propuesto la Presidenta de M\u00e9xico Claudia Sheinbaum, as\u00ed como con los 100 puntos para la Transformaci\u00f3n, los planes estatales y la Agenda 2030. Se estructur\u00f3 en cinco ejes estrat\u00e9gicos que priorizan el Bienestar Vecinal, un Gobierno de Territorio, Honesto y Transparente, Paz, Seguridad y Justicia, Prosperidad Econ\u00f3mica Vecinal y Fomento Productivo, as\u00ed como Infraestructura Sostenible y Servicios P\u00fablicos, con ejes transversales que garantizan la igualdad sustantiva, el respeto a los derechos de ni\u00f1as, ni\u00f1os y adolescentes, el medio ambiente y la interculturalidad.<\/p>\n\n\n\n<p>\u201cQueremos una ciudad donde todas las vecinas y vecinos sin excepci\u00f3n seamos protagonistas de nuestra historia\u201d. Adem\u00e1s, resalt\u00f3 el trabajo conjunto con agencias municipales y de polic\u00eda para descentralizar los servicios y mejorar su cobertura en todas las colonias y comunidades.<\/p>\n\n\n\n<p>Este plan incluye tambi\u00e9n un Dec\u00e1logo Moral para la Transformaci\u00f3n de Oaxaca de Ju\u00e1rez, que gu\u00eda los principios \u00e9ticos de la administraci\u00f3n, y una visi\u00f3n clara de planeaci\u00f3n para el bienestar y la democracia participativa. El presidente municipal agradeci\u00f3 el respaldo del Gobernador Salom\u00f3n Jara Cruz y reiter\u00f3 su llamado a todo el funcionariado para hacer del plan una realidad: \u201cNo es solo un documento, es un compromiso con la gente de Oaxaca de Ju\u00e1rez\u201d.<\/p>\n\n\n\n<p>Finalmente, Ray Chagoya hizo un llamado a la ciudadan\u00eda: \u201cLa transformaci\u00f3n de nuestra ciudad no es tarea exclusiva del gobierno, sino de todas y todos. Oaxaca de Ju\u00e1rez es nuestra casa, nuestra causa y nuestra raz\u00f3n para no detenernos. \u00a1Todos juntos, con energ\u00eda!\u201d.<\/p>\n","protected":false},"excerpt":{"rendered":"<p>*Oaxaca de Ju\u00e1rez se coloca como el primer municipio del estado en cumplir con esta&#8230;<\/p>\n","protected":false},"author":4,"featured_media":39660,"comment_status":"","ping_status":"open","sticky":false,"template":"","format":"standard","meta":{"footnotes":""},"categories":[9],"tags":[178,235,234,45],"jetpack_sharing_enabled":true,"featured_image_urls":{"full":["https:\/\/contextoanalisisperiodistico.com\/wp-content\/uploads\/2025\/04\/FB_IMG_1744224984222.jpg",720,481,false],"thumbnail":["https:\/\/contextoanalisisperiodistico.com\/wp-content\/uploads\/2025\/04\/FB_IMG_1744224984222-150x150.jpg",150,150,true],"medium":["https:\/\/contextoanalisisperiodistico.com\/wp-content\/uploads\/2025\/04\/FB_IMG_1744224984222-300x200.jpg",300,200,true],"medium_large":["https:\/\/contextoanalisisperiodistico.com\/wp-content\/uploads\/2025\/04\/FB_IMG_1744224984222.jpg",640,428,false],"large":["https:\/\/contextoanalisisperiodistico.com\/wp-content\/uploads\/2025\/04\/FB_IMG_1744224984222.jpg",640,428,false],"1536x1536":["https:\/\/contextoanalisisperiodistico.com\/wp-content\/uploads\/2025\/04\/FB_IMG_1744224984222.jpg",720,481,false],"2048x2048":["https:\/\/contextoanalisisperiodistico.com\/wp-content\/uploads\/2025\/04\/FB_IMG_1744224984222.jpg",720,481,false],"covernews-slider-full":["https:\/\/contextoanalisisperiodistico.com\/wp-content\/uploads\/2025\/04\/FB_IMG_1744224984222.jpg",720,481,false],"covernews-slider-center":["https:\/\/contextoanalisisperiodistico.com\/wp-content\/uploads\/2025\/04\/FB_IMG_1744224984222.jpg",720,481,false],"covernews-featured":["https:\/\/contextoanalisisperiodistico.com\/wp-content\/uploads\/2025\/04\/FB_IMG_1744224984222.jpg",720,481,false],"covernews-medium":["https:\/\/contextoanalisisperiodistico.com\/wp-content\/uploads\/2025\/04\/FB_IMG_1744224984222-540x340.jpg",540,340,true],"covernews-medium-square":["https:\/\/contextoanalisisperiodistico.com\/wp-content\/uploads\/2025\/04\/FB_IMG_1744224984222-400x250.jpg",400,250,true]},"author_info":{"display_name":"Mario Gir\u00f3n","author_link":"https:\/\/contextoanalisisperiodistico.com\/index.php\/author\/director\/"},"category_info":"<a href=\"https:\/\/contextoanalisisperiodistico.com\/index.php\/category\/politica\/\" rel=\"category tag\">Pol\u00edtica<\/a>","tag_info":"Pol\u00edtica","comment_count":"0","jetpack_featured_media_url":"https:\/\/contextoanalisisperiodistico.com\/wp-content\/uploads\/2025\/04\/FB_IMG_1744224984222.jpg","_links":{"self":[{"href":"https:\/\/contextoanalisisperiodistico.com\/index.php\/wp-json\/wp\/v2\/posts\/39672"}],"collection":[{"href":"https:\/\/contextoanalisisperiodistico.com\/index.php\/wp-json\/wp\/v2\/posts"}],"about":[{"href":"https:\/\/contextoanalisisperiodistico.com\/index.php\/wp-json\/wp\/v2\/types\/post"}],"author":[{"embeddable":true,"href":"https:\/\/contextoanalisisperiodistico.com\/index.php\/wp-json\/wp\/v2\/users\/4"}],"replies":[{"embeddable":true,"href":"https:\/\/contextoanalisisperiodistico.com\/index.php\/wp-json\/wp\/v2\/comments?post=39672"}],"version-history":[{"count":0,"href":"https:\/\/contextoanalisisperiodistico.com\/index.php\/wp-json\/wp\/v2\/posts\/39672\/revisions"}],"wp:featuredmedia":[{"embeddable":true,"href":"https:\/\/contextoanalisisperiodistico.com\/index.php\/wp-json\/wp\/v2\/media\/39660"}],"wp:attachment":[{"href":"https:\/\/contextoanalisisperiodistico.com\/index.php\/wp-json\/wp\/v2\/media?parent=39672"}],"wp:term":[{"taxonomy":"category","embeddable":true,"href":"https:\/\/contextoanalisisperiodistico.com\/index.php\/wp-json\/wp\/v2\/categories?post=39672"},{"taxonomy":"post_tag","embeddable":true,"href":"https:\/\/contextoanalisisperiodistico.com\/index.php\/wp-json\/wp\/v2\/tags?post=39672"}],"curies":[{"name":"wp","href":"https:\/\/api.w.org\/{rel}","templated":true}]}}