{"id":39656,"date":"2025-04-08T17:51:40","date_gmt":"2025-04-08T23:51:40","guid":{"rendered":"https:\/\/contextoanalisisperiodistico.com\/index.php\/2025\/04\/08\/oaxaca-y-panama-fortalecen-lazos-de-cooperacion-internacional\/"},"modified":"2025-04-08T17:51:40","modified_gmt":"2025-04-08T23:51:40","slug":"oaxaca-y-panama-fortalecen-lazos-de-cooperacion-internacional","status":"publish","type":"post","link":"https:\/\/contextoanalisisperiodistico.com\/index.php\/2025\/04\/08\/oaxaca-y-panama-fortalecen-lazos-de-cooperacion-internacional\/","title":{"rendered":"Oaxaca y Panam\u00e1 fortalecen lazos de cooperaci\u00f3n internacional"},"content":{"rendered":"<div id=\"fb-root\"><\/div>\n\n<p>\u2022 El Corredor Interoce\u00e1nico del Istmo de Tehuantepec y el Canal de Panam\u00e1 son piezas clave en el comercio global: una base s\u00f3lida en Am\u00e9rica Latina para fortalecer la conectividad, competitividad y atraer inversiones<\/p>\n\n\n\n<figure class=\"wp-block-image size-large\"><img fetchpriority=\"high\" decoding=\"async\" width=\"1024\" height=\"834\" src=\"https:\/\/contextoanalisisperiodistico.com\/wp-content\/uploads\/2025\/04\/img-20250408-wa01745659762587751691813-1024x834.jpg\" alt=\"\" class=\"wp-image-39655\" srcset=\"https:\/\/contextoanalisisperiodistico.com\/wp-content\/uploads\/2025\/04\/img-20250408-wa01745659762587751691813-1024x834.jpg 1024w, https:\/\/contextoanalisisperiodistico.com\/wp-content\/uploads\/2025\/04\/img-20250408-wa01745659762587751691813-300x244.jpg 300w, https:\/\/contextoanalisisperiodistico.com\/wp-content\/uploads\/2025\/04\/img-20250408-wa01745659762587751691813-768x626.jpg 768w, https:\/\/contextoanalisisperiodistico.com\/wp-content\/uploads\/2025\/04\/img-20250408-wa01745659762587751691813.jpg 1280w\" sizes=\"(max-width: 1024px) 100vw, 1024px\" \/><\/figure>\n\n\n\n<figure class=\"wp-block-image\"><img decoding=\"async\" width=\"1024\" height=\"682\" src=\"https:\/\/contextoanalisisperiodistico.com\/wp-content\/uploads\/2025\/04\/img-20250408-wa0172713110629252199003-1024x682.jpg\" alt=\"\" class=\"wp-image-39654\" srcset=\"https:\/\/contextoanalisisperiodistico.com\/wp-content\/uploads\/2025\/04\/img-20250408-wa0172713110629252199003-1024x682.jpg 1024w, https:\/\/contextoanalisisperiodistico.com\/wp-content\/uploads\/2025\/04\/img-20250408-wa0172713110629252199003-300x200.jpg 300w, https:\/\/contextoanalisisperiodistico.com\/wp-content\/uploads\/2025\/04\/img-20250408-wa0172713110629252199003-768x512.jpg 768w, https:\/\/contextoanalisisperiodistico.com\/wp-content\/uploads\/2025\/04\/img-20250408-wa0172713110629252199003.jpg 1280w\" sizes=\"(max-width: 1024px) 100vw, 1024px\" \/><\/figure>\n\n\n\n<figure class=\"wp-block-image\"><img decoding=\"async\" width=\"1024\" height=\"682\" src=\"https:\/\/contextoanalisisperiodistico.com\/wp-content\/uploads\/2025\/04\/img-20250408-wa01731206452660089448070-1024x682.jpg\" alt=\"\" class=\"wp-image-39653\" srcset=\"https:\/\/contextoanalisisperiodistico.com\/wp-content\/uploads\/2025\/04\/img-20250408-wa01731206452660089448070-1024x682.jpg 1024w, https:\/\/contextoanalisisperiodistico.com\/wp-content\/uploads\/2025\/04\/img-20250408-wa01731206452660089448070-300x200.jpg 300w, https:\/\/contextoanalisisperiodistico.com\/wp-content\/uploads\/2025\/04\/img-20250408-wa01731206452660089448070-768x512.jpg 768w, https:\/\/contextoanalisisperiodistico.com\/wp-content\/uploads\/2025\/04\/img-20250408-wa01731206452660089448070.jpg 1280w\" sizes=\"(max-width: 1024px) 100vw, 1024px\" \/><\/figure>\n\n\n\n<p>Oaxaca de Ju\u00e1rez, Oax. 8 de abril de 2025.- El Gobernador de Oaxaca, Salom\u00f3n Jara Cruz sostuvo un encuentro con el embajador de Panam\u00e1 en M\u00e9xico, Abraham Mart\u00ednez Montilla, con el objetivo de fortalecer los lazos diplom\u00e1ticos y explorar oportunidades de hermanamiento y colaboraci\u00f3n en diversos sectores estrat\u00e9gicos.<\/p>\n\n\n\n<p>Durante la reuni\u00f3n se abordaron temas relacionados con el comercio, conectividad log\u00edstica, desarrollo tur\u00edstico y cooperaci\u00f3n institucional; asimismo, se destac\u00f3 la relevancia del Corredor Interoce\u00e1nico del Istmo de Tehuantepec (CIIT) y el Canal de Panam\u00e1 como ejes clave para la conectividad mar\u00edtima y el comercio global.<\/p>\n\n\n\n<p>El Mandatario estatal resalt\u00f3 la importancia de este encuentro como parte de la visi\u00f3n compartida y voluntad de construir puentes institucionales duraderos, para seguir consolidando alianzas estrat\u00e9gicas que promuevan el desarrollo del estado y refuercen su integraci\u00f3n en el contexto internacional.<\/p>\n\n\n\n<p>Por su parte, el Embajador de Panam\u00e1 expres\u00f3 el inter\u00e9s de su pa\u00eds para estrechar la cooperaci\u00f3n institucional en beneficio mutuo.<\/p>\n\n\n\n<p>Durante este evento, el titular de la Secretar\u00eda de Desarrollo Econ\u00f3mico (Sedeco), Ra\u00fal Ruiz Robles resalt\u00f3 la importancia de las plataformas log\u00edsticas, as\u00ed como el CIIT y el Canal de Panam\u00e1 que ofrecen una base s\u00f3lida para fortalecer la competitividad y atracci\u00f3n de inversiones.<\/p>\n\n\n\n<p>En este encuentro se expuso la voluntad de generar mecanismos que fomenten la cooperaci\u00f3n entre Panam\u00e1 y Oaxaca, as\u00ed como el intercambio de experiencias y buenas pr\u00e1cticas en el \u00e1mbito portuario. Igualmente, se convers\u00f3 sobre estrategias para atraer inversiones que contribuyan al crecimiento econ\u00f3mico y al desarrollo mutuo.<\/p>\n\n\n\n<p>De igual forma, representantes del gabinete estatal, invitados especiales y la academia, exploraron las diferentes formas de concurrencia entre ambas naciones para construir un camino com\u00fan y fortalecer el desarrollo econ\u00f3mico, la cultura, el turismo, entre otros.<\/p>\n\n\n\n<p>Esta visita destaca a Oaxaca como actor estrat\u00e9gico en el comercio mundial, a trav\u00e9s de una pol\u00edtica exterior basada en la cooperaci\u00f3n y el di\u00e1logo abierto. El estado reconoce la integraci\u00f3n regional como un pilar fundamental para el desarrollo sostenible de Latinoam\u00e9rica, fomentando alianzas que impulsen el crecimiento econ\u00f3mico y bienestar social.<br \/>-0-<\/p>\n","protected":false},"excerpt":{"rendered":"<p>\u2022 El Corredor Interoce\u00e1nico del Istmo de Tehuantepec y el Canal de Panam\u00e1 son piezas&#8230;<\/p>\n","protected":false},"author":4,"featured_media":39652,"comment_status":"","ping_status":"open","sticky":false,"template":"","format":"standard","meta":{"footnotes":""},"categories":[9],"tags":[],"jetpack_sharing_enabled":true,"featured_image_urls":{"full":["https:\/\/contextoanalisisperiodistico.com\/wp-content\/uploads\/2025\/04\/IMG-20250408-WA0175.jpg",1280,853,false],"thumbnail":["https:\/\/contextoanalisisperiodistico.com\/wp-content\/uploads\/2025\/04\/IMG-20250408-WA0175-150x150.jpg",150,150,true],"medium":["https:\/\/contextoanalisisperiodistico.com\/wp-content\/uploads\/2025\/04\/IMG-20250408-WA0175-300x200.jpg",300,200,true],"medium_large":["https:\/\/contextoanalisisperiodistico.com\/wp-content\/uploads\/2025\/04\/IMG-20250408-WA0175-768x512.jpg",640,427,true],"large":["https:\/\/contextoanalisisperiodistico.com\/wp-content\/uploads\/2025\/04\/IMG-20250408-WA0175-1024x682.jpg",640,426,true],"1536x1536":["https:\/\/contextoanalisisperiodistico.com\/wp-content\/uploads\/2025\/04\/IMG-20250408-WA0175.jpg",1280,853,false],"2048x2048":["https:\/\/contextoanalisisperiodistico.com\/wp-content\/uploads\/2025\/04\/IMG-20250408-WA0175.jpg",1280,853,false],"covernews-slider-full":["https:\/\/contextoanalisisperiodistico.com\/wp-content\/uploads\/2025\/04\/IMG-20250408-WA0175-1115x715.jpg",1115,715,true],"covernews-slider-center":["https:\/\/contextoanalisisperiodistico.com\/wp-content\/uploads\/2025\/04\/IMG-20250408-WA0175-800x500.jpg",800,500,true],"covernews-featured":["https:\/\/contextoanalisisperiodistico.com\/wp-content\/uploads\/2025\/04\/IMG-20250408-WA0175-1024x682.jpg",1024,682,true],"covernews-medium":["https:\/\/contextoanalisisperiodistico.com\/wp-content\/uploads\/2025\/04\/IMG-20250408-WA0175-540x340.jpg",540,340,true],"covernews-medium-square":["https:\/\/contextoanalisisperiodistico.com\/wp-content\/uploads\/2025\/04\/IMG-20250408-WA0175-400x250.jpg",400,250,true]},"author_info":{"display_name":"Mario Gir\u00f3n","author_link":"https:\/\/contextoanalisisperiodistico.com\/index.php\/author\/director\/"},"category_info":"<a href=\"https:\/\/contextoanalisisperiodistico.com\/index.php\/category\/politica\/\" rel=\"category tag\">Pol\u00edtica<\/a>","tag_info":"Pol\u00edtica","comment_count":"0","jetpack_featured_media_url":"https:\/\/contextoanalisisperiodistico.com\/wp-content\/uploads\/2025\/04\/IMG-20250408-WA0175.jpg","_links":{"self":[{"href":"https:\/\/contextoanalisisperiodistico.com\/index.php\/wp-json\/wp\/v2\/posts\/39656"}],"collection":[{"href":"https:\/\/contextoanalisisperiodistico.com\/index.php\/wp-json\/wp\/v2\/posts"}],"about":[{"href":"https:\/\/contextoanalisisperiodistico.com\/index.php\/wp-json\/wp\/v2\/types\/post"}],"author":[{"embeddable":true,"href":"https:\/\/contextoanalisisperiodistico.com\/index.php\/wp-json\/wp\/v2\/users\/4"}],"replies":[{"embeddable":true,"href":"https:\/\/contextoanalisisperiodistico.com\/index.php\/wp-json\/wp\/v2\/comments?post=39656"}],"version-history":[{"count":0,"href":"https:\/\/contextoanalisisperiodistico.com\/index.php\/wp-json\/wp\/v2\/posts\/39656\/revisions"}],"wp:featuredmedia":[{"embeddable":true,"href":"https:\/\/contextoanalisisperiodistico.com\/index.php\/wp-json\/wp\/v2\/media\/39652"}],"wp:attachment":[{"href":"https:\/\/contextoanalisisperiodistico.com\/index.php\/wp-json\/wp\/v2\/media?parent=39656"}],"wp:term":[{"taxonomy":"category","embeddable":true,"href":"https:\/\/contextoanalisisperiodistico.com\/index.php\/wp-json\/wp\/v2\/categories?post=39656"},{"taxonomy":"post_tag","embeddable":true,"href":"https:\/\/contextoanalisisperiodistico.com\/index.php\/wp-json\/wp\/v2\/tags?post=39656"}],"curies":[{"name":"wp","href":"https:\/\/api.w.org\/{rel}","templated":true}]}}