{"id":39651,"date":"2025-04-08T17:40:12","date_gmt":"2025-04-08T23:40:12","guid":{"rendered":"https:\/\/contextoanalisisperiodistico.com\/index.php\/2025\/04\/08\/entrega-sso-constancias-del-programa-de-alfabetizacion-en-magdalena-apasco\/"},"modified":"2025-04-08T17:40:12","modified_gmt":"2025-04-08T23:40:12","slug":"entrega-sso-constancias-del-programa-de-alfabetizacion-en-magdalena-apasco","status":"publish","type":"post","link":"https:\/\/contextoanalisisperiodistico.com\/index.php\/2025\/04\/08\/entrega-sso-constancias-del-programa-de-alfabetizacion-en-magdalena-apasco\/","title":{"rendered":"Entrega SSO constancias del programa de alfabetizaci\u00f3n en Magdalena Apasco"},"content":{"rendered":"<div id=\"fb-root\"><\/div>\n\n<p>\u2022 Siete historias, una misma meta: la alfabetizaci\u00f3n como camino hacia la salud y la dignidad<br \/>Magdalena Apasco, Oax. 8 de abril de 2025.- En un emotivo acto que pone rostro humano al compromiso por la justicia social, Servicios de Salud de Oaxaca (SSO) entreg\u00f3 constancias del programa \u201cAlfabetizaci\u00f3n para el Bienestar\u201d a siete mujeres originarias de este municipio, quienes decidieron romper con estigmas generacionales y abrirse paso hacia un nuevo horizonte a trav\u00e9s del poder de la palabra escrita.<\/p>\n\n\n\n<figure class=\"wp-block-image size-large\"><img fetchpriority=\"high\" decoding=\"async\" width=\"1024\" height=\"682\" src=\"https:\/\/contextoanalisisperiodistico.com\/wp-content\/uploads\/2025\/04\/img-20250408-wa014959369569108409479-1024x682.jpg\" alt=\"\" class=\"wp-image-39645\" srcset=\"https:\/\/contextoanalisisperiodistico.com\/wp-content\/uploads\/2025\/04\/img-20250408-wa014959369569108409479-1024x682.jpg 1024w, https:\/\/contextoanalisisperiodistico.com\/wp-content\/uploads\/2025\/04\/img-20250408-wa014959369569108409479-300x200.jpg 300w, https:\/\/contextoanalisisperiodistico.com\/wp-content\/uploads\/2025\/04\/img-20250408-wa014959369569108409479-768x512.jpg 768w, https:\/\/contextoanalisisperiodistico.com\/wp-content\/uploads\/2025\/04\/img-20250408-wa014959369569108409479.jpg 1280w\" sizes=\"(max-width: 1024px) 100vw, 1024px\" \/><\/figure>\n\n\n\n<figure class=\"wp-block-image\"><img decoding=\"async\" width=\"1024\" height=\"682\" src=\"https:\/\/contextoanalisisperiodistico.com\/wp-content\/uploads\/2025\/04\/img-20250408-wa01514719373667697142566-1024x682.jpg\" alt=\"\" class=\"wp-image-39644\" srcset=\"https:\/\/contextoanalisisperiodistico.com\/wp-content\/uploads\/2025\/04\/img-20250408-wa01514719373667697142566-1024x682.jpg 1024w, https:\/\/contextoanalisisperiodistico.com\/wp-content\/uploads\/2025\/04\/img-20250408-wa01514719373667697142566-300x200.jpg 300w, https:\/\/contextoanalisisperiodistico.com\/wp-content\/uploads\/2025\/04\/img-20250408-wa01514719373667697142566-768x512.jpg 768w, https:\/\/contextoanalisisperiodistico.com\/wp-content\/uploads\/2025\/04\/img-20250408-wa01514719373667697142566.jpg 1280w\" sizes=\"(max-width: 1024px) 100vw, 1024px\" \/><\/figure>\n\n\n\n<figure class=\"wp-block-image\"><img decoding=\"async\" width=\"1024\" height=\"682\" src=\"https:\/\/contextoanalisisperiodistico.com\/wp-content\/uploads\/2025\/04\/img-20250408-wa01502736360912762289406-1024x682.jpg\" alt=\"\" class=\"wp-image-39647\" srcset=\"https:\/\/contextoanalisisperiodistico.com\/wp-content\/uploads\/2025\/04\/img-20250408-wa01502736360912762289406-1024x682.jpg 1024w, https:\/\/contextoanalisisperiodistico.com\/wp-content\/uploads\/2025\/04\/img-20250408-wa01502736360912762289406-300x200.jpg 300w, https:\/\/contextoanalisisperiodistico.com\/wp-content\/uploads\/2025\/04\/img-20250408-wa01502736360912762289406-768x512.jpg 768w, https:\/\/contextoanalisisperiodistico.com\/wp-content\/uploads\/2025\/04\/img-20250408-wa01502736360912762289406.jpg 1280w\" sizes=\"(max-width: 1024px) 100vw, 1024px\" \/><\/figure>\n\n\n\n<figure class=\"wp-block-image\"><img loading=\"lazy\" decoding=\"async\" width=\"1024\" height=\"682\" src=\"https:\/\/contextoanalisisperiodistico.com\/wp-content\/uploads\/2025\/04\/img-20250408-wa01534164696735374785918-1024x682.jpg\" alt=\"\" class=\"wp-image-39646\" srcset=\"https:\/\/contextoanalisisperiodistico.com\/wp-content\/uploads\/2025\/04\/img-20250408-wa01534164696735374785918-1024x682.jpg 1024w, https:\/\/contextoanalisisperiodistico.com\/wp-content\/uploads\/2025\/04\/img-20250408-wa01534164696735374785918-300x200.jpg 300w, https:\/\/contextoanalisisperiodistico.com\/wp-content\/uploads\/2025\/04\/img-20250408-wa01534164696735374785918-768x512.jpg 768w, https:\/\/contextoanalisisperiodistico.com\/wp-content\/uploads\/2025\/04\/img-20250408-wa01534164696735374785918.jpg 1280w\" sizes=\"(max-width: 1024px) 100vw, 1024px\" \/><\/figure>\n\n\n\n<figure class=\"wp-block-image\"><img loading=\"lazy\" decoding=\"async\" width=\"1024\" height=\"682\" src=\"https:\/\/contextoanalisisperiodistico.com\/wp-content\/uploads\/2025\/04\/img-20250408-wa01527964705508845473530-1024x682.jpg\" alt=\"\" class=\"wp-image-39648\" srcset=\"https:\/\/contextoanalisisperiodistico.com\/wp-content\/uploads\/2025\/04\/img-20250408-wa01527964705508845473530-1024x682.jpg 1024w, https:\/\/contextoanalisisperiodistico.com\/wp-content\/uploads\/2025\/04\/img-20250408-wa01527964705508845473530-300x200.jpg 300w, https:\/\/contextoanalisisperiodistico.com\/wp-content\/uploads\/2025\/04\/img-20250408-wa01527964705508845473530-768x512.jpg 768w, https:\/\/contextoanalisisperiodistico.com\/wp-content\/uploads\/2025\/04\/img-20250408-wa01527964705508845473530.jpg 1280w\" sizes=\"(max-width: 1024px) 100vw, 1024px\" \/><\/figure>\n\n\n\n<figure class=\"wp-block-image\"><img loading=\"lazy\" decoding=\"async\" width=\"1024\" height=\"691\" src=\"https:\/\/contextoanalisisperiodistico.com\/wp-content\/uploads\/2025\/04\/img-20250408-wa01553535423407250002975-1024x691.jpg\" alt=\"\" class=\"wp-image-39650\" srcset=\"https:\/\/contextoanalisisperiodistico.com\/wp-content\/uploads\/2025\/04\/img-20250408-wa01553535423407250002975-1024x691.jpg 1024w, https:\/\/contextoanalisisperiodistico.com\/wp-content\/uploads\/2025\/04\/img-20250408-wa01553535423407250002975-300x203.jpg 300w, https:\/\/contextoanalisisperiodistico.com\/wp-content\/uploads\/2025\/04\/img-20250408-wa01553535423407250002975-768x518.jpg 768w, https:\/\/contextoanalisisperiodistico.com\/wp-content\/uploads\/2025\/04\/img-20250408-wa01553535423407250002975.jpg 1280w\" sizes=\"(max-width: 1024px) 100vw, 1024px\" \/><\/figure>\n\n\n\n<figure class=\"wp-block-image\"><img loading=\"lazy\" decoding=\"async\" width=\"1024\" height=\"682\" src=\"https:\/\/contextoanalisisperiodistico.com\/wp-content\/uploads\/2025\/04\/img-20250408-wa01545498644884579991598-1024x682.jpg\" alt=\"\" class=\"wp-image-39649\" srcset=\"https:\/\/contextoanalisisperiodistico.com\/wp-content\/uploads\/2025\/04\/img-20250408-wa01545498644884579991598-1024x682.jpg 1024w, https:\/\/contextoanalisisperiodistico.com\/wp-content\/uploads\/2025\/04\/img-20250408-wa01545498644884579991598-300x200.jpg 300w, https:\/\/contextoanalisisperiodistico.com\/wp-content\/uploads\/2025\/04\/img-20250408-wa01545498644884579991598-768x512.jpg 768w, https:\/\/contextoanalisisperiodistico.com\/wp-content\/uploads\/2025\/04\/img-20250408-wa01545498644884579991598.jpg 1280w\" sizes=\"(max-width: 1024px) 100vw, 1024px\" \/><\/figure>\n\n\n\n<p>\u201cToda mi vida he trabajado en el campo, pero nunca es tarde para aprender. Nunca pens\u00e9 que a mi edad podr\u00eda aprender tantas cosas, cada letra que aprend\u00eda me hac\u00eda entender mejor el mundo\u201d, afirm\u00f3 Engracia Victoria Villanueva, de 83 a\u00f1os, al sostener una hoja que le\u00eda con determinaci\u00f3n y seguridad.<\/p>\n\n\n\n<p>Oriunda de este municipio, madre de dos hijos y abuela de un nieto, hoy al igual que ella, seis mujeres m\u00e1s de esta localidad pueden leer sus recetas m\u00e9dicas, al escapar del rol asignado por tradici\u00f3n y aprender a leer y escribir, gracias a este programa, una iniciativa impulsada por el Gobernador Salom\u00f3n Jara Cruz, a la cual se sum\u00f3 SSO.<\/p>\n\n\n\n<p>Durante la ceremonia, el subdirector general de Administraci\u00f3n y Finanzas de la dependencia, Octavio Torres Castillo, en representaci\u00f3n del secretario de Salud, Efr\u00e9n Emmanuel Jarqu\u00edn Gonz\u00e1lez, reconoci\u00f3 que \u201cla alfabetizaci\u00f3n es un acto de justicia, una herramienta que empodera y permite acceder a derechos esenciales como el cuidado de la salud. Por eso decimos con convicci\u00f3n: educaci\u00f3n y salud van de la mano\u201d.<\/p>\n\n\n\n<p>Junto al presidente municipal Virgilio P\u00e9rez Santiago, el funcionario celebr\u00f3 a las nuevas lectoras como un s\u00edmbolo de esperanza y transformaci\u00f3n: \u201cCada palabra aprendida es una semilla que florece en sus familias, en sus comunidades y en el Oaxaca que estamos construyendo\u201d.<\/p>\n\n\n\n<p>En su oportunidad, el edil municipal agradeci\u00f3 la puesta en marcha de este programa gratuito para personas mayores de 16 a\u00f1os en situaci\u00f3n de rezago: \u201cHoy Magdalena Apasco se honra con estas mujeres valientes, y con el equipo que ha hecho posible este cambio. Alfabetizar es bienestar\u201d.<\/p>\n\n\n\n<p>Cabe destacar que adem\u00e1s de la se\u00f1ora Engracia, recibieron su constancia Cira Concepci\u00f3n Jim\u00e9nez Carballido, Ver\u00f3nica Isabel Nolasco Ramales, Benita Lourdes Hern\u00e1ndez Dom\u00ednguez, Ang\u00e9lica Mar\u00eda Ch\u00e1vez Hern\u00e1ndez, Margarita Cabrera P\u00e9rez y Elsa Justina D\u00edaz Miguel.<\/p>\n\n\n\n<p>Este acto no solo entrega un documento, sino el reconocimiento a una lucha personal y colectiva. Una lecci\u00f3n de dignidad que recuerda que nunca es tarde para comenzar y que el bienestar tambi\u00e9n se escribe con l\u00e1piz y papel.<\/p>\n\n\n\n<p>-0-<\/p>\n","protected":false},"excerpt":{"rendered":"<p>\u2022 Siete historias, una misma meta: la alfabetizaci\u00f3n como camino hacia la salud y la&#8230;<\/p>\n","protected":false},"author":4,"featured_media":39643,"comment_status":"","ping_status":"open","sticky":false,"template":"","format":"standard","meta":{"footnotes":""},"categories":[92],"tags":[],"jetpack_sharing_enabled":true,"featured_image_urls":{"full":["https:\/\/contextoanalisisperiodistico.com\/wp-content\/uploads\/2025\/04\/IMG-20250408-WA0148.jpg",1280,853,false],"thumbnail":["https:\/\/contextoanalisisperiodistico.com\/wp-content\/uploads\/2025\/04\/IMG-20250408-WA0148-150x150.jpg",150,150,true],"medium":["https:\/\/contextoanalisisperiodistico.com\/wp-content\/uploads\/2025\/04\/IMG-20250408-WA0148-300x200.jpg",300,200,true],"medium_large":["https:\/\/contextoanalisisperiodistico.com\/wp-content\/uploads\/2025\/04\/IMG-20250408-WA0148-768x512.jpg",640,427,true],"large":["https:\/\/contextoanalisisperiodistico.com\/wp-content\/uploads\/2025\/04\/IMG-20250408-WA0148-1024x682.jpg",640,426,true],"1536x1536":["https:\/\/contextoanalisisperiodistico.com\/wp-content\/uploads\/2025\/04\/IMG-20250408-WA0148.jpg",1280,853,false],"2048x2048":["https:\/\/contextoanalisisperiodistico.com\/wp-content\/uploads\/2025\/04\/IMG-20250408-WA0148.jpg",1280,853,false],"covernews-slider-full":["https:\/\/contextoanalisisperiodistico.com\/wp-content\/uploads\/2025\/04\/IMG-20250408-WA0148-1115x715.jpg",1115,715,true],"covernews-slider-center":["https:\/\/contextoanalisisperiodistico.com\/wp-content\/uploads\/2025\/04\/IMG-20250408-WA0148-800x500.jpg",800,500,true],"covernews-featured":["https:\/\/contextoanalisisperiodistico.com\/wp-content\/uploads\/2025\/04\/IMG-20250408-WA0148-1024x682.jpg",1024,682,true],"covernews-medium":["https:\/\/contextoanalisisperiodistico.com\/wp-content\/uploads\/2025\/04\/IMG-20250408-WA0148-540x340.jpg",540,340,true],"covernews-medium-square":["https:\/\/contextoanalisisperiodistico.com\/wp-content\/uploads\/2025\/04\/IMG-20250408-WA0148-400x250.jpg",400,250,true]},"author_info":{"display_name":"Mario Gir\u00f3n","author_link":"https:\/\/contextoanalisisperiodistico.com\/index.php\/author\/director\/"},"category_info":"<a href=\"https:\/\/contextoanalisisperiodistico.com\/index.php\/category\/salud\/\" rel=\"category tag\">Salud<\/a>","tag_info":"Salud","comment_count":"0","jetpack_featured_media_url":"https:\/\/contextoanalisisperiodistico.com\/wp-content\/uploads\/2025\/04\/IMG-20250408-WA0148.jpg","_links":{"self":[{"href":"https:\/\/contextoanalisisperiodistico.com\/index.php\/wp-json\/wp\/v2\/posts\/39651"}],"collection":[{"href":"https:\/\/contextoanalisisperiodistico.com\/index.php\/wp-json\/wp\/v2\/posts"}],"about":[{"href":"https:\/\/contextoanalisisperiodistico.com\/index.php\/wp-json\/wp\/v2\/types\/post"}],"author":[{"embeddable":true,"href":"https:\/\/contextoanalisisperiodistico.com\/index.php\/wp-json\/wp\/v2\/users\/4"}],"replies":[{"embeddable":true,"href":"https:\/\/contextoanalisisperiodistico.com\/index.php\/wp-json\/wp\/v2\/comments?post=39651"}],"version-history":[{"count":0,"href":"https:\/\/contextoanalisisperiodistico.com\/index.php\/wp-json\/wp\/v2\/posts\/39651\/revisions"}],"wp:featuredmedia":[{"embeddable":true,"href":"https:\/\/contextoanalisisperiodistico.com\/index.php\/wp-json\/wp\/v2\/media\/39643"}],"wp:attachment":[{"href":"https:\/\/contextoanalisisperiodistico.com\/index.php\/wp-json\/wp\/v2\/media?parent=39651"}],"wp:term":[{"taxonomy":"category","embeddable":true,"href":"https:\/\/contextoanalisisperiodistico.com\/index.php\/wp-json\/wp\/v2\/categories?post=39651"},{"taxonomy":"post_tag","embeddable":true,"href":"https:\/\/contextoanalisisperiodistico.com\/index.php\/wp-json\/wp\/v2\/tags?post=39651"}],"curies":[{"name":"wp","href":"https:\/\/api.w.org\/{rel}","templated":true}]}}