{"id":39627,"date":"2025-04-08T08:30:49","date_gmt":"2025-04-08T14:30:49","guid":{"rendered":"https:\/\/contextoanalisisperiodistico.com\/index.php\/2025\/04\/08\/entrega-de-equipamiento-refuerza-la-seguridad-en-oaxaca-de-juarez\/"},"modified":"2025-04-08T08:30:49","modified_gmt":"2025-04-08T14:30:49","slug":"entrega-de-equipamiento-refuerza-la-seguridad-en-oaxaca-de-juarez","status":"publish","type":"post","link":"https:\/\/contextoanalisisperiodistico.com\/index.php\/2025\/04\/08\/entrega-de-equipamiento-refuerza-la-seguridad-en-oaxaca-de-juarez\/","title":{"rendered":"Entrega de equipamiento refuerza la seguridad en Oaxaca de Ju\u00e1rez"},"content":{"rendered":"<div id=\"fb-root\"><\/div>\n\n<ul class=\"wp-block-list\">\n<li>El Presidente Municipal Ray Chagoya reconoce labor policial y reafirma compromiso con la prevenci\u00f3n<\/li>\n<\/ul>\n\n\n\n<p>Oaxaca de Ju\u00e1rez, Oax. 8 de abril de 2025.- El Gobernador Salom\u00f3n Jara Cruz y el Presidente Municipal de Oaxaca de Ju\u00e1rez, Ray Chagoya, entregaron nuevo equipamiento estrat\u00e9gico para la Secretar\u00eda de Seguridad Vecinal, en el marco del fortalecimiento del modelo de polic\u00eda de proximidad y prevenci\u00f3n del delito.<\/p>\n\n\n\n<p>\u201cLa seguridad no puede esperar, y en Oaxaca de Ju\u00e1rez estamos actuando con decisi\u00f3n\u201d, expres\u00f3 el edil de la capital.<\/p>\n\n\n\n<p>Durante el evento realizado en la avenida Central del Mercado de Abasto, Ray Chagoya destac\u00f3 la coordinaci\u00f3n con el Gobierno del Estado y la Secretar\u00eda de Seguridad P\u00fablica Estatal, para implementar el Nuevo Modelo Nacional de Polic\u00eda y Justicia C\u00edvica.<\/p>\n\n\n\n<p>\u201cGracias al compromiso del Gobernador, hoy trabajamos bajo una visi\u00f3n que pone en el centro a la ciudadan\u00eda y prioriza la prevenci\u00f3n como base de la seguridad\u201d, subray\u00f3.<\/p>\n\n\n\n<p>El presidente municipal anunci\u00f3 la entrega de cinco unidades tipo Explorer, equipadas con sistemas de reconocimiento facial, lectura de placas, videovigilancia y conexi\u00f3n directa al C2.<\/p>\n\n\n\n<p>\u201cEstos recursos permitir\u00e1n una actuaci\u00f3n m\u00e1s eficiente y oportuna ante cualquier hecho delictivo. No dejaremos ninguna ventana rota en nuestra ciudad\u201d, enfatiz\u00f3, haciendo alusi\u00f3n a la teor\u00eda del mismo nombre.<\/p>\n\n\n\n<p>Adem\u00e1s, inform\u00f3 sobre la rehabilitaci\u00f3n de 11 m\u00f3dulos m\u00f3viles de vigilancia, de los cuales tres ya se encuentran operativos, despu\u00e9s de a\u00f1os de abandono. Estas acciones se suman a la entrega previa de seis camionetas y 20 motocicletas en enero, consolidando un esfuerzo continuo por dotar a las fuerzas municipales de herramientas modernas y funcionales.<\/p>\n\n\n\n<p>Finalmente, Ray Chagoya reconoci\u00f3 p\u00fablicamente la labor diaria de las y los polic\u00edas municipales: \u201cSu trabajo, aunque desafiante, es fundamental para construir un Oaxaca m\u00e1s seguro y en paz. Sigamos protegiendo y sirviendo para transformar la capital y construir as\u00ed un Oaxaca m\u00e1s fuerte y m\u00e1s seguro para todas y todos\u201d.<\/p>\n\n\n\n<figure class=\"wp-block-image size-large\"><img fetchpriority=\"high\" decoding=\"async\" width=\"1024\" height=\"684\" src=\"https:\/\/contextoanalisisperiodistico.com\/wp-content\/uploads\/2025\/04\/img-20250408-wa0026968392222656018666-1024x684.jpg\" alt=\"\" class=\"wp-image-39622\" srcset=\"https:\/\/contextoanalisisperiodistico.com\/wp-content\/uploads\/2025\/04\/img-20250408-wa0026968392222656018666-1024x684.jpg 1024w, https:\/\/contextoanalisisperiodistico.com\/wp-content\/uploads\/2025\/04\/img-20250408-wa0026968392222656018666-300x200.jpg 300w, https:\/\/contextoanalisisperiodistico.com\/wp-content\/uploads\/2025\/04\/img-20250408-wa0026968392222656018666-768x513.jpg 768w, https:\/\/contextoanalisisperiodistico.com\/wp-content\/uploads\/2025\/04\/img-20250408-wa0026968392222656018666-1536x1027.jpg 1536w, https:\/\/contextoanalisisperiodistico.com\/wp-content\/uploads\/2025\/04\/img-20250408-wa0026968392222656018666.jpg 1616w\" sizes=\"(max-width: 1024px) 100vw, 1024px\" \/><\/figure>\n\n\n\n<figure class=\"wp-block-image\"><img decoding=\"async\" width=\"1024\" height=\"664\" src=\"https:\/\/contextoanalisisperiodistico.com\/wp-content\/uploads\/2025\/04\/img-20250408-wa00252744784177451770773-1024x664.jpg\" alt=\"\" class=\"wp-image-39623\" srcset=\"https:\/\/contextoanalisisperiodistico.com\/wp-content\/uploads\/2025\/04\/img-20250408-wa00252744784177451770773-1024x664.jpg 1024w, https:\/\/contextoanalisisperiodistico.com\/wp-content\/uploads\/2025\/04\/img-20250408-wa00252744784177451770773-300x195.jpg 300w, https:\/\/contextoanalisisperiodistico.com\/wp-content\/uploads\/2025\/04\/img-20250408-wa00252744784177451770773-768x498.jpg 768w, https:\/\/contextoanalisisperiodistico.com\/wp-content\/uploads\/2025\/04\/img-20250408-wa00252744784177451770773.jpg 1513w\" sizes=\"(max-width: 1024px) 100vw, 1024px\" \/><\/figure>\n\n\n\n<figure class=\"wp-block-image\"><img decoding=\"async\" width=\"1024\" height=\"684\" src=\"https:\/\/contextoanalisisperiodistico.com\/wp-content\/uploads\/2025\/04\/img-20250408-wa00286832241403358716440-1024x684.jpg\" alt=\"\" class=\"wp-image-39621\" srcset=\"https:\/\/contextoanalisisperiodistico.com\/wp-content\/uploads\/2025\/04\/img-20250408-wa00286832241403358716440-1024x684.jpg 1024w, https:\/\/contextoanalisisperiodistico.com\/wp-content\/uploads\/2025\/04\/img-20250408-wa00286832241403358716440-300x200.jpg 300w, https:\/\/contextoanalisisperiodistico.com\/wp-content\/uploads\/2025\/04\/img-20250408-wa00286832241403358716440-768x513.jpg 768w, https:\/\/contextoanalisisperiodistico.com\/wp-content\/uploads\/2025\/04\/img-20250408-wa00286832241403358716440-1536x1027.jpg 1536w, https:\/\/contextoanalisisperiodistico.com\/wp-content\/uploads\/2025\/04\/img-20250408-wa00286832241403358716440.jpg 1616w\" sizes=\"(max-width: 1024px) 100vw, 1024px\" \/><\/figure>\n\n\n\n<figure class=\"wp-block-image\"><img loading=\"lazy\" decoding=\"async\" width=\"1024\" height=\"684\" src=\"https:\/\/contextoanalisisperiodistico.com\/wp-content\/uploads\/2025\/04\/img-20250408-wa00297493142276129934357-1024x684.jpg\" alt=\"\" class=\"wp-image-39624\" srcset=\"https:\/\/contextoanalisisperiodistico.com\/wp-content\/uploads\/2025\/04\/img-20250408-wa00297493142276129934357-1024x684.jpg 1024w, https:\/\/contextoanalisisperiodistico.com\/wp-content\/uploads\/2025\/04\/img-20250408-wa00297493142276129934357-300x200.jpg 300w, https:\/\/contextoanalisisperiodistico.com\/wp-content\/uploads\/2025\/04\/img-20250408-wa00297493142276129934357-768x513.jpg 768w, https:\/\/contextoanalisisperiodistico.com\/wp-content\/uploads\/2025\/04\/img-20250408-wa00297493142276129934357-1536x1027.jpg 1536w, https:\/\/contextoanalisisperiodistico.com\/wp-content\/uploads\/2025\/04\/img-20250408-wa00297493142276129934357.jpg 1616w\" sizes=\"(max-width: 1024px) 100vw, 1024px\" \/><\/figure>\n\n\n\n<figure class=\"wp-block-image\"><img loading=\"lazy\" decoding=\"async\" width=\"1024\" height=\"685\" src=\"https:\/\/contextoanalisisperiodistico.com\/wp-content\/uploads\/2025\/04\/img-20250408-wa00305816164842498526600-1024x685.jpg\" alt=\"\" class=\"wp-image-39625\" srcset=\"https:\/\/contextoanalisisperiodistico.com\/wp-content\/uploads\/2025\/04\/img-20250408-wa00305816164842498526600-1024x685.jpg 1024w, https:\/\/contextoanalisisperiodistico.com\/wp-content\/uploads\/2025\/04\/img-20250408-wa00305816164842498526600-300x201.jpg 300w, https:\/\/contextoanalisisperiodistico.com\/wp-content\/uploads\/2025\/04\/img-20250408-wa00305816164842498526600-768x513.jpg 768w, https:\/\/contextoanalisisperiodistico.com\/wp-content\/uploads\/2025\/04\/img-20250408-wa00305816164842498526600-1536x1027.jpg 1536w, https:\/\/contextoanalisisperiodistico.com\/wp-content\/uploads\/2025\/04\/img-20250408-wa00305816164842498526600.jpg 1578w\" sizes=\"(max-width: 1024px) 100vw, 1024px\" \/><\/figure>\n\n\n\n<figure class=\"wp-block-image\"><img loading=\"lazy\" decoding=\"async\" width=\"1024\" height=\"684\" src=\"https:\/\/contextoanalisisperiodistico.com\/wp-content\/uploads\/2025\/04\/img-20250408-wa00273192037730930703722-1024x684.jpg\" alt=\"\" class=\"wp-image-39626\" srcset=\"https:\/\/contextoanalisisperiodistico.com\/wp-content\/uploads\/2025\/04\/img-20250408-wa00273192037730930703722-1024x684.jpg 1024w, https:\/\/contextoanalisisperiodistico.com\/wp-content\/uploads\/2025\/04\/img-20250408-wa00273192037730930703722-300x200.jpg 300w, https:\/\/contextoanalisisperiodistico.com\/wp-content\/uploads\/2025\/04\/img-20250408-wa00273192037730930703722-768x513.jpg 768w, https:\/\/contextoanalisisperiodistico.com\/wp-content\/uploads\/2025\/04\/img-20250408-wa00273192037730930703722-1536x1027.jpg 1536w, https:\/\/contextoanalisisperiodistico.com\/wp-content\/uploads\/2025\/04\/img-20250408-wa00273192037730930703722.jpg 1616w\" sizes=\"(max-width: 1024px) 100vw, 1024px\" \/><\/figure>\n","protected":false},"excerpt":{"rendered":"<p>Oaxaca de Ju\u00e1rez, Oax. 8 de abril de 2025.- El Gobernador Salom\u00f3n Jara Cruz y&#8230;<\/p>\n","protected":false},"author":4,"featured_media":39620,"comment_status":"","ping_status":"open","sticky":false,"template":"","format":"standard","meta":{"footnotes":""},"categories":[9],"tags":[178,235,234,45],"jetpack_sharing_enabled":true,"featured_image_urls":{"full":["https:\/\/contextoanalisisperiodistico.com\/wp-content\/uploads\/2025\/04\/IMG-20250408-WA0024.jpg",1616,1080,false],"thumbnail":["https:\/\/contextoanalisisperiodistico.com\/wp-content\/uploads\/2025\/04\/IMG-20250408-WA0024-150x150.jpg",150,150,true],"medium":["https:\/\/contextoanalisisperiodistico.com\/wp-content\/uploads\/2025\/04\/IMG-20250408-WA0024-300x200.jpg",300,200,true],"medium_large":["https:\/\/contextoanalisisperiodistico.com\/wp-content\/uploads\/2025\/04\/IMG-20250408-WA0024-768x513.jpg",640,428,true],"large":["https:\/\/contextoanalisisperiodistico.com\/wp-content\/uploads\/2025\/04\/IMG-20250408-WA0024-1024x684.jpg",640,428,true],"1536x1536":["https:\/\/contextoanalisisperiodistico.com\/wp-content\/uploads\/2025\/04\/IMG-20250408-WA0024-1536x1027.jpg",1536,1027,true],"2048x2048":["https:\/\/contextoanalisisperiodistico.com\/wp-content\/uploads\/2025\/04\/IMG-20250408-WA0024.jpg",1616,1080,false],"covernews-slider-full":["https:\/\/contextoanalisisperiodistico.com\/wp-content\/uploads\/2025\/04\/IMG-20250408-WA0024-1115x715.jpg",1115,715,true],"covernews-slider-center":["https:\/\/contextoanalisisperiodistico.com\/wp-content\/uploads\/2025\/04\/IMG-20250408-WA0024-800x500.jpg",800,500,true],"covernews-featured":["https:\/\/contextoanalisisperiodistico.com\/wp-content\/uploads\/2025\/04\/IMG-20250408-WA0024-1024x684.jpg",1024,684,true],"covernews-medium":["https:\/\/contextoanalisisperiodistico.com\/wp-content\/uploads\/2025\/04\/IMG-20250408-WA0024-540x340.jpg",540,340,true],"covernews-medium-square":["https:\/\/contextoanalisisperiodistico.com\/wp-content\/uploads\/2025\/04\/IMG-20250408-WA0024-400x250.jpg",400,250,true]},"author_info":{"display_name":"Mario Gir\u00f3n","author_link":"https:\/\/contextoanalisisperiodistico.com\/index.php\/author\/director\/"},"category_info":"<a href=\"https:\/\/contextoanalisisperiodistico.com\/index.php\/category\/politica\/\" rel=\"category tag\">Pol\u00edtica<\/a>","tag_info":"Pol\u00edtica","comment_count":"0","jetpack_featured_media_url":"https:\/\/contextoanalisisperiodistico.com\/wp-content\/uploads\/2025\/04\/IMG-20250408-WA0024.jpg","_links":{"self":[{"href":"https:\/\/contextoanalisisperiodistico.com\/index.php\/wp-json\/wp\/v2\/posts\/39627"}],"collection":[{"href":"https:\/\/contextoanalisisperiodistico.com\/index.php\/wp-json\/wp\/v2\/posts"}],"about":[{"href":"https:\/\/contextoanalisisperiodistico.com\/index.php\/wp-json\/wp\/v2\/types\/post"}],"author":[{"embeddable":true,"href":"https:\/\/contextoanalisisperiodistico.com\/index.php\/wp-json\/wp\/v2\/users\/4"}],"replies":[{"embeddable":true,"href":"https:\/\/contextoanalisisperiodistico.com\/index.php\/wp-json\/wp\/v2\/comments?post=39627"}],"version-history":[{"count":0,"href":"https:\/\/contextoanalisisperiodistico.com\/index.php\/wp-json\/wp\/v2\/posts\/39627\/revisions"}],"wp:featuredmedia":[{"embeddable":true,"href":"https:\/\/contextoanalisisperiodistico.com\/index.php\/wp-json\/wp\/v2\/media\/39620"}],"wp:attachment":[{"href":"https:\/\/contextoanalisisperiodistico.com\/index.php\/wp-json\/wp\/v2\/media?parent=39627"}],"wp:term":[{"taxonomy":"category","embeddable":true,"href":"https:\/\/contextoanalisisperiodistico.com\/index.php\/wp-json\/wp\/v2\/categories?post=39627"},{"taxonomy":"post_tag","embeddable":true,"href":"https:\/\/contextoanalisisperiodistico.com\/index.php\/wp-json\/wp\/v2\/tags?post=39627"}],"curies":[{"name":"wp","href":"https:\/\/api.w.org\/{rel}","templated":true}]}}