{"id":39480,"date":"2025-04-05T17:11:56","date_gmt":"2025-04-05T23:11:56","guid":{"rendered":"https:\/\/contextoanalisisperiodistico.com\/?p=39480"},"modified":"2025-04-05T17:12:58","modified_gmt":"2025-04-05T23:12:58","slug":"oaxaca-de-juarez-recibe-el-distintivo-ciudad-arbol-del-mundo","status":"publish","type":"post","link":"https:\/\/contextoanalisisperiodistico.com\/index.php\/2025\/04\/05\/oaxaca-de-juarez-recibe-el-distintivo-ciudad-arbol-del-mundo\/","title":{"rendered":"Oaxaca de Ju\u00e1rez Recibe el Distintivo \u00abCiudad \u00c1rbol del Mundo\u201d"},"content":{"rendered":"<div id=\"fb-root\"><\/div>\n\n<ul class=\"wp-block-list\">\n<li>El trabajo para proteger el medio ambiente es un esfuerzo constante que requiere la participaci\u00f3n de todos.<\/li>\n<\/ul>\n\n\n\n<p>Oaxaca de Ju\u00e1rez, 5 de abril de 2025.- En una ceremonia celebrada en el Museo Infantil de Oaxaca (MIO), la ciudad de Oaxaca de Ju\u00e1rez recibi\u00f3 con orgullo el prestigioso distintivo \u00abCiudad \u00c1rbol del Mundo\u00bb, otorgado por la Arbor Day Foundation y la Organizaci\u00f3n de las Naciones Unidas para la Alimentaci\u00f3n y la Agricultura (FAO), a trav\u00e9s de Reforestamos M\u00e9xico.<\/p>\n\n\n\n<p>Este reconocimiento destaca el compromiso y el esfuerzo colectivo de la comunidad oaxaque\u00f1a por promover la sostenibilidad y la protecci\u00f3n del medio ambiente a trav\u00e9s de la arborizaci\u00f3n y la recuperaci\u00f3n de espacios verdes.<\/p>\n\n\n\n<p>El presidente municipal de Oaxaca de Ju\u00e1rez, al recibir el distintivo, expres\u00f3 su profundo agradecimiento a todos los ciudadanos que han trabajado incansablemente para hacer de la ciudad un modelo en cuanto a pol\u00edticas ambientales.<\/p>\n\n\n\n<p>\u00abEste distintivo no es solo un t\u00edtulo; es el reflejo del esfuerzo de cada persona que ha apostado por transformar nuestra ciudad en un espacio m\u00e1s verde, ordenado y sustentable\u00bb, afirm\u00f3 el edil, destacando la relevancia de iniciativas como las plantaciones de \u00e1rboles en el bosque del Tequio y las acciones de los vecinos que contribuyen al bienestar de la ciudad de manera diaria\u00bb mencion\u00f3.<\/p>\n\n\n\n<p>Con este reconocimiento, Oaxaca de Ju\u00e1rez se convierte en la primera ciudad del estado en recibir este honor, lo que subraya la importancia del trabajo conjunto entre autoridades, ciudadanos y organizaciones internacionales para enfrentar los desaf\u00edos ambientales que enfrenta el mundo.<\/p>\n\n\n\n<p>\u00abCuando trabajamos juntas y juntos, logramos cambios profundos y duraderos\u00bb, se\u00f1al\u00f3 el presidente municipal.<\/p>\n\n\n\n<p>El evento tambi\u00e9n sirvi\u00f3 como una plataforma para fortalecer alianzas con otras ciudades de M\u00e9xico y del mundo, enfocadas en la protecci\u00f3n del medio ambiente y la arboricultura.<\/p>\n\n\n\n<p>L\u00edderes y expertos internacionales en el \u00e1rea destacaron la importancia de la cooperaci\u00f3n global para abordar el cambio clim\u00e1tico y promover el desarrollo urbano sustentable.<\/p>\n\n\n\n<p>La entrega del distintivo abre nuevas oportunidades para la ciudad, incluidas futuras inversiones y proyectos de infraestructura verde que contribuir\u00e1n a un desarrollo m\u00e1s equilibrado y sostenible.<\/p>\n\n\n\n<p>Este reconocimiento es, sin duda, un hito para Oaxaca de Ju\u00e1rez, pero tambi\u00e9n un recordatorio de que el trabajo para proteger el medio ambiente es un esfuerzo constante que requiere la participaci\u00f3n de todos.<\/p>\n\n\n\n<figure class=\"wp-block-image size-large\"><img fetchpriority=\"high\" decoding=\"async\" width=\"1024\" height=\"683\" src=\"https:\/\/contextoanalisisperiodistico.com\/wp-content\/uploads\/2025\/04\/img-20250405-wa01008683174895458387814-1024x683.jpg\" alt=\"\" class=\"wp-image-39482\" srcset=\"https:\/\/contextoanalisisperiodistico.com\/wp-content\/uploads\/2025\/04\/img-20250405-wa01008683174895458387814-1024x683.jpg 1024w, https:\/\/contextoanalisisperiodistico.com\/wp-content\/uploads\/2025\/04\/img-20250405-wa01008683174895458387814-300x200.jpg 300w, https:\/\/contextoanalisisperiodistico.com\/wp-content\/uploads\/2025\/04\/img-20250405-wa01008683174895458387814-768x512.jpg 768w, https:\/\/contextoanalisisperiodistico.com\/wp-content\/uploads\/2025\/04\/img-20250405-wa01008683174895458387814-1536x1025.jpg 1536w, https:\/\/contextoanalisisperiodistico.com\/wp-content\/uploads\/2025\/04\/img-20250405-wa01008683174895458387814.jpg 2000w\" sizes=\"(max-width: 1024px) 100vw, 1024px\" \/><\/figure>\n\n\n\n<figure class=\"wp-block-image\"><img decoding=\"async\" width=\"1024\" height=\"683\" src=\"https:\/\/contextoanalisisperiodistico.com\/wp-content\/uploads\/2025\/04\/img-20250405-wa01018454215226954409429-1024x683.jpg\" alt=\"\" class=\"wp-image-39486\" srcset=\"https:\/\/contextoanalisisperiodistico.com\/wp-content\/uploads\/2025\/04\/img-20250405-wa01018454215226954409429-1024x683.jpg 1024w, https:\/\/contextoanalisisperiodistico.com\/wp-content\/uploads\/2025\/04\/img-20250405-wa01018454215226954409429-300x200.jpg 300w, https:\/\/contextoanalisisperiodistico.com\/wp-content\/uploads\/2025\/04\/img-20250405-wa01018454215226954409429-768x512.jpg 768w, https:\/\/contextoanalisisperiodistico.com\/wp-content\/uploads\/2025\/04\/img-20250405-wa01018454215226954409429-1536x1025.jpg 1536w, https:\/\/contextoanalisisperiodistico.com\/wp-content\/uploads\/2025\/04\/img-20250405-wa01018454215226954409429.jpg 2000w\" sizes=\"(max-width: 1024px) 100vw, 1024px\" \/><\/figure>\n\n\n\n<figure class=\"wp-block-image\"><img decoding=\"async\" width=\"1024\" height=\"683\" src=\"https:\/\/contextoanalisisperiodistico.com\/wp-content\/uploads\/2025\/04\/img-20250405-wa0102358614781114663021-1024x683.jpg\" alt=\"\" class=\"wp-image-39483\" srcset=\"https:\/\/contextoanalisisperiodistico.com\/wp-content\/uploads\/2025\/04\/img-20250405-wa0102358614781114663021-1024x683.jpg 1024w, https:\/\/contextoanalisisperiodistico.com\/wp-content\/uploads\/2025\/04\/img-20250405-wa0102358614781114663021-300x200.jpg 300w, https:\/\/contextoanalisisperiodistico.com\/wp-content\/uploads\/2025\/04\/img-20250405-wa0102358614781114663021-768x512.jpg 768w, https:\/\/contextoanalisisperiodistico.com\/wp-content\/uploads\/2025\/04\/img-20250405-wa0102358614781114663021-1536x1025.jpg 1536w, https:\/\/contextoanalisisperiodistico.com\/wp-content\/uploads\/2025\/04\/img-20250405-wa0102358614781114663021.jpg 2000w\" sizes=\"(max-width: 1024px) 100vw, 1024px\" \/><\/figure>\n\n\n\n<figure class=\"wp-block-image\"><img loading=\"lazy\" decoding=\"async\" width=\"1024\" height=\"683\" src=\"https:\/\/contextoanalisisperiodistico.com\/wp-content\/uploads\/2025\/04\/img-20250405-wa01036585831576660272261-1024x683.jpg\" alt=\"\" class=\"wp-image-39484\" srcset=\"https:\/\/contextoanalisisperiodistico.com\/wp-content\/uploads\/2025\/04\/img-20250405-wa01036585831576660272261-1024x683.jpg 1024w, https:\/\/contextoanalisisperiodistico.com\/wp-content\/uploads\/2025\/04\/img-20250405-wa01036585831576660272261-300x200.jpg 300w, https:\/\/contextoanalisisperiodistico.com\/wp-content\/uploads\/2025\/04\/img-20250405-wa01036585831576660272261-768x512.jpg 768w, https:\/\/contextoanalisisperiodistico.com\/wp-content\/uploads\/2025\/04\/img-20250405-wa01036585831576660272261-1536x1025.jpg 1536w, https:\/\/contextoanalisisperiodistico.com\/wp-content\/uploads\/2025\/04\/img-20250405-wa01036585831576660272261.jpg 2000w\" sizes=\"(max-width: 1024px) 100vw, 1024px\" \/><\/figure>\n\n\n\n<figure class=\"wp-block-image\"><img loading=\"lazy\" decoding=\"async\" width=\"1024\" height=\"683\" src=\"https:\/\/contextoanalisisperiodistico.com\/wp-content\/uploads\/2025\/04\/img-20250405-wa01057814288466897094465-1024x683.jpg\" alt=\"\" class=\"wp-image-39485\" srcset=\"https:\/\/contextoanalisisperiodistico.com\/wp-content\/uploads\/2025\/04\/img-20250405-wa01057814288466897094465-1024x683.jpg 1024w, https:\/\/contextoanalisisperiodistico.com\/wp-content\/uploads\/2025\/04\/img-20250405-wa01057814288466897094465-300x200.jpg 300w, https:\/\/contextoanalisisperiodistico.com\/wp-content\/uploads\/2025\/04\/img-20250405-wa01057814288466897094465-768x512.jpg 768w, https:\/\/contextoanalisisperiodistico.com\/wp-content\/uploads\/2025\/04\/img-20250405-wa01057814288466897094465-1536x1025.jpg 1536w, https:\/\/contextoanalisisperiodistico.com\/wp-content\/uploads\/2025\/04\/img-20250405-wa01057814288466897094465.jpg 2000w\" sizes=\"(max-width: 1024px) 100vw, 1024px\" \/><\/figure>\n\n\n\n<figure class=\"wp-block-image\"><img loading=\"lazy\" decoding=\"async\" width=\"1024\" height=\"683\" src=\"https:\/\/contextoanalisisperiodistico.com\/wp-content\/uploads\/2025\/04\/img-20250405-wa01048674284770984903523-1024x683.jpg\" alt=\"\" class=\"wp-image-39487\" srcset=\"https:\/\/contextoanalisisperiodistico.com\/wp-content\/uploads\/2025\/04\/img-20250405-wa01048674284770984903523-1024x683.jpg 1024w, https:\/\/contextoanalisisperiodistico.com\/wp-content\/uploads\/2025\/04\/img-20250405-wa01048674284770984903523-300x200.jpg 300w, https:\/\/contextoanalisisperiodistico.com\/wp-content\/uploads\/2025\/04\/img-20250405-wa01048674284770984903523-768x512.jpg 768w, https:\/\/contextoanalisisperiodistico.com\/wp-content\/uploads\/2025\/04\/img-20250405-wa01048674284770984903523-1536x1025.jpg 1536w, https:\/\/contextoanalisisperiodistico.com\/wp-content\/uploads\/2025\/04\/img-20250405-wa01048674284770984903523.jpg 2000w\" sizes=\"(max-width: 1024px) 100vw, 1024px\" \/><\/figure>\n","protected":false},"excerpt":{"rendered":"<p>Oaxaca de Ju\u00e1rez, 5 de abril de 2025.- En una ceremonia celebrada en el Museo&#8230;<\/p>\n","protected":false},"author":4,"featured_media":39481,"comment_status":"closed","ping_status":"open","sticky":false,"template":"","format":"standard","meta":{"footnotes":""},"categories":[9],"tags":[178,235,234,45],"jetpack_sharing_enabled":true,"featured_image_urls":{"full":["https:\/\/contextoanalisisperiodistico.com\/wp-content\/uploads\/2025\/04\/IMG-20250405-WA0101-scaled.jpg",2560,1706,false],"thumbnail":["https:\/\/contextoanalisisperiodistico.com\/wp-content\/uploads\/2025\/04\/IMG-20250405-WA0101-150x150.jpg",150,150,true],"medium":["https:\/\/contextoanalisisperiodistico.com\/wp-content\/uploads\/2025\/04\/IMG-20250405-WA0101-300x200.jpg",300,200,true],"medium_large":["https:\/\/contextoanalisisperiodistico.com\/wp-content\/uploads\/2025\/04\/IMG-20250405-WA0101-768x512.jpg",640,427,true],"large":["https:\/\/contextoanalisisperiodistico.com\/wp-content\/uploads\/2025\/04\/IMG-20250405-WA0101-1024x683.jpg",640,427,true],"1536x1536":["https:\/\/contextoanalisisperiodistico.com\/wp-content\/uploads\/2025\/04\/IMG-20250405-WA0101-1536x1024.jpg",1536,1024,true],"2048x2048":["https:\/\/contextoanalisisperiodistico.com\/wp-content\/uploads\/2025\/04\/IMG-20250405-WA0101-2048x1365.jpg",2048,1365,true],"covernews-slider-full":["https:\/\/contextoanalisisperiodistico.com\/wp-content\/uploads\/2025\/04\/IMG-20250405-WA0101-scaled.jpg",1073,715,false],"covernews-slider-center":["https:\/\/contextoanalisisperiodistico.com\/wp-content\/uploads\/2025\/04\/IMG-20250405-WA0101-scaled.jpg",750,500,false],"covernews-featured":["https:\/\/contextoanalisisperiodistico.com\/wp-content\/uploads\/2025\/04\/IMG-20250405-WA0101-scaled.jpg",1024,682,false],"covernews-medium":["https:\/\/contextoanalisisperiodistico.com\/wp-content\/uploads\/2025\/04\/IMG-20250405-WA0101-scaled.jpg",510,340,false],"covernews-medium-square":["https:\/\/contextoanalisisperiodistico.com\/wp-content\/uploads\/2025\/04\/IMG-20250405-WA0101-scaled.jpg",375,250,false]},"author_info":{"display_name":"Mario Gir\u00f3n","author_link":"https:\/\/contextoanalisisperiodistico.com\/index.php\/author\/director\/"},"category_info":"<a href=\"https:\/\/contextoanalisisperiodistico.com\/index.php\/category\/politica\/\" rel=\"category tag\">Pol\u00edtica<\/a>","tag_info":"Pol\u00edtica","comment_count":"0","jetpack_featured_media_url":"https:\/\/contextoanalisisperiodistico.com\/wp-content\/uploads\/2025\/04\/IMG-20250405-WA0101-scaled.jpg","_links":{"self":[{"href":"https:\/\/contextoanalisisperiodistico.com\/index.php\/wp-json\/wp\/v2\/posts\/39480"}],"collection":[{"href":"https:\/\/contextoanalisisperiodistico.com\/index.php\/wp-json\/wp\/v2\/posts"}],"about":[{"href":"https:\/\/contextoanalisisperiodistico.com\/index.php\/wp-json\/wp\/v2\/types\/post"}],"author":[{"embeddable":true,"href":"https:\/\/contextoanalisisperiodistico.com\/index.php\/wp-json\/wp\/v2\/users\/4"}],"replies":[{"embeddable":true,"href":"https:\/\/contextoanalisisperiodistico.com\/index.php\/wp-json\/wp\/v2\/comments?post=39480"}],"version-history":[{"count":1,"href":"https:\/\/contextoanalisisperiodistico.com\/index.php\/wp-json\/wp\/v2\/posts\/39480\/revisions"}],"predecessor-version":[{"id":39488,"href":"https:\/\/contextoanalisisperiodistico.com\/index.php\/wp-json\/wp\/v2\/posts\/39480\/revisions\/39488"}],"wp:featuredmedia":[{"embeddable":true,"href":"https:\/\/contextoanalisisperiodistico.com\/index.php\/wp-json\/wp\/v2\/media\/39481"}],"wp:attachment":[{"href":"https:\/\/contextoanalisisperiodistico.com\/index.php\/wp-json\/wp\/v2\/media?parent=39480"}],"wp:term":[{"taxonomy":"category","embeddable":true,"href":"https:\/\/contextoanalisisperiodistico.com\/index.php\/wp-json\/wp\/v2\/categories?post=39480"},{"taxonomy":"post_tag","embeddable":true,"href":"https:\/\/contextoanalisisperiodistico.com\/index.php\/wp-json\/wp\/v2\/tags?post=39480"}],"curies":[{"name":"wp","href":"https:\/\/api.w.org\/{rel}","templated":true}]}}