{"id":39477,"date":"2025-04-05T12:28:25","date_gmt":"2025-04-05T18:28:25","guid":{"rendered":"https:\/\/contextoanalisisperiodistico.com\/?p=39477"},"modified":"2025-04-05T12:28:42","modified_gmt":"2025-04-05T18:28:42","slug":"invita-carlos-el-principe-cuadras-a-la-clase-boxeando-por-la-paz-en-parque-primavera","status":"publish","type":"post","link":"https:\/\/contextoanalisisperiodistico.com\/index.php\/2025\/04\/05\/invita-carlos-el-principe-cuadras-a-la-clase-boxeando-por-la-paz-en-parque-primavera\/","title":{"rendered":"Invita Carlos \u201cEl Pr\u00edncipe\u201d Cuadras a la clase \u201cBoxeando por la Paz\u201d en Parque Primavera"},"content":{"rendered":"<div id=\"fb-root\"><\/div>\n\n<ul class=\"wp-block-list\">\n<li>Se llevar\u00e1 a cabo este domingo 6 de abril a las 9:00 horas<\/li>\n<\/ul>\n\n\n\n<figure class=\"wp-block-video\"><video controls src=\"https:\/\/contextoanalisisperiodistico.com\/wp-content\/uploads\/2025\/04\/VID-20250405-WA0055.mp4\"><\/video><\/figure>\n\n\n\n<p>Oaxaca de Ju\u00e1rez, Oax. 5 de abril de 2025.\u2013 El pugilista Carlos Roberto Cuadras Quiroa \u201cEl Pr\u00edncipe\u201d, invita a la poblaci\u00f3n a sumarse a la Clase Nacional \u201cBoxeando por la Paz\u201d que se celebrar\u00e1 este domingo 6 de abril en Oaxaca.<\/p>\n\n\n\n<p>Este encuentro masivo impulsado por el Gobierno de M\u00e9xico, se realizar\u00e1 de manera simult\u00e1nea en todo el pa\u00eds; y en la capital del estado tendr\u00e1 lugar en el Parque Primavera Oaxaque\u00f1a Cho Ndob\u00e1, a las 9:00 horas.<\/p>\n\n\n\n<p>\u201cEs un evento impulsado por nuestra Presidenta Claudia Sheinbaum y nuestro Gobernador Salom\u00f3n Jara Cruz, ah\u00ed los espero, vamos a echarle toda la medicina gente de Oaxaca\u201d, se\u00f1al\u00f3 el dos veces campe\u00f3n mundial de boxeo.<\/p>\n\n\n\n<p>Con esta iniciativa, la Primavera Oaxaque\u00f1a promueve la uni\u00f3n familiar, contribuye a la prevenci\u00f3n de adicciones y fomenta la salud y el bienestar de toda la poblaci\u00f3n.<\/p>\n\n\n\n<p>-0-<\/p>\n\n\n\n<figure class=\"wp-block-image size-large\"><img fetchpriority=\"high\" decoding=\"async\" width=\"818\" height=\"1024\" src=\"https:\/\/contextoanalisisperiodistico.com\/wp-content\/uploads\/2025\/04\/img-20250405-wa00541798096811189042311-818x1024.jpg\" alt=\"\" class=\"wp-image-39478\" srcset=\"https:\/\/contextoanalisisperiodistico.com\/wp-content\/uploads\/2025\/04\/img-20250405-wa00541798096811189042311-818x1024.jpg 818w, https:\/\/contextoanalisisperiodistico.com\/wp-content\/uploads\/2025\/04\/img-20250405-wa00541798096811189042311-240x300.jpg 240w, https:\/\/contextoanalisisperiodistico.com\/wp-content\/uploads\/2025\/04\/img-20250405-wa00541798096811189042311-768x961.jpg 768w, https:\/\/contextoanalisisperiodistico.com\/wp-content\/uploads\/2025\/04\/img-20250405-wa00541798096811189042311.jpg 1023w\" sizes=\"(max-width: 818px) 100vw, 818px\" \/><\/figure>\n","protected":false},"excerpt":{"rendered":"<p>Oaxaca de Ju\u00e1rez, Oax. 5 de abril de 2025.\u2013 El pugilista Carlos Roberto Cuadras Quiroa&#8230;<\/p>\n","protected":false},"author":4,"featured_media":39475,"comment_status":"closed","ping_status":"open","sticky":false,"template":"","format":"standard","meta":{"footnotes":""},"categories":[5],"tags":[],"jetpack_sharing_enabled":true,"featured_image_urls":{"full":["https:\/\/contextoanalisisperiodistico.com\/wp-content\/uploads\/2025\/04\/IMG-20250405-WA0053.jpg",1279,1600,false],"thumbnail":["https:\/\/contextoanalisisperiodistico.com\/wp-content\/uploads\/2025\/04\/IMG-20250405-WA0053-150x150.jpg",150,150,true],"medium":["https:\/\/contextoanalisisperiodistico.com\/wp-content\/uploads\/2025\/04\/IMG-20250405-WA0053-240x300.jpg",240,300,true],"medium_large":["https:\/\/contextoanalisisperiodistico.com\/wp-content\/uploads\/2025\/04\/IMG-20250405-WA0053-768x961.jpg",640,801,true],"large":["https:\/\/contextoanalisisperiodistico.com\/wp-content\/uploads\/2025\/04\/IMG-20250405-WA0053-819x1024.jpg",640,800,true],"1536x1536":["https:\/\/contextoanalisisperiodistico.com\/wp-content\/uploads\/2025\/04\/IMG-20250405-WA0053-1228x1536.jpg",1228,1536,true],"2048x2048":["https:\/\/contextoanalisisperiodistico.com\/wp-content\/uploads\/2025\/04\/IMG-20250405-WA0053.jpg",1279,1600,false],"covernews-slider-full":["https:\/\/contextoanalisisperiodistico.com\/wp-content\/uploads\/2025\/04\/IMG-20250405-WA0053-1115x715.jpg",1115,715,true],"covernews-slider-center":["https:\/\/contextoanalisisperiodistico.com\/wp-content\/uploads\/2025\/04\/IMG-20250405-WA0053-800x500.jpg",800,500,true],"covernews-featured":["https:\/\/contextoanalisisperiodistico.com\/wp-content\/uploads\/2025\/04\/IMG-20250405-WA0053-1024x1281.jpg",1024,1281,true],"covernews-medium":["https:\/\/contextoanalisisperiodistico.com\/wp-content\/uploads\/2025\/04\/IMG-20250405-WA0053-540x340.jpg",540,340,true],"covernews-medium-square":["https:\/\/contextoanalisisperiodistico.com\/wp-content\/uploads\/2025\/04\/IMG-20250405-WA0053-400x250.jpg",400,250,true]},"author_info":{"display_name":"Mario Gir\u00f3n","author_link":"https:\/\/contextoanalisisperiodistico.com\/index.php\/author\/director\/"},"category_info":"<a href=\"https:\/\/contextoanalisisperiodistico.com\/index.php\/category\/deportes\/\" rel=\"category tag\">Deportes<\/a>","tag_info":"Deportes","comment_count":"0","jetpack_featured_media_url":"https:\/\/contextoanalisisperiodistico.com\/wp-content\/uploads\/2025\/04\/IMG-20250405-WA0053.jpg","_links":{"self":[{"href":"https:\/\/contextoanalisisperiodistico.com\/index.php\/wp-json\/wp\/v2\/posts\/39477"}],"collection":[{"href":"https:\/\/contextoanalisisperiodistico.com\/index.php\/wp-json\/wp\/v2\/posts"}],"about":[{"href":"https:\/\/contextoanalisisperiodistico.com\/index.php\/wp-json\/wp\/v2\/types\/post"}],"author":[{"embeddable":true,"href":"https:\/\/contextoanalisisperiodistico.com\/index.php\/wp-json\/wp\/v2\/users\/4"}],"replies":[{"embeddable":true,"href":"https:\/\/contextoanalisisperiodistico.com\/index.php\/wp-json\/wp\/v2\/comments?post=39477"}],"version-history":[{"count":1,"href":"https:\/\/contextoanalisisperiodistico.com\/index.php\/wp-json\/wp\/v2\/posts\/39477\/revisions"}],"predecessor-version":[{"id":39479,"href":"https:\/\/contextoanalisisperiodistico.com\/index.php\/wp-json\/wp\/v2\/posts\/39477\/revisions\/39479"}],"wp:featuredmedia":[{"embeddable":true,"href":"https:\/\/contextoanalisisperiodistico.com\/index.php\/wp-json\/wp\/v2\/media\/39475"}],"wp:attachment":[{"href":"https:\/\/contextoanalisisperiodistico.com\/index.php\/wp-json\/wp\/v2\/media?parent=39477"}],"wp:term":[{"taxonomy":"category","embeddable":true,"href":"https:\/\/contextoanalisisperiodistico.com\/index.php\/wp-json\/wp\/v2\/categories?post=39477"},{"taxonomy":"post_tag","embeddable":true,"href":"https:\/\/contextoanalisisperiodistico.com\/index.php\/wp-json\/wp\/v2\/tags?post=39477"}],"curies":[{"name":"wp","href":"https:\/\/api.w.org\/{rel}","templated":true}]}}