{"id":39457,"date":"2025-04-05T10:47:35","date_gmt":"2025-04-05T16:47:35","guid":{"rendered":"https:\/\/contextoanalisisperiodistico.com\/?p=39457"},"modified":"2025-04-05T10:47:47","modified_gmt":"2025-04-05T16:47:47","slug":"llama-sego-a-san-pedro-quiatoni-y-a-sus-comunidades-a-privilegiar-la-paz-social-y-cesar-las-agresiones","status":"publish","type":"post","link":"https:\/\/contextoanalisisperiodistico.com\/index.php\/2025\/04\/05\/llama-sego-a-san-pedro-quiatoni-y-a-sus-comunidades-a-privilegiar-la-paz-social-y-cesar-las-agresiones\/","title":{"rendered":"Llama Sego a San Pedro Quiatoni y a sus comunidades a privilegiar la paz social y cesar las agresiones"},"content":{"rendered":"<div id=\"fb-root\"><\/div>\n\n<ul class=\"wp-block-list\">\n<li>A trav\u00e9s de la Subsecretar\u00eda de Desarrollo Democr\u00e1tico se ha dado atenci\u00f3n al conflicto intermunicipal, sin que exista al momento disposici\u00f3n de las partes<\/li>\n\n\n\n<li>Se despliega un operativo de seguridad en el lugar para garantizar la integridad de habitantes<\/li>\n<\/ul>\n\n\n\n<p>Oaxaca de Ju\u00e1rez, Oax. 5 de abril de 2025.- Luego de los hechos de violencia registrados la noche de este viernes entre pobladores de La Soledad Salinas y Uni\u00f3n Ju\u00e1rez, as\u00ed como la cabecera municipal San Pedro Quiatoni; la Secretar\u00eda de Gobierno (Sego) exhorta a mantener la paz social y cesar los actos de violencia.<\/p>\n\n\n\n<p>Destaca que, desde el origen de este conflicto, en septiembre de 2024, se han celebrado cerca de diez mesas de atenci\u00f3n para alcanzar la conciliaci\u00f3n y paz entre las comunidades, a trav\u00e9s de las subsecretar\u00edas de Desarrollo Democr\u00e1tico y de Fortalecimiento Municipal, as\u00ed como de la Coordinaci\u00f3n de Delegados de Paz; sin embargo, la falta de disposici\u00f3n para encontrar acuerdos contundentes deriv\u00f3 en los hechos ocurridos este viernes.<\/p>\n\n\n\n<p>De esta manera, se despliega un operativo de seguridad en el lugar para garantizar la integridad de las y los habitantes.<\/p>\n\n\n\n<p>Or\u00edgenes del conflicto<\/p>\n\n\n\n<p>El subsecretario de Desarrollo Democr\u00e1tico de la Sego, Carlos P\u00e9rez Campos explic\u00f3 que el 27 de septiembre de 2024 el Congreso del Estado emiti\u00f3 el Decreto 2450, mediante el cual elev\u00f3 a agencia de polic\u00eda al n\u00facleo rural El Porvenir, perteneciente a San Pedro Quiatoni.<\/p>\n\n\n\n<p>Alegando violaci\u00f3n a su autonom\u00eda municipal, en octubre de 2024 la autoridad de Quiatoni impugn\u00f3 el decreto a trav\u00e9s de la controversia constitucional 293\/2024; el 12 de noviembre de ese mismo a\u00f1o, la Suprema Corte de Justicia de la Naci\u00f3n (SCJN) dej\u00f3 sin efectos el decreto, en tanto se resuelve la controversia.<\/p>\n\n\n\n<p>Pese a los llamados a privilegiar el di\u00e1logo y la paz, habitantes de El Romadito, respaldados por las autoridades de La Soledad Salinas, La Mancornada, Uni\u00f3n Ju\u00e1rez y El Porvenir, quienes se autodenominan \u201cLa Uni\u00f3n\u201d, instalaron hace unas semanas un bloqueo en el acceso al banco de piedra, que es fuente de abastecimiento para pobladores de Quiatoni.<\/p>\n\n\n\n<p>Luego de las diversas mesas de di\u00e1logo con las autoridades de cada una de las agencias y como una soluci\u00f3n para encontrar una salida pac\u00edfica a sus diferencias, el pasado 2 de abril se propuso reponer el proceso de elevaci\u00f3n del n\u00facleo rural El Porvenir, que es lo que dio origen a este conflicto intermunicipal, sin embargo \u201cLa Uni\u00f3n\u201d decidi\u00f3 no levantar el bloqueo carretero, lo que deton\u00f3 el enfrentamiento entre pobladores.<\/p>\n\n\n\n<p>P\u00e9rez Campos se\u00f1al\u00f3 que a trav\u00e9s de las mesas de atenci\u00f3n celebradas con las autoridades de las agencias municipales de Quiatoni se ha exhortado reiteradamente a privilegiar el di\u00e1logo, y lament\u00f3 que lejos de buscar consensos y acuerdos, se hayan registrado hechos de violencia como los ocurridos el pasado viernes, pues recalc\u00f3 no son la v\u00eda para la soluci\u00f3n del conflicto agrario, por lo que ante la gravedad de lo sucedido se aplicar\u00e1 todo el peso de la ley.<\/p>\n\n\n\n<p>-0-<\/p>\n\n\n","protected":false},"excerpt":{"rendered":"<p>Oaxaca de Ju\u00e1rez, Oax. 5 de abril de 2025.- Luego de los hechos de violencia&#8230;<\/p>\n","protected":false},"author":4,"featured_media":39458,"comment_status":"closed","ping_status":"open","sticky":false,"template":"","format":"standard","meta":{"footnotes":""},"categories":[9],"tags":[],"jetpack_sharing_enabled":true,"featured_image_urls":{"full":["https:\/\/contextoanalisisperiodistico.com\/wp-content\/uploads\/2025\/04\/IMG-20250405-WA0042.jpg",960,960,false],"thumbnail":["https:\/\/contextoanalisisperiodistico.com\/wp-content\/uploads\/2025\/04\/IMG-20250405-WA0042-150x150.jpg",150,150,true],"medium":["https:\/\/contextoanalisisperiodistico.com\/wp-content\/uploads\/2025\/04\/IMG-20250405-WA0042-300x300.jpg",300,300,true],"medium_large":["https:\/\/contextoanalisisperiodistico.com\/wp-content\/uploads\/2025\/04\/IMG-20250405-WA0042-768x768.jpg",640,640,true],"large":["https:\/\/contextoanalisisperiodistico.com\/wp-content\/uploads\/2025\/04\/IMG-20250405-WA0042.jpg",640,640,false],"1536x1536":["https:\/\/contextoanalisisperiodistico.com\/wp-content\/uploads\/2025\/04\/IMG-20250405-WA0042.jpg",960,960,false],"2048x2048":["https:\/\/contextoanalisisperiodistico.com\/wp-content\/uploads\/2025\/04\/IMG-20250405-WA0042.jpg",960,960,false],"covernews-slider-full":["https:\/\/contextoanalisisperiodistico.com\/wp-content\/uploads\/2025\/04\/IMG-20250405-WA0042-960x715.jpg",960,715,true],"covernews-slider-center":["https:\/\/contextoanalisisperiodistico.com\/wp-content\/uploads\/2025\/04\/IMG-20250405-WA0042-800x500.jpg",800,500,true],"covernews-featured":["https:\/\/contextoanalisisperiodistico.com\/wp-content\/uploads\/2025\/04\/IMG-20250405-WA0042.jpg",960,960,false],"covernews-medium":["https:\/\/contextoanalisisperiodistico.com\/wp-content\/uploads\/2025\/04\/IMG-20250405-WA0042-540x340.jpg",540,340,true],"covernews-medium-square":["https:\/\/contextoanalisisperiodistico.com\/wp-content\/uploads\/2025\/04\/IMG-20250405-WA0042-400x250.jpg",400,250,true]},"author_info":{"display_name":"Mario Gir\u00f3n","author_link":"https:\/\/contextoanalisisperiodistico.com\/index.php\/author\/director\/"},"category_info":"<a href=\"https:\/\/contextoanalisisperiodistico.com\/index.php\/category\/politica\/\" rel=\"category tag\">Pol\u00edtica<\/a>","tag_info":"Pol\u00edtica","comment_count":"0","jetpack_featured_media_url":"https:\/\/contextoanalisisperiodistico.com\/wp-content\/uploads\/2025\/04\/IMG-20250405-WA0042.jpg","_links":{"self":[{"href":"https:\/\/contextoanalisisperiodistico.com\/index.php\/wp-json\/wp\/v2\/posts\/39457"}],"collection":[{"href":"https:\/\/contextoanalisisperiodistico.com\/index.php\/wp-json\/wp\/v2\/posts"}],"about":[{"href":"https:\/\/contextoanalisisperiodistico.com\/index.php\/wp-json\/wp\/v2\/types\/post"}],"author":[{"embeddable":true,"href":"https:\/\/contextoanalisisperiodistico.com\/index.php\/wp-json\/wp\/v2\/users\/4"}],"replies":[{"embeddable":true,"href":"https:\/\/contextoanalisisperiodistico.com\/index.php\/wp-json\/wp\/v2\/comments?post=39457"}],"version-history":[{"count":1,"href":"https:\/\/contextoanalisisperiodistico.com\/index.php\/wp-json\/wp\/v2\/posts\/39457\/revisions"}],"predecessor-version":[{"id":39459,"href":"https:\/\/contextoanalisisperiodistico.com\/index.php\/wp-json\/wp\/v2\/posts\/39457\/revisions\/39459"}],"wp:featuredmedia":[{"embeddable":true,"href":"https:\/\/contextoanalisisperiodistico.com\/index.php\/wp-json\/wp\/v2\/media\/39458"}],"wp:attachment":[{"href":"https:\/\/contextoanalisisperiodistico.com\/index.php\/wp-json\/wp\/v2\/media?parent=39457"}],"wp:term":[{"taxonomy":"category","embeddable":true,"href":"https:\/\/contextoanalisisperiodistico.com\/index.php\/wp-json\/wp\/v2\/categories?post=39457"},{"taxonomy":"post_tag","embeddable":true,"href":"https:\/\/contextoanalisisperiodistico.com\/index.php\/wp-json\/wp\/v2\/tags?post=39457"}],"curies":[{"name":"wp","href":"https:\/\/api.w.org\/{rel}","templated":true}]}}