{"id":39417,"date":"2025-04-03T16:28:26","date_gmt":"2025-04-03T22:28:26","guid":{"rendered":"https:\/\/contextoanalisisperiodistico.com\/index.php\/2025\/04\/03\/fortalece-secretaria-de-seguridad-vecinal-operativos-estrategicos\/"},"modified":"2025-04-03T16:29:07","modified_gmt":"2025-04-03T22:29:07","slug":"fortalece-secretaria-de-seguridad-vecinal-operativos-estrategicos","status":"publish","type":"post","link":"https:\/\/contextoanalisisperiodistico.com\/index.php\/2025\/04\/03\/fortalece-secretaria-de-seguridad-vecinal-operativos-estrategicos\/","title":{"rendered":"Fortalece Secretar\u00eda de Seguridad Vecinal operativos estrategicos"},"content":{"rendered":"<div id=\"fb-root\"><\/div>\n\n<p>Oaxaca de Ju\u00e1rez, Oax. 3 de abril de 2025.- Para fortalecer la seguridad en la capital, la Secretar\u00eda de Seguridad Vecinal implement\u00f3 operativos en distintos puntos de la ciudad, garantizando el orden y la tranquilidad de las vecinas y vecinos.<\/p>\n\n\n\n<figure class=\"wp-block-image size-large\"><img fetchpriority=\"high\" decoding=\"async\" width=\"1024\" height=\"768\" src=\"https:\/\/contextoanalisisperiodistico.com\/wp-content\/uploads\/2025\/04\/img-20250403-wa01197172739577286851793-1024x768.jpg\" alt=\"\" class=\"wp-image-39413\" srcset=\"https:\/\/contextoanalisisperiodistico.com\/wp-content\/uploads\/2025\/04\/img-20250403-wa01197172739577286851793-1024x768.jpg 1024w, https:\/\/contextoanalisisperiodistico.com\/wp-content\/uploads\/2025\/04\/img-20250403-wa01197172739577286851793-300x225.jpg 300w, https:\/\/contextoanalisisperiodistico.com\/wp-content\/uploads\/2025\/04\/img-20250403-wa01197172739577286851793-768x576.jpg 768w, https:\/\/contextoanalisisperiodistico.com\/wp-content\/uploads\/2025\/04\/img-20250403-wa01197172739577286851793.jpg 1362w\" sizes=\"(max-width: 1024px) 100vw, 1024px\" \/><\/figure>\n\n\n\n<figure class=\"wp-block-image\"><img decoding=\"async\" width=\"768\" height=\"1024\" src=\"https:\/\/contextoanalisisperiodistico.com\/wp-content\/uploads\/2025\/04\/img-20250403-wa01224490767931577640331-768x1024.jpg\" alt=\"\" class=\"wp-image-39410\" srcset=\"https:\/\/contextoanalisisperiodistico.com\/wp-content\/uploads\/2025\/04\/img-20250403-wa01224490767931577640331-768x1024.jpg 768w, https:\/\/contextoanalisisperiodistico.com\/wp-content\/uploads\/2025\/04\/img-20250403-wa01224490767931577640331-225x300.jpg 225w, https:\/\/contextoanalisisperiodistico.com\/wp-content\/uploads\/2025\/04\/img-20250403-wa01224490767931577640331.jpg 960w\" sizes=\"(max-width: 768px) 100vw, 768px\" \/><\/figure>\n\n\n\n<figure class=\"wp-block-image\"><img decoding=\"async\" width=\"300\" height=\"237\" src=\"https:\/\/contextoanalisisperiodistico.com\/wp-content\/uploads\/2025\/04\/img-20250403-wa01242941066883065240585-300x237.jpg\" alt=\"\" class=\"wp-image-39411\" srcset=\"https:\/\/contextoanalisisperiodistico.com\/wp-content\/uploads\/2025\/04\/img-20250403-wa01242941066883065240585-300x237.jpg 300w, https:\/\/contextoanalisisperiodistico.com\/wp-content\/uploads\/2025\/04\/img-20250403-wa01242941066883065240585-768x606.jpg 768w, https:\/\/contextoanalisisperiodistico.com\/wp-content\/uploads\/2025\/04\/img-20250403-wa01242941066883065240585.jpg 816w\" sizes=\"(max-width: 300px) 100vw, 300px\" \/><\/figure>\n\n\n\n<figure class=\"wp-block-image\"><img loading=\"lazy\" decoding=\"async\" width=\"300\" height=\"177\" src=\"https:\/\/contextoanalisisperiodistico.com\/wp-content\/uploads\/2025\/04\/img-20250403-wa01238750811119511825804-300x177.jpg\" alt=\"\" class=\"wp-image-39414\" srcset=\"https:\/\/contextoanalisisperiodistico.com\/wp-content\/uploads\/2025\/04\/img-20250403-wa01238750811119511825804-300x177.jpg 300w, https:\/\/contextoanalisisperiodistico.com\/wp-content\/uploads\/2025\/04\/img-20250403-wa01238750811119511825804-768x452.jpg 768w, https:\/\/contextoanalisisperiodistico.com\/wp-content\/uploads\/2025\/04\/img-20250403-wa01238750811119511825804.jpg 963w\" sizes=\"(max-width: 300px) 100vw, 300px\" \/><\/figure>\n\n\n\n<figure class=\"wp-block-image\"><img loading=\"lazy\" decoding=\"async\" width=\"225\" height=\"300\" src=\"https:\/\/contextoanalisisperiodistico.com\/wp-content\/uploads\/2025\/04\/img-20250403-wa01207182322586714433943-225x300.jpg\" alt=\"\" class=\"wp-image-39412\" srcset=\"https:\/\/contextoanalisisperiodistico.com\/wp-content\/uploads\/2025\/04\/img-20250403-wa01207182322586714433943-225x300.jpg 225w, https:\/\/contextoanalisisperiodistico.com\/wp-content\/uploads\/2025\/04\/img-20250403-wa01207182322586714433943.jpg 713w\" sizes=\"(max-width: 225px) 100vw, 225px\" \/><\/figure>\n\n\n\n<figure class=\"wp-block-image\"><img loading=\"lazy\" decoding=\"async\" width=\"1024\" height=\"768\" src=\"https:\/\/contextoanalisisperiodistico.com\/wp-content\/uploads\/2025\/04\/img-20250403-wa01177264095974501147175-1024x768.jpg\" alt=\"\" class=\"wp-image-39415\" srcset=\"https:\/\/contextoanalisisperiodistico.com\/wp-content\/uploads\/2025\/04\/img-20250403-wa01177264095974501147175-1024x768.jpg 1024w, https:\/\/contextoanalisisperiodistico.com\/wp-content\/uploads\/2025\/04\/img-20250403-wa01177264095974501147175-300x225.jpg 300w, https:\/\/contextoanalisisperiodistico.com\/wp-content\/uploads\/2025\/04\/img-20250403-wa01177264095974501147175-768x576.jpg 768w, https:\/\/contextoanalisisperiodistico.com\/wp-content\/uploads\/2025\/04\/img-20250403-wa01177264095974501147175.jpg 1149w\" sizes=\"(max-width: 1024px) 100vw, 1024px\" \/><\/figure>\n\n\n\n<figure class=\"wp-block-image\"><img loading=\"lazy\" decoding=\"async\" width=\"1024\" height=\"768\" src=\"https:\/\/contextoanalisisperiodistico.com\/wp-content\/uploads\/2025\/04\/img-20250403-wa01165978691993458097889-1024x768.jpg\" alt=\"\" class=\"wp-image-39416\" srcset=\"https:\/\/contextoanalisisperiodistico.com\/wp-content\/uploads\/2025\/04\/img-20250403-wa01165978691993458097889-1024x768.jpg 1024w, https:\/\/contextoanalisisperiodistico.com\/wp-content\/uploads\/2025\/04\/img-20250403-wa01165978691993458097889-300x225.jpg 300w, https:\/\/contextoanalisisperiodistico.com\/wp-content\/uploads\/2025\/04\/img-20250403-wa01165978691993458097889-768x576.jpg 768w, https:\/\/contextoanalisisperiodistico.com\/wp-content\/uploads\/2025\/04\/img-20250403-wa01165978691993458097889-1536x1152.jpg 1536w, https:\/\/contextoanalisisperiodistico.com\/wp-content\/uploads\/2025\/04\/img-20250403-wa01165978691993458097889.jpg 1600w\" sizes=\"(max-width: 1024px) 100vw, 1024px\" \/><\/figure>\n\n\n\n<p>En seguimiento a las instrucciones del Presidente Municipal Ray Chagoya, destacan las acciones en el fortalecimiento de la seguridad, la proximidad con la ciudadan\u00eda y la mejora de la infraestructura vial en diversas zonas de la capital oaxaque\u00f1a.<\/p>\n\n\n\n<p>En materia de seguridad, se ha reforzado el sistema de video vigilancia con la instalaci\u00f3n de nuevos puntos de monitoreo en \u00e1reas estrat\u00e9gicas.<\/p>\n\n\n\n<p>En el \u00e1mbito de proximidad social, se ha desplegado a elementos de la Secretar\u00eda en puntos tur\u00edsticos y \u00e1reas de alta afluencia. Su tarea incluye realizar reconocimientos disuasivos, mantener presencia policial y atender las dudas o quejas de las y los ciudadanos, contribuyendo a una mayor seguridad.<\/p>\n\n\n\n<p>Adem\u00e1s, se han llevado a cabo importantes mejoras en la infraestructura vial, como el mantenimiento de sem\u00e1foros, la mejora de la se\u00f1al\u00e9tica y el reordenamiento vial. Una de las acciones destacadas ha sido la liberaci\u00f3n de la calle 20 de Noviembre, que anteriormente se utilizaba como zona de estacionamiento de autobuses de turismo.<\/p>\n\n\n\n<p>Tambi\u00e9n se han retirado objetos que imped\u00edan el estacionamiento y la circulaci\u00f3n en las principales arterias viales, mediante el \u00abOperativo Barredora\u00bb.<\/p>\n\n\n\n<p>En cuanto a la profesionalizaci\u00f3n policial, se ha capacitado a cerca de 800 elementos en el \u201cCurso del Sistema de Justicia C\u00edvica\u201d, asegurando que el cuerpo policiaco est\u00e9 mejor preparado para cumplir con sus funciones.<\/p>\n\n\n\n<p>Por \u00faltimo, la Secretar\u00eda de Seguridad Vecinal ha retomado su participaci\u00f3n en las Mesas de Seguridad, fortaleciendo la coordinaci\u00f3n y el intercambio de informaci\u00f3n con los tres niveles de gobierno para garantizar una respuesta m\u00e1s eficiente ante los retos en materia de seguridad.<\/p>\n\n\n\n<p>Estas acciones reflejan el compromiso del Gobierno Municipal de Oaxaca de Ju\u00e1rez por garantizar una ciudad m\u00e1s segura, ordenada y accesible para todos.<\/p>\n\n\n\n<p><em>Acciones destacadas:<\/em><\/p>\n\n\n\n<ul class=\"wp-block-list\">\n<li>Operativo Presencia en la Central de Abastos, reforzando la seguridad y atendiendo situaciones que afectan la paz social.<\/li>\n\n\n\n<li>Operativo Escuela Segura en instituciones educativas, protegiendo a estudiantes en sus horarios de entrada y salida.<\/li>\n\n\n\n<li>Operativo Tur\u00edstico en puntos clave como mercados y zonas de alto flujo, previniendo faltas c\u00edvicas y actos delictivos.<\/li>\n\n\n\n<li>Se fortaleci\u00f3 el trabajo con la ciudadan\u00eda, atendiendo medidas de protecci\u00f3n y coordinando acciones con comit\u00e9s vecinales.<\/li>\n<\/ul>\n","protected":false},"excerpt":{"rendered":"<p>Oaxaca de Ju\u00e1rez, Oax. 3 de abril de 2025.- Para fortalecer la seguridad en la&#8230;<\/p>\n","protected":false},"author":4,"featured_media":39409,"comment_status":"closed","ping_status":"open","sticky":false,"template":"","format":"standard","meta":{"footnotes":""},"categories":[9],"tags":[178,235,234,45],"jetpack_sharing_enabled":true,"featured_image_urls":{"full":["https:\/\/contextoanalisisperiodistico.com\/wp-content\/uploads\/2025\/04\/IMG-20250403-WA0121.jpg",1391,1044,false],"thumbnail":["https:\/\/contextoanalisisperiodistico.com\/wp-content\/uploads\/2025\/04\/IMG-20250403-WA0121-150x150.jpg",150,150,true],"medium":["https:\/\/contextoanalisisperiodistico.com\/wp-content\/uploads\/2025\/04\/IMG-20250403-WA0121-300x225.jpg",300,225,true],"medium_large":["https:\/\/contextoanalisisperiodistico.com\/wp-content\/uploads\/2025\/04\/IMG-20250403-WA0121-768x576.jpg",640,480,true],"large":["https:\/\/contextoanalisisperiodistico.com\/wp-content\/uploads\/2025\/04\/IMG-20250403-WA0121-1024x769.jpg",640,481,true],"1536x1536":["https:\/\/contextoanalisisperiodistico.com\/wp-content\/uploads\/2025\/04\/IMG-20250403-WA0121.jpg",1391,1044,false],"2048x2048":["https:\/\/contextoanalisisperiodistico.com\/wp-content\/uploads\/2025\/04\/IMG-20250403-WA0121.jpg",1391,1044,false],"covernews-slider-full":["https:\/\/contextoanalisisperiodistico.com\/wp-content\/uploads\/2025\/04\/IMG-20250403-WA0121-1115x715.jpg",1115,715,true],"covernews-slider-center":["https:\/\/contextoanalisisperiodistico.com\/wp-content\/uploads\/2025\/04\/IMG-20250403-WA0121-800x500.jpg",800,500,true],"covernews-featured":["https:\/\/contextoanalisisperiodistico.com\/wp-content\/uploads\/2025\/04\/IMG-20250403-WA0121-1024x769.jpg",1024,769,true],"covernews-medium":["https:\/\/contextoanalisisperiodistico.com\/wp-content\/uploads\/2025\/04\/IMG-20250403-WA0121-540x340.jpg",540,340,true],"covernews-medium-square":["https:\/\/contextoanalisisperiodistico.com\/wp-content\/uploads\/2025\/04\/IMG-20250403-WA0121-400x250.jpg",400,250,true]},"author_info":{"display_name":"Mario Gir\u00f3n","author_link":"https:\/\/contextoanalisisperiodistico.com\/index.php\/author\/director\/"},"category_info":"<a href=\"https:\/\/contextoanalisisperiodistico.com\/index.php\/category\/politica\/\" rel=\"category tag\">Pol\u00edtica<\/a>","tag_info":"Pol\u00edtica","comment_count":"0","jetpack_featured_media_url":"https:\/\/contextoanalisisperiodistico.com\/wp-content\/uploads\/2025\/04\/IMG-20250403-WA0121.jpg","_links":{"self":[{"href":"https:\/\/contextoanalisisperiodistico.com\/index.php\/wp-json\/wp\/v2\/posts\/39417"}],"collection":[{"href":"https:\/\/contextoanalisisperiodistico.com\/index.php\/wp-json\/wp\/v2\/posts"}],"about":[{"href":"https:\/\/contextoanalisisperiodistico.com\/index.php\/wp-json\/wp\/v2\/types\/post"}],"author":[{"embeddable":true,"href":"https:\/\/contextoanalisisperiodistico.com\/index.php\/wp-json\/wp\/v2\/users\/4"}],"replies":[{"embeddable":true,"href":"https:\/\/contextoanalisisperiodistico.com\/index.php\/wp-json\/wp\/v2\/comments?post=39417"}],"version-history":[{"count":1,"href":"https:\/\/contextoanalisisperiodistico.com\/index.php\/wp-json\/wp\/v2\/posts\/39417\/revisions"}],"predecessor-version":[{"id":39418,"href":"https:\/\/contextoanalisisperiodistico.com\/index.php\/wp-json\/wp\/v2\/posts\/39417\/revisions\/39418"}],"wp:featuredmedia":[{"embeddable":true,"href":"https:\/\/contextoanalisisperiodistico.com\/index.php\/wp-json\/wp\/v2\/media\/39409"}],"wp:attachment":[{"href":"https:\/\/contextoanalisisperiodistico.com\/index.php\/wp-json\/wp\/v2\/media?parent=39417"}],"wp:term":[{"taxonomy":"category","embeddable":true,"href":"https:\/\/contextoanalisisperiodistico.com\/index.php\/wp-json\/wp\/v2\/categories?post=39417"},{"taxonomy":"post_tag","embeddable":true,"href":"https:\/\/contextoanalisisperiodistico.com\/index.php\/wp-json\/wp\/v2\/tags?post=39417"}],"curies":[{"name":"wp","href":"https:\/\/api.w.org\/{rel}","templated":true}]}}