{"id":39398,"date":"2025-04-03T10:03:33","date_gmt":"2025-04-03T16:03:33","guid":{"rendered":"https:\/\/contextoanalisisperiodistico.com\/index.php\/2025\/04\/03\/repelente-casero-alternativa-efectiva-para-prevenir-el-dengue-sso\/"},"modified":"2025-04-03T10:06:28","modified_gmt":"2025-04-03T16:06:28","slug":"repelente-casero-alternativa-efectiva-para-prevenir-el-dengue-sso","status":"publish","type":"post","link":"https:\/\/contextoanalisisperiodistico.com\/index.php\/2025\/04\/03\/repelente-casero-alternativa-efectiva-para-prevenir-el-dengue-sso\/","title":{"rendered":"Repelente casero, alternativa efectiva para prevenir el dengue: SSO"},"content":{"rendered":"<div id=\"fb-root\"><\/div>\n\n<p>\u2022 Contabiliza Oaxaca 16 casos acumulados<\/p>\n\n\n\n<figure class=\"wp-block-image size-large\"><img fetchpriority=\"high\" decoding=\"async\" width=\"819\" height=\"1024\" src=\"https:\/\/contextoanalisisperiodistico.com\/wp-content\/uploads\/2025\/04\/img-20250402-wa01503403849257548808619-819x1024.jpg\" alt=\"\" class=\"wp-image-39396\" srcset=\"https:\/\/contextoanalisisperiodistico.com\/wp-content\/uploads\/2025\/04\/img-20250402-wa01503403849257548808619-819x1024.jpg 819w, https:\/\/contextoanalisisperiodistico.com\/wp-content\/uploads\/2025\/04\/img-20250402-wa01503403849257548808619-240x300.jpg 240w, https:\/\/contextoanalisisperiodistico.com\/wp-content\/uploads\/2025\/04\/img-20250402-wa01503403849257548808619-768x960.jpg 768w, https:\/\/contextoanalisisperiodistico.com\/wp-content\/uploads\/2025\/04\/img-20250402-wa01503403849257548808619.jpg 900w\" sizes=\"(max-width: 819px) 100vw, 819px\" \/><\/figure>\n\n\n\n<figure class=\"wp-block-image\"><img decoding=\"async\" width=\"614\" height=\"1024\" src=\"https:\/\/contextoanalisisperiodistico.com\/wp-content\/uploads\/2025\/04\/img-20250402-wa01492656604485128860413-614x1024.jpg\" alt=\"\" class=\"wp-image-39397\" srcset=\"https:\/\/contextoanalisisperiodistico.com\/wp-content\/uploads\/2025\/04\/img-20250402-wa01492656604485128860413-614x1024.jpg 614w, https:\/\/contextoanalisisperiodistico.com\/wp-content\/uploads\/2025\/04\/img-20250402-wa01492656604485128860413-180x300.jpg 180w, https:\/\/contextoanalisisperiodistico.com\/wp-content\/uploads\/2025\/04\/img-20250402-wa01492656604485128860413-768x1280.jpg 768w, https:\/\/contextoanalisisperiodistico.com\/wp-content\/uploads\/2025\/04\/img-20250402-wa01492656604485128860413.jpg 850w\" sizes=\"(max-width: 614px) 100vw, 614px\" \/><\/figure>\n\n\n\n<p>\u2022 Circulan los serotipos 2 y 3 en la entidad, fundamental continuar con las medidas preventivas<\/p>\n\n\n\n<p>Oaxaca de Ju\u00e1rez, Oax., 2 de abril de 2025.- Servicios de Salud de Oaxaca (SSO) recomienda el uso de repelentes naturales como una medida efectiva para evitar la picadura del mosquito Aedes aegypti, principal transmisor del dengue.<\/p>\n\n\n\n<p>La instituci\u00f3n detalla la elaboraci\u00f3n del repelente en casa, el cual consiste en mezclar en un atomizador, 60 clavos de olor, 1 litro de alcohol de 96 grados, 100 mililitros de aceite para beb\u00e9, dejar reposar 3 d\u00edas y esperar a que tenga un color \u00e1mbar, para aplicarse cada 4 horas en la piel.<\/p>\n\n\n\n<p>Y es que hasta la semana epidemiol\u00f3gica n\u00famero 13, se registraron dos casos nuevos de dengue, que suman 16 confirmados en toda la entidad, con la circulaci\u00f3n del serotipo 2 y 3.<\/p>\n\n\n\n<p>De acuerdo a su clasificaci\u00f3n cl\u00ednica, siete corresponden a Dengue No Grave (DNG), ocho a Dengue Con Signos de Alarma (DCSA) y uno a Dengue Grave (DG), sin el registro de defunciones.<\/p>\n\n\n\n<p>Por sexo, 11 casos son hombres y cinco mujeres; a nivel nacional Oaxaca ocupa el lugar n\u00famero 23, siendo los estados de Jalisco, Veracruz y Guerrero los m\u00e1s afectados en el pa\u00eds.<\/p>\n\n\n\n<p>Por Jurisdicci\u00f3n Sanitaria, Tuxtepec registra seis casos, seguido de Valles Centrales con cuatro; Istmo y Costa con tres reportes cada uno; Mixteca y Sierra con cero casos.<\/p>\n\n\n\n<p>SSO destaca que, ante cualquier s\u00edntoma como fiebre, dolor caracter\u00edstico en cabeza (detr\u00e1s de los ojos), malestar generalizado, dolor en articulaciones, en m\u00fasculos, enrojecimiento en la piel, n\u00e1useas, v\u00f3mito y p\u00e9rdida del apetito, y en casos graves sangrado por nariz o enc\u00edas, o moretones en la piel; las personas deben acudir a la unidad de salud m\u00e1s cercana y no automedicarse.<\/p>\n\n\n\n<p>Finalmente, detalla que se deben seguir las medidas como la limpieza del patio o jard\u00edn y eliminar cacharros de las azoteas, deshierbar los terrenos bald\u00edos y tapar los recipientes que acumulen agua limpia para evitar la proliferaci\u00f3n del Aedes aegypti.<\/p>\n\n\n\n<p>-0-<\/p>\n","protected":false},"excerpt":{"rendered":"<p>\u2022 Contabiliza Oaxaca 16 casos acumulados \u2022 Circulan los serotipos 2 y 3 en la&#8230;<\/p>\n","protected":false},"author":4,"featured_media":39395,"comment_status":"closed","ping_status":"open","sticky":false,"template":"","format":"standard","meta":{"footnotes":""},"categories":[92],"tags":[],"jetpack_sharing_enabled":true,"featured_image_urls":{"full":["https:\/\/contextoanalisisperiodistico.com\/wp-content\/uploads\/2025\/04\/IMG-20250402-WA0151.jpg",1600,1066,false],"thumbnail":["https:\/\/contextoanalisisperiodistico.com\/wp-content\/uploads\/2025\/04\/IMG-20250402-WA0151-150x150.jpg",150,150,true],"medium":["https:\/\/contextoanalisisperiodistico.com\/wp-content\/uploads\/2025\/04\/IMG-20250402-WA0151-300x200.jpg",300,200,true],"medium_large":["https:\/\/contextoanalisisperiodistico.com\/wp-content\/uploads\/2025\/04\/IMG-20250402-WA0151-768x512.jpg",640,427,true],"large":["https:\/\/contextoanalisisperiodistico.com\/wp-content\/uploads\/2025\/04\/IMG-20250402-WA0151-1024x682.jpg",640,426,true],"1536x1536":["https:\/\/contextoanalisisperiodistico.com\/wp-content\/uploads\/2025\/04\/IMG-20250402-WA0151-1536x1023.jpg",1536,1023,true],"2048x2048":["https:\/\/contextoanalisisperiodistico.com\/wp-content\/uploads\/2025\/04\/IMG-20250402-WA0151.jpg",1600,1066,false],"covernews-slider-full":["https:\/\/contextoanalisisperiodistico.com\/wp-content\/uploads\/2025\/04\/IMG-20250402-WA0151-1115x715.jpg",1115,715,true],"covernews-slider-center":["https:\/\/contextoanalisisperiodistico.com\/wp-content\/uploads\/2025\/04\/IMG-20250402-WA0151-800x500.jpg",800,500,true],"covernews-featured":["https:\/\/contextoanalisisperiodistico.com\/wp-content\/uploads\/2025\/04\/IMG-20250402-WA0151-1024x682.jpg",1024,682,true],"covernews-medium":["https:\/\/contextoanalisisperiodistico.com\/wp-content\/uploads\/2025\/04\/IMG-20250402-WA0151-540x340.jpg",540,340,true],"covernews-medium-square":["https:\/\/contextoanalisisperiodistico.com\/wp-content\/uploads\/2025\/04\/IMG-20250402-WA0151-400x250.jpg",400,250,true]},"author_info":{"display_name":"Mario Gir\u00f3n","author_link":"https:\/\/contextoanalisisperiodistico.com\/index.php\/author\/director\/"},"category_info":"<a href=\"https:\/\/contextoanalisisperiodistico.com\/index.php\/category\/salud\/\" rel=\"category tag\">Salud<\/a>","tag_info":"Salud","comment_count":"0","jetpack_featured_media_url":"https:\/\/contextoanalisisperiodistico.com\/wp-content\/uploads\/2025\/04\/IMG-20250402-WA0151.jpg","_links":{"self":[{"href":"https:\/\/contextoanalisisperiodistico.com\/index.php\/wp-json\/wp\/v2\/posts\/39398"}],"collection":[{"href":"https:\/\/contextoanalisisperiodistico.com\/index.php\/wp-json\/wp\/v2\/posts"}],"about":[{"href":"https:\/\/contextoanalisisperiodistico.com\/index.php\/wp-json\/wp\/v2\/types\/post"}],"author":[{"embeddable":true,"href":"https:\/\/contextoanalisisperiodistico.com\/index.php\/wp-json\/wp\/v2\/users\/4"}],"replies":[{"embeddable":true,"href":"https:\/\/contextoanalisisperiodistico.com\/index.php\/wp-json\/wp\/v2\/comments?post=39398"}],"version-history":[{"count":1,"href":"https:\/\/contextoanalisisperiodistico.com\/index.php\/wp-json\/wp\/v2\/posts\/39398\/revisions"}],"predecessor-version":[{"id":39399,"href":"https:\/\/contextoanalisisperiodistico.com\/index.php\/wp-json\/wp\/v2\/posts\/39398\/revisions\/39399"}],"wp:featuredmedia":[{"embeddable":true,"href":"https:\/\/contextoanalisisperiodistico.com\/index.php\/wp-json\/wp\/v2\/media\/39395"}],"wp:attachment":[{"href":"https:\/\/contextoanalisisperiodistico.com\/index.php\/wp-json\/wp\/v2\/media?parent=39398"}],"wp:term":[{"taxonomy":"category","embeddable":true,"href":"https:\/\/contextoanalisisperiodistico.com\/index.php\/wp-json\/wp\/v2\/categories?post=39398"},{"taxonomy":"post_tag","embeddable":true,"href":"https:\/\/contextoanalisisperiodistico.com\/index.php\/wp-json\/wp\/v2\/tags?post=39398"}],"curies":[{"name":"wp","href":"https:\/\/api.w.org\/{rel}","templated":true}]}}