{"id":39394,"date":"2025-04-02T16:56:21","date_gmt":"2025-04-02T22:56:21","guid":{"rendered":"https:\/\/contextoanalisisperiodistico.com\/index.php\/2025\/04\/02\/autismo-afecta-a-1-de-cada-160-ninas-y-ninos-en-el-mundo-sso\/"},"modified":"2025-04-02T16:56:21","modified_gmt":"2025-04-02T22:56:21","slug":"autismo-afecta-a-1-de-cada-160-ninas-y-ninos-en-el-mundo-sso","status":"publish","type":"post","link":"https:\/\/contextoanalisisperiodistico.com\/index.php\/2025\/04\/02\/autismo-afecta-a-1-de-cada-160-ninas-y-ninos-en-el-mundo-sso\/","title":{"rendered":"Autismo afecta a 1 de cada 160 ni\u00f1as y ni\u00f1os en el mundo: SSO"},"content":{"rendered":"<div id=\"fb-root\"><\/div>\n\n<p>\u2022 Esta condici\u00f3n de vida influye en la forma en que las personas se comunican, aprenden, interact\u00faan y comportan, de ah\u00ed la importancia de la detecci\u00f3n oportuna para una intervenci\u00f3n multidisciplinaria<\/p>\n\n\n\n<figure class=\"wp-block-image size-large\"><img fetchpriority=\"high\" decoding=\"async\" width=\"800\" height=\"800\" src=\"https:\/\/contextoanalisisperiodistico.com\/wp-content\/uploads\/2025\/04\/img-20250402-wa01291318369807965114511.jpg\" alt=\"\" class=\"wp-image-39393\" srcset=\"https:\/\/contextoanalisisperiodistico.com\/wp-content\/uploads\/2025\/04\/img-20250402-wa01291318369807965114511.jpg 800w, https:\/\/contextoanalisisperiodistico.com\/wp-content\/uploads\/2025\/04\/img-20250402-wa01291318369807965114511-300x300.jpg 300w, https:\/\/contextoanalisisperiodistico.com\/wp-content\/uploads\/2025\/04\/img-20250402-wa01291318369807965114511-150x150.jpg 150w, https:\/\/contextoanalisisperiodistico.com\/wp-content\/uploads\/2025\/04\/img-20250402-wa01291318369807965114511-768x768.jpg 768w\" sizes=\"(max-width: 800px) 100vw, 800px\" \/><\/figure>\n\n\n\n<p>Oaxaca de Ju\u00e1rez, Oax., 2 de abril de 2025.- En el marco del D\u00eda Mundial de Concienciaci\u00f3n sobre el Autismo, que se conmemora cada 2 de abril, Servicios de Salud de Oaxaca (SSO) reafirma su compromiso con la sensibilizaci\u00f3n, diagn\u00f3stico temprano y atenci\u00f3n especializada de este trastorno del neurodesarrollo, el cual afecta la forma en que las personas se comunican, aprenden, interact\u00faan y se comportan.<\/p>\n\n\n\n<p>La Organizaci\u00f3n Mundial de la Salud (OMS) estima que 1 de cada 160 ni\u00f1as y ni\u00f1os en el mundo vive con Trastorno del Espectro Autista (TEA), con una tendencia de aumento del 17 por ciento anual y con mayor prevalencia en hombres.<\/p>\n\n\n\n<p>En entrevista, la especialista en gen\u00e9tica m\u00e9dica del Hospital General Doctor Aurelio Valdivieso de IMSS-Bienestar, Karla Garc\u00eda Helmes explic\u00f3 que el TEA involucra factores gen\u00e9ticos, ambientales e inmunol\u00f3gicos, y su desarrollo puede verse influenciado por elementos como exposici\u00f3n a ciertos f\u00e1rmacos, metabolitos, toxinas y nutrientes durante el per\u00edodo prenatal.<\/p>\n\n\n\n<p>La detecci\u00f3n temprana es clave, dijo, ya que algunos signos de alerta que pueden manifestarse entre 1 y 3 a\u00f1os de edad son: poca interacci\u00f3n social, dificultad en el lenguaje, movimientos repetitivos, poco contacto visual, falta de respuesta al llamado por su nombre, uso limitado de gestos y expresiones faciales, as\u00ed como inter\u00e9s inusual en objetos espec\u00edficos.<\/p>\n\n\n\n<p>Ante la presencia de estos signos, la especialista enfatiz\u00f3 la importancia de acudir a una unidad de salud para una evaluaci\u00f3n multidisciplinaria con especialistas en neurolog\u00eda, paidopsiquiatr\u00eda, gen\u00e9tica, medicina de rehabilitaci\u00f3n y terapia ocupacional.<\/p>\n\n\n\n<p>Las personas con autismo procesan el mundo de manera distinta, interpretando palabras, colores, formas y sonidos de manera \u00fanica. Sin embargo, con un tratamiento terap\u00e9utico personalizado, pueden potenciar sus habilidades y mejorar significativamente su calidad de vida, asegur\u00f3.<\/p>\n\n\n\n<p>SSO exhorta a madres, padres y personas cuidadoras a estar atentos a los primeros signos del TEA y acudir a los centros de salud para recibir orientaci\u00f3n y ser canalizados a una atenci\u00f3n especializada.<br \/>-0-<\/p>\n","protected":false},"excerpt":{"rendered":"<p>\u2022 Esta condici\u00f3n de vida influye en la forma en que las personas se comunican,&#8230;<\/p>\n","protected":false},"author":4,"featured_media":39392,"comment_status":"","ping_status":"open","sticky":false,"template":"","format":"standard","meta":{"footnotes":""},"categories":[92],"tags":[],"jetpack_sharing_enabled":true,"featured_image_urls":{"full":["https:\/\/contextoanalisisperiodistico.com\/wp-content\/uploads\/2025\/04\/IMG-20250402-WA0128.jpg",1600,1065,false],"thumbnail":["https:\/\/contextoanalisisperiodistico.com\/wp-content\/uploads\/2025\/04\/IMG-20250402-WA0128-150x150.jpg",150,150,true],"medium":["https:\/\/contextoanalisisperiodistico.com\/wp-content\/uploads\/2025\/04\/IMG-20250402-WA0128-300x200.jpg",300,200,true],"medium_large":["https:\/\/contextoanalisisperiodistico.com\/wp-content\/uploads\/2025\/04\/IMG-20250402-WA0128-768x511.jpg",640,426,true],"large":["https:\/\/contextoanalisisperiodistico.com\/wp-content\/uploads\/2025\/04\/IMG-20250402-WA0128-1024x682.jpg",640,426,true],"1536x1536":["https:\/\/contextoanalisisperiodistico.com\/wp-content\/uploads\/2025\/04\/IMG-20250402-WA0128-1536x1022.jpg",1536,1022,true],"2048x2048":["https:\/\/contextoanalisisperiodistico.com\/wp-content\/uploads\/2025\/04\/IMG-20250402-WA0128.jpg",1600,1065,false],"covernews-slider-full":["https:\/\/contextoanalisisperiodistico.com\/wp-content\/uploads\/2025\/04\/IMG-20250402-WA0128-1115x715.jpg",1115,715,true],"covernews-slider-center":["https:\/\/contextoanalisisperiodistico.com\/wp-content\/uploads\/2025\/04\/IMG-20250402-WA0128-800x500.jpg",800,500,true],"covernews-featured":["https:\/\/contextoanalisisperiodistico.com\/wp-content\/uploads\/2025\/04\/IMG-20250402-WA0128-1024x682.jpg",1024,682,true],"covernews-medium":["https:\/\/contextoanalisisperiodistico.com\/wp-content\/uploads\/2025\/04\/IMG-20250402-WA0128-540x340.jpg",540,340,true],"covernews-medium-square":["https:\/\/contextoanalisisperiodistico.com\/wp-content\/uploads\/2025\/04\/IMG-20250402-WA0128-400x250.jpg",400,250,true]},"author_info":{"display_name":"Mario Gir\u00f3n","author_link":"https:\/\/contextoanalisisperiodistico.com\/index.php\/author\/director\/"},"category_info":"<a href=\"https:\/\/contextoanalisisperiodistico.com\/index.php\/category\/salud\/\" rel=\"category tag\">Salud<\/a>","tag_info":"Salud","comment_count":"0","jetpack_featured_media_url":"https:\/\/contextoanalisisperiodistico.com\/wp-content\/uploads\/2025\/04\/IMG-20250402-WA0128.jpg","_links":{"self":[{"href":"https:\/\/contextoanalisisperiodistico.com\/index.php\/wp-json\/wp\/v2\/posts\/39394"}],"collection":[{"href":"https:\/\/contextoanalisisperiodistico.com\/index.php\/wp-json\/wp\/v2\/posts"}],"about":[{"href":"https:\/\/contextoanalisisperiodistico.com\/index.php\/wp-json\/wp\/v2\/types\/post"}],"author":[{"embeddable":true,"href":"https:\/\/contextoanalisisperiodistico.com\/index.php\/wp-json\/wp\/v2\/users\/4"}],"replies":[{"embeddable":true,"href":"https:\/\/contextoanalisisperiodistico.com\/index.php\/wp-json\/wp\/v2\/comments?post=39394"}],"version-history":[{"count":0,"href":"https:\/\/contextoanalisisperiodistico.com\/index.php\/wp-json\/wp\/v2\/posts\/39394\/revisions"}],"wp:featuredmedia":[{"embeddable":true,"href":"https:\/\/contextoanalisisperiodistico.com\/index.php\/wp-json\/wp\/v2\/media\/39392"}],"wp:attachment":[{"href":"https:\/\/contextoanalisisperiodistico.com\/index.php\/wp-json\/wp\/v2\/media?parent=39394"}],"wp:term":[{"taxonomy":"category","embeddable":true,"href":"https:\/\/contextoanalisisperiodistico.com\/index.php\/wp-json\/wp\/v2\/categories?post=39394"},{"taxonomy":"post_tag","embeddable":true,"href":"https:\/\/contextoanalisisperiodistico.com\/index.php\/wp-json\/wp\/v2\/tags?post=39394"}],"curies":[{"name":"wp","href":"https:\/\/api.w.org\/{rel}","templated":true}]}}