{"id":39391,"date":"2025-04-02T16:40:26","date_gmt":"2025-04-02T22:40:26","guid":{"rendered":"https:\/\/contextoanalisisperiodistico.com\/index.php\/2025\/04\/02\/respalda-salomon-jara-con-55-mdp-en-apoyos-y-programas-a-san-juan-bautista-valle-nacional\/"},"modified":"2025-04-02T16:40:26","modified_gmt":"2025-04-02T22:40:26","slug":"respalda-salomon-jara-con-55-mdp-en-apoyos-y-programas-a-san-juan-bautista-valle-nacional","status":"publish","type":"post","link":"https:\/\/contextoanalisisperiodistico.com\/index.php\/2025\/04\/02\/respalda-salomon-jara-con-55-mdp-en-apoyos-y-programas-a-san-juan-bautista-valle-nacional\/","title":{"rendered":"Respalda Salom\u00f3n Jara con 55 mdp en apoyos y programas a San Juan Bautista Valle Nacional"},"content":{"rendered":"<div id=\"fb-root\"><\/div>\n\n<p>\u2022 El Gobernador del Estado acudi\u00f3 a este municipio, en el cual autoriz\u00f3 25 millones de pesos para pavimentar dos caminos y dar mantenimiento a otro<\/p>\n\n\n\n<figure class=\"wp-block-image size-large\"><img fetchpriority=\"high\" decoding=\"async\" width=\"1024\" height=\"682\" src=\"https:\/\/contextoanalisisperiodistico.com\/wp-content\/uploads\/2025\/04\/img-20250402-wa01175117933640968917199-1024x682.jpg\" alt=\"\" class=\"wp-image-39388\" srcset=\"https:\/\/contextoanalisisperiodistico.com\/wp-content\/uploads\/2025\/04\/img-20250402-wa01175117933640968917199-1024x682.jpg 1024w, https:\/\/contextoanalisisperiodistico.com\/wp-content\/uploads\/2025\/04\/img-20250402-wa01175117933640968917199-300x200.jpg 300w, https:\/\/contextoanalisisperiodistico.com\/wp-content\/uploads\/2025\/04\/img-20250402-wa01175117933640968917199-768x512.jpg 768w, https:\/\/contextoanalisisperiodistico.com\/wp-content\/uploads\/2025\/04\/img-20250402-wa01175117933640968917199.jpg 1280w\" sizes=\"(max-width: 1024px) 100vw, 1024px\" \/><\/figure>\n\n\n\n<figure class=\"wp-block-image\"><img decoding=\"async\" width=\"1024\" height=\"682\" src=\"https:\/\/contextoanalisisperiodistico.com\/wp-content\/uploads\/2025\/04\/img-20250402-wa01198166850957477998477-1024x682.jpg\" alt=\"\" class=\"wp-image-39389\" srcset=\"https:\/\/contextoanalisisperiodistico.com\/wp-content\/uploads\/2025\/04\/img-20250402-wa01198166850957477998477-1024x682.jpg 1024w, https:\/\/contextoanalisisperiodistico.com\/wp-content\/uploads\/2025\/04\/img-20250402-wa01198166850957477998477-300x200.jpg 300w, https:\/\/contextoanalisisperiodistico.com\/wp-content\/uploads\/2025\/04\/img-20250402-wa01198166850957477998477-768x512.jpg 768w, https:\/\/contextoanalisisperiodistico.com\/wp-content\/uploads\/2025\/04\/img-20250402-wa01198166850957477998477.jpg 1280w\" sizes=\"(max-width: 1024px) 100vw, 1024px\" \/><\/figure>\n\n\n\n<figure class=\"wp-block-image\"><img decoding=\"async\" width=\"1024\" height=\"682\" src=\"https:\/\/contextoanalisisperiodistico.com\/wp-content\/uploads\/2025\/04\/img-20250402-wa01167894303262094081265-1024x682.jpg\" alt=\"\" class=\"wp-image-39390\" srcset=\"https:\/\/contextoanalisisperiodistico.com\/wp-content\/uploads\/2025\/04\/img-20250402-wa01167894303262094081265-1024x682.jpg 1024w, https:\/\/contextoanalisisperiodistico.com\/wp-content\/uploads\/2025\/04\/img-20250402-wa01167894303262094081265-300x200.jpg 300w, https:\/\/contextoanalisisperiodistico.com\/wp-content\/uploads\/2025\/04\/img-20250402-wa01167894303262094081265-768x512.jpg 768w, https:\/\/contextoanalisisperiodistico.com\/wp-content\/uploads\/2025\/04\/img-20250402-wa01167894303262094081265.jpg 1280w\" sizes=\"(max-width: 1024px) 100vw, 1024px\" \/><\/figure>\n\n\n\n<p>\u2022 A trav\u00e9s del IEEPO se canalizan m\u00e1s de 13 millones de pesos en equipamiento escolar<\/p>\n\n\n\n<p>San Juan Bautista Valle Nacional, Oax. 2 de abril de 2025.- En respaldo a la poblaci\u00f3n, el Gobernador Salom\u00f3n Jara Cruz retorn\u00f3 a este municipio de la regi\u00f3n Cuenca del Papaloapan, para anunciar una inversi\u00f3n hist\u00f3rica de 55 millones de pesos en diferentes apoyos y programas.<\/p>\n\n\n\n<p>De este monto, 25 millones de pesos ser\u00e1n ejercidos por Caminos Bienestar (Cabien), en dos obras de pavimentaci\u00f3n: 1 kil\u00f3metro del tramo que va a San Felipe de Le\u00f3n, y en el cual se concluy\u00f3 recientemente una distancia igual; as\u00ed como 900 metros de la vialidad que dirige hacia la localidad La Rinconada.<\/p>\n\n\n\n<p>Adem\u00e1s, con un porcentaje de ese presupuesto iniciar\u00e1 el mantenimiento de 1.7 kil\u00f3metros con concreto hidr\u00e1ulico, de la carretera de San Rafael Agua Pescadito a la agencia Arroyo Tortuga.<\/p>\n\n\n\n<p>\u201cNosotros venimos a apoyar un poco, a fortalecer diversas obras con este modelo de atenci\u00f3n al visitar a todos los municipios y comunidades para sacar adelante a Oaxaca\u201d, afirm\u00f3 el Mandatario estatal en este recorrido como parte de su estrategia Trabajo que Transforma tu Municipio.<\/p>\n\n\n\n<p>Jara Cruz hace lo que nunca se hizo en Valle Nacional:<\/p>\n\n\n\n<p>\u2022 Con un presupuesto de 13 millones 132 mil 511 pesos, el Instituto Estatal de Educaci\u00f3n P\u00fablica de Oaxaca (IEEPO) equipar\u00e1 106 escuelas con matr\u00edcula de 5 mil 150 estudiantes mediante la entrega de computadoras, proyectores, impresoras, lotes de mobiliario, pizarrones, material de aseo, deportivo y de oficina.<\/p>\n\n\n\n<p>\u2022 En continuidad al compromiso cumplido respecto a la validaci\u00f3n del proyecto de la construcci\u00f3n del sistema de agua potable, ahora se autoriz\u00f3 una inversi\u00f3n de 3.3 millones de pesos en coinversi\u00f3n con el gobierno municipal.<\/p>\n\n\n\n<p>\u2022 Con 6.5 millones de pesos se rehabilitar\u00e1 la planta de tratamiento de aguas residuales, de los cuales 3.5 millones aportar\u00e1 el estado, mientras que el Ayuntamiento destinar\u00e1 3 millones.<\/p>\n\n\n\n<p>\u2022 Por medio de la Secretar\u00eda de Fomento Agroalimentario y Desarrollo Rural (Sefader), 601 personas productoras adscritas al programa Abasto Seguro de Ma\u00edz recibir\u00e1n semillas mejoradas, fertilizantes, paquetes de bioinsumos, as\u00ed como capacitaci\u00f3n y asesor\u00eda t\u00e9cnica; consistentes en 7 millones 300 mil pesos.<\/p>\n\n\n\n<p>\u2022 Adem\u00e1s, se pondr\u00e1 a disposici\u00f3n de personas ganaderas inseminaci\u00f3n artificial, vacunas y control de brucelosis y tuberculosis para su comercializaci\u00f3n a Estados Unidos.<\/p>\n\n\n\n<p>\u2022 Un total de 2 mil 200 familias del municipio ser\u00e1n atendidas con los programas Desayuno de Letritas e Itacate de mi Coraz\u00f3n, as\u00ed como el subprograma Guisos de mi Pueblo, por un monto total de 5 millones 926 mil 258 pesos.<\/p>\n\n\n\n<p>\u2022 Para fortalecer la seguridad municipal, se canaliza 1 mill\u00f3n 65 mil 560 pesos en la construcci\u00f3n de un Centro de Comando y Control (C2), instalaci\u00f3n de c\u00e1maras de vigilancia en avenidas, una moto patrulla y uniformes para el personal de la Polic\u00eda Municipal.<\/p>\n\n\n\n<p>\u2022 Con la Tarjeta Margarita Maza, 72 jefas de familia en situaci\u00f3n de extrema pobreza recibir\u00e1n un apoyo bimestral que suma la cantidad total de 864 mil pesos.<\/p>\n\n\n\n<p>\u2022 Los cuatro centros de Salud recibieron 400 mil pesos cada uno, a trav\u00e9s de la tarjeta La Cl\u00ednica es Nuestra, para la rehabilitaci\u00f3n de su infraestructura.<\/p>\n\n\n\n<p>\u2022 El Instituto Oaxaque\u00f1o Constructor de Infraestructura Educativa (Iocied) facilitar\u00e1 50 sillas al Instituto de Estudios de Bachillerato (IEBO) n\u00famero 23.<\/p>\n\n\n\n<p>-0-<\/p>\n","protected":false},"excerpt":{"rendered":"<p>\u2022 El Gobernador del Estado acudi\u00f3 a este municipio, en el cual autoriz\u00f3 25 millones&#8230;<\/p>\n","protected":false},"author":4,"featured_media":39387,"comment_status":"","ping_status":"open","sticky":false,"template":"","format":"standard","meta":{"footnotes":""},"categories":[9],"tags":[],"jetpack_sharing_enabled":true,"featured_image_urls":{"full":["https:\/\/contextoanalisisperiodistico.com\/wp-content\/uploads\/2025\/04\/IMG-20250402-WA0118.jpg",1280,853,false],"thumbnail":["https:\/\/contextoanalisisperiodistico.com\/wp-content\/uploads\/2025\/04\/IMG-20250402-WA0118-150x150.jpg",150,150,true],"medium":["https:\/\/contextoanalisisperiodistico.com\/wp-content\/uploads\/2025\/04\/IMG-20250402-WA0118-300x200.jpg",300,200,true],"medium_large":["https:\/\/contextoanalisisperiodistico.com\/wp-content\/uploads\/2025\/04\/IMG-20250402-WA0118-768x512.jpg",640,427,true],"large":["https:\/\/contextoanalisisperiodistico.com\/wp-content\/uploads\/2025\/04\/IMG-20250402-WA0118-1024x682.jpg",640,426,true],"1536x1536":["https:\/\/contextoanalisisperiodistico.com\/wp-content\/uploads\/2025\/04\/IMG-20250402-WA0118.jpg",1280,853,false],"2048x2048":["https:\/\/contextoanalisisperiodistico.com\/wp-content\/uploads\/2025\/04\/IMG-20250402-WA0118.jpg",1280,853,false],"covernews-slider-full":["https:\/\/contextoanalisisperiodistico.com\/wp-content\/uploads\/2025\/04\/IMG-20250402-WA0118-1115x715.jpg",1115,715,true],"covernews-slider-center":["https:\/\/contextoanalisisperiodistico.com\/wp-content\/uploads\/2025\/04\/IMG-20250402-WA0118-800x500.jpg",800,500,true],"covernews-featured":["https:\/\/contextoanalisisperiodistico.com\/wp-content\/uploads\/2025\/04\/IMG-20250402-WA0118-1024x682.jpg",1024,682,true],"covernews-medium":["https:\/\/contextoanalisisperiodistico.com\/wp-content\/uploads\/2025\/04\/IMG-20250402-WA0118-540x340.jpg",540,340,true],"covernews-medium-square":["https:\/\/contextoanalisisperiodistico.com\/wp-content\/uploads\/2025\/04\/IMG-20250402-WA0118-400x250.jpg",400,250,true]},"author_info":{"display_name":"Mario Gir\u00f3n","author_link":"https:\/\/contextoanalisisperiodistico.com\/index.php\/author\/director\/"},"category_info":"<a href=\"https:\/\/contextoanalisisperiodistico.com\/index.php\/category\/politica\/\" rel=\"category tag\">Pol\u00edtica<\/a>","tag_info":"Pol\u00edtica","comment_count":"0","jetpack_featured_media_url":"https:\/\/contextoanalisisperiodistico.com\/wp-content\/uploads\/2025\/04\/IMG-20250402-WA0118.jpg","_links":{"self":[{"href":"https:\/\/contextoanalisisperiodistico.com\/index.php\/wp-json\/wp\/v2\/posts\/39391"}],"collection":[{"href":"https:\/\/contextoanalisisperiodistico.com\/index.php\/wp-json\/wp\/v2\/posts"}],"about":[{"href":"https:\/\/contextoanalisisperiodistico.com\/index.php\/wp-json\/wp\/v2\/types\/post"}],"author":[{"embeddable":true,"href":"https:\/\/contextoanalisisperiodistico.com\/index.php\/wp-json\/wp\/v2\/users\/4"}],"replies":[{"embeddable":true,"href":"https:\/\/contextoanalisisperiodistico.com\/index.php\/wp-json\/wp\/v2\/comments?post=39391"}],"version-history":[{"count":0,"href":"https:\/\/contextoanalisisperiodistico.com\/index.php\/wp-json\/wp\/v2\/posts\/39391\/revisions"}],"wp:featuredmedia":[{"embeddable":true,"href":"https:\/\/contextoanalisisperiodistico.com\/index.php\/wp-json\/wp\/v2\/media\/39387"}],"wp:attachment":[{"href":"https:\/\/contextoanalisisperiodistico.com\/index.php\/wp-json\/wp\/v2\/media?parent=39391"}],"wp:term":[{"taxonomy":"category","embeddable":true,"href":"https:\/\/contextoanalisisperiodistico.com\/index.php\/wp-json\/wp\/v2\/categories?post=39391"},{"taxonomy":"post_tag","embeddable":true,"href":"https:\/\/contextoanalisisperiodistico.com\/index.php\/wp-json\/wp\/v2\/tags?post=39391"}],"curies":[{"name":"wp","href":"https:\/\/api.w.org\/{rel}","templated":true}]}}