{"id":39383,"date":"2025-04-02T15:14:01","date_gmt":"2025-04-02T21:14:01","guid":{"rendered":"https:\/\/contextoanalisisperiodistico.com\/index.php\/2025\/04\/02\/mantiene-sego-atencion-en-territorio-para-fortalecer-la-gobernabilidad-en-oaxaca\/"},"modified":"2025-04-02T15:15:04","modified_gmt":"2025-04-02T21:15:04","slug":"mantiene-sego-atencion-en-territorio-para-fortalecer-la-gobernabilidad-en-oaxaca","status":"publish","type":"post","link":"https:\/\/contextoanalisisperiodistico.com\/index.php\/2025\/04\/02\/mantiene-sego-atencion-en-territorio-para-fortalecer-la-gobernabilidad-en-oaxaca\/","title":{"rendered":"Mantiene Sego atenci\u00f3n en territorio para fortalecer la gobernabilidad en Oaxaca"},"content":{"rendered":"<div id=\"fb-root\"><\/div>\n\n<p>\u2022 El secretario de Gobierno, Jes\u00fas Romero L\u00f3pez present\u00f3 los avances obtenidos en materia de conflictividad social y agraria. Destac\u00f3 la resoluci\u00f3n de 37 conflictos en las ocho regiones del estado<\/p>\n\n\n\n<p>Oaxaca de Ju\u00e1rez, Oax., 2 de abril de 2025.- El titular de la Secretar\u00eda de Gobierno (Sego), Jes\u00fas Romero L\u00f3pez present\u00f3 el informe correspondiente a las acciones realizadas durante el mes de marzo en materia de conflictividad social, encaminadas a fortalecer la gobernabilidad en la entidad.<\/p>\n\n\n\n<p>En el marco de la Conferencia del Gabinete de Seguridad, expres\u00f3 que se llevaron a cabo 297 mesas de di\u00e1logo, de las cuales 21 fueron resolutivas y el resto se mantienen en atenci\u00f3n a trav\u00e9s de las subsecretar\u00edas de Fortalecimiento Municipal, Desarrollo Pol\u00edtico y de Desarrollo Democr\u00e1tico, que participan activamente en la resoluci\u00f3n de conflictos.<\/p>\n\n\n\n<p>Asimismo, se dio atenci\u00f3n a 93 movilizaciones y, mediante las y los Delegados de Paz se efectuaron 2 mil 402 monitoreos, con lo que se observ\u00f3 una disminuci\u00f3n de 3.44 por ciento en bloqueos en comparaci\u00f3n con el 2022, y de 1.2 por ciento respecto al 2023. En 2025, se presentaron 11 bloqueos carreteros y 19 en calles.<\/p>\n\n\n\n<p>Romero L\u00f3pez se\u00f1al\u00f3 que, durante el periodo que se informa, se han registrado cuatro tomas de casetas, 13 marchas, 13 tomas de oficinas, 24 manifestaciones y seis conferencias de prensa por parte de diversos grupos sociales, particulares, estudiantes, entre otros.<\/p>\n\n\n\n<p>Respecto a la conflictividad agraria, se\u00f1al\u00f3 que actualmente existen 195 conflictos activos, de los cuales 23 son de alto riesgo y 11 est\u00e1n siendo atendidos por la Mesa de Inteligencia Agraria. En tanto, se han resuelto un total de 37 conflictos en las ocho regiones del estado.<\/p>\n\n\n\n<p>En otro tema, se han acreditado a 3 mil 399 autoridades municipales y, mediante la Subsecretar\u00eda de Migraci\u00f3n y Poblaci\u00f3n se han efectuado 857 atenciones a oaxaque\u00f1as y oaxaque\u00f1os radicados en estados del norte y la Uni\u00f3n Americana, destacan las 259 personas beneficiarias con visas del programa Gozona Familiar.<\/p>\n\n\n\n<p>La Sego brind\u00f3 atenci\u00f3n prioritaria a los conflictos que prevalecen en San Isidro Platanillo y Santo Domingo Petapa; Santa Mar\u00eda Chimalapas; Llano de Guadalupe, Santiago Textitl\u00e1n, San Miguel El Grande &#8211; Llano de Guadalupe, y los Coatlanes, a fin de lograr una soluci\u00f3n pac\u00edfica a los requerimientos de las partes involucradas.<\/p>\n\n\n\n<p>Finalmente, con el programa de Paz con Justicia y Bienestar para el Pueblo de Oaxaca se implementaron acciones de capacitaci\u00f3n y sensibilizaci\u00f3n, y talleres sobre cultura de paz y resoluci\u00f3n de conflictos en diversas comunidades, beneficiando a m\u00e1s de mil 300 personas, entre autoridades y sociedad civil.<\/p>\n\n\n\n<p>El compromiso de la Sego es continuar trabajando por la estabilidad social, el fortalecimiento del di\u00e1logo y la seguridad de la ciudadan\u00eda, impulsando estrategias para la atenci\u00f3n y soluci\u00f3n de conflictos en el estado, garantizando la paz y el bienestar de la poblaci\u00f3n.<\/p>\n\n\n\n<p>-0-<\/p>\n","protected":false},"excerpt":{"rendered":"<p>\u2022 El secretario de Gobierno, Jes\u00fas Romero L\u00f3pez present\u00f3 los avances obtenidos en materia de&#8230;<\/p>\n","protected":false},"author":4,"featured_media":39382,"comment_status":"closed","ping_status":"open","sticky":false,"template":"","format":"standard","meta":{"footnotes":""},"categories":[9],"tags":[],"jetpack_sharing_enabled":true,"featured_image_urls":{"full":["https:\/\/contextoanalisisperiodistico.com\/wp-content\/uploads\/2025\/04\/IMG-20250402-WA0101.jpg",1600,1066,false],"thumbnail":["https:\/\/contextoanalisisperiodistico.com\/wp-content\/uploads\/2025\/04\/IMG-20250402-WA0101-150x150.jpg",150,150,true],"medium":["https:\/\/contextoanalisisperiodistico.com\/wp-content\/uploads\/2025\/04\/IMG-20250402-WA0101-300x200.jpg",300,200,true],"medium_large":["https:\/\/contextoanalisisperiodistico.com\/wp-content\/uploads\/2025\/04\/IMG-20250402-WA0101-768x512.jpg",640,427,true],"large":["https:\/\/contextoanalisisperiodistico.com\/wp-content\/uploads\/2025\/04\/IMG-20250402-WA0101-1024x682.jpg",640,426,true],"1536x1536":["https:\/\/contextoanalisisperiodistico.com\/wp-content\/uploads\/2025\/04\/IMG-20250402-WA0101-1536x1023.jpg",1536,1023,true],"2048x2048":["https:\/\/contextoanalisisperiodistico.com\/wp-content\/uploads\/2025\/04\/IMG-20250402-WA0101.jpg",1600,1066,false],"covernews-slider-full":["https:\/\/contextoanalisisperiodistico.com\/wp-content\/uploads\/2025\/04\/IMG-20250402-WA0101-1115x715.jpg",1115,715,true],"covernews-slider-center":["https:\/\/contextoanalisisperiodistico.com\/wp-content\/uploads\/2025\/04\/IMG-20250402-WA0101-800x500.jpg",800,500,true],"covernews-featured":["https:\/\/contextoanalisisperiodistico.com\/wp-content\/uploads\/2025\/04\/IMG-20250402-WA0101-1024x682.jpg",1024,682,true],"covernews-medium":["https:\/\/contextoanalisisperiodistico.com\/wp-content\/uploads\/2025\/04\/IMG-20250402-WA0101-540x340.jpg",540,340,true],"covernews-medium-square":["https:\/\/contextoanalisisperiodistico.com\/wp-content\/uploads\/2025\/04\/IMG-20250402-WA0101-400x250.jpg",400,250,true]},"author_info":{"display_name":"Mario Gir\u00f3n","author_link":"https:\/\/contextoanalisisperiodistico.com\/index.php\/author\/director\/"},"category_info":"<a href=\"https:\/\/contextoanalisisperiodistico.com\/index.php\/category\/politica\/\" rel=\"category tag\">Pol\u00edtica<\/a>","tag_info":"Pol\u00edtica","comment_count":"0","jetpack_featured_media_url":"https:\/\/contextoanalisisperiodistico.com\/wp-content\/uploads\/2025\/04\/IMG-20250402-WA0101.jpg","_links":{"self":[{"href":"https:\/\/contextoanalisisperiodistico.com\/index.php\/wp-json\/wp\/v2\/posts\/39383"}],"collection":[{"href":"https:\/\/contextoanalisisperiodistico.com\/index.php\/wp-json\/wp\/v2\/posts"}],"about":[{"href":"https:\/\/contextoanalisisperiodistico.com\/index.php\/wp-json\/wp\/v2\/types\/post"}],"author":[{"embeddable":true,"href":"https:\/\/contextoanalisisperiodistico.com\/index.php\/wp-json\/wp\/v2\/users\/4"}],"replies":[{"embeddable":true,"href":"https:\/\/contextoanalisisperiodistico.com\/index.php\/wp-json\/wp\/v2\/comments?post=39383"}],"version-history":[{"count":1,"href":"https:\/\/contextoanalisisperiodistico.com\/index.php\/wp-json\/wp\/v2\/posts\/39383\/revisions"}],"predecessor-version":[{"id":39384,"href":"https:\/\/contextoanalisisperiodistico.com\/index.php\/wp-json\/wp\/v2\/posts\/39383\/revisions\/39384"}],"wp:featuredmedia":[{"embeddable":true,"href":"https:\/\/contextoanalisisperiodistico.com\/index.php\/wp-json\/wp\/v2\/media\/39382"}],"wp:attachment":[{"href":"https:\/\/contextoanalisisperiodistico.com\/index.php\/wp-json\/wp\/v2\/media?parent=39383"}],"wp:term":[{"taxonomy":"category","embeddable":true,"href":"https:\/\/contextoanalisisperiodistico.com\/index.php\/wp-json\/wp\/v2\/categories?post=39383"},{"taxonomy":"post_tag","embeddable":true,"href":"https:\/\/contextoanalisisperiodistico.com\/index.php\/wp-json\/wp\/v2\/tags?post=39383"}],"curies":[{"name":"wp","href":"https:\/\/api.w.org\/{rel}","templated":true}]}}