{"id":39381,"date":"2025-04-02T14:46:54","date_gmt":"2025-04-02T20:46:54","guid":{"rendered":"https:\/\/contextoanalisisperiodistico.com\/index.php\/2025\/04\/02\/dialogos-vecinales-atiende-las-necesidades-de-la-ciudadania-en-el-palacio-municipal\/"},"modified":"2025-04-02T14:46:54","modified_gmt":"2025-04-02T20:46:54","slug":"dialogos-vecinales-atiende-las-necesidades-de-la-ciudadania-en-el-palacio-municipal","status":"publish","type":"post","link":"https:\/\/contextoanalisisperiodistico.com\/index.php\/2025\/04\/02\/dialogos-vecinales-atiende-las-necesidades-de-la-ciudadania-en-el-palacio-municipal\/","title":{"rendered":"Di\u00e1logos Vecinales atiende las necesidades de la ciudadan\u00eda en el Palacio Municipal"},"content":{"rendered":"<div id=\"fb-root\"><\/div>\n\n<p>Oaxaca de Ju\u00e1rez, Oax. 2 de abril de 2025.- Como parte de la din\u00e1mica de acercamiento con la ciudadan\u00eda, el Gobierno Municipal de Oaxaca de Ju\u00e1rez, encabezado por el Presidente Ray Chagoya, realiz\u00f3 una nueva jornada de Di\u00e1logos Vecinales en la que se ofrecieron diversos servicios gratuitos para la poblaci\u00f3n. Esta jornada de puertas abiertas permiti\u00f3 que vecinas y vecinos se acercaran para expresar sus necesidades y recibir atenci\u00f3n inmediata.<\/p>\n\n\n\n<p>Durante el evento, se brindaron servicios como orientaci\u00f3n sobre tr\u00e1mites municipales para dar soluci\u00f3n directa a los problemas cotidianos de las familias oaxaque\u00f1as, fortaleciendo la cercan\u00eda entre la autoridad y la comunidad; as\u00ed mismo la expedici\u00f3n gratuita de actas de Nacimiento por parte del Registro Civil del Estado de Oaxaca, consultas m\u00e9dicas b\u00e1sicas, incluyendo toma de glucosa y presi\u00f3n arterial.<\/p>\n\n\n\n<p>El Presidente Ray Chagoya ha destacado la importancia de mantener estos espacios de di\u00e1logo abiertos, en los que las y los ciudadanos pueden expresar sus demandas y recibir respuestas inmediatas.<\/p>\n\n\n\n<p>Los Di\u00e1logos Vecinales continuar\u00e1n realizando un esfuerzo por acercar los servicios municipales y el Gobierno de Oaxaca de Ju\u00e1rez a los habitantes de cada colonia, barrio y agencia, consolidando una gesti\u00f3n m\u00e1s cercana y eficiente.<\/p>\n\n\n\n<figure class=\"wp-block-image size-large\"><img fetchpriority=\"high\" decoding=\"async\" width=\"1024\" height=\"683\" src=\"https:\/\/contextoanalisisperiodistico.com\/wp-content\/uploads\/2025\/04\/img-20250402-wa00965198257854467454679-1024x683.jpg\" alt=\"\" class=\"wp-image-39380\" srcset=\"https:\/\/contextoanalisisperiodistico.com\/wp-content\/uploads\/2025\/04\/img-20250402-wa00965198257854467454679-1024x683.jpg 1024w, https:\/\/contextoanalisisperiodistico.com\/wp-content\/uploads\/2025\/04\/img-20250402-wa00965198257854467454679-300x200.jpg 300w, https:\/\/contextoanalisisperiodistico.com\/wp-content\/uploads\/2025\/04\/img-20250402-wa00965198257854467454679-768x512.jpg 768w, https:\/\/contextoanalisisperiodistico.com\/wp-content\/uploads\/2025\/04\/img-20250402-wa00965198257854467454679-1536x1025.jpg 1536w, https:\/\/contextoanalisisperiodistico.com\/wp-content\/uploads\/2025\/04\/img-20250402-wa00965198257854467454679.jpg 2000w\" sizes=\"(max-width: 1024px) 100vw, 1024px\" \/><\/figure>\n\n\n\n<figure class=\"wp-block-image\"><img decoding=\"async\" width=\"1024\" height=\"683\" src=\"https:\/\/contextoanalisisperiodistico.com\/wp-content\/uploads\/2025\/04\/img-20250402-wa0097315276418924933913-1024x683.jpg\" alt=\"\" class=\"wp-image-39379\" srcset=\"https:\/\/contextoanalisisperiodistico.com\/wp-content\/uploads\/2025\/04\/img-20250402-wa0097315276418924933913-1024x683.jpg 1024w, https:\/\/contextoanalisisperiodistico.com\/wp-content\/uploads\/2025\/04\/img-20250402-wa0097315276418924933913-300x200.jpg 300w, https:\/\/contextoanalisisperiodistico.com\/wp-content\/uploads\/2025\/04\/img-20250402-wa0097315276418924933913-768x512.jpg 768w, https:\/\/contextoanalisisperiodistico.com\/wp-content\/uploads\/2025\/04\/img-20250402-wa0097315276418924933913-1536x1025.jpg 1536w, https:\/\/contextoanalisisperiodistico.com\/wp-content\/uploads\/2025\/04\/img-20250402-wa0097315276418924933913.jpg 2000w\" sizes=\"(max-width: 1024px) 100vw, 1024px\" \/><\/figure>\n","protected":false},"excerpt":{"rendered":"<p>Oaxaca de Ju\u00e1rez, Oax. 2 de abril de 2025.- Como parte de la din\u00e1mica de&#8230;<\/p>\n","protected":false},"author":4,"featured_media":39378,"comment_status":"","ping_status":"open","sticky":false,"template":"","format":"standard","meta":{"footnotes":""},"categories":[9],"tags":[178,235,234,45],"jetpack_sharing_enabled":true,"featured_image_urls":{"full":["https:\/\/contextoanalisisperiodistico.com\/wp-content\/uploads\/2025\/04\/IMG-20250402-WA0095-scaled.jpg",2560,1706,false],"thumbnail":["https:\/\/contextoanalisisperiodistico.com\/wp-content\/uploads\/2025\/04\/IMG-20250402-WA0095-150x150.jpg",150,150,true],"medium":["https:\/\/contextoanalisisperiodistico.com\/wp-content\/uploads\/2025\/04\/IMG-20250402-WA0095-300x200.jpg",300,200,true],"medium_large":["https:\/\/contextoanalisisperiodistico.com\/wp-content\/uploads\/2025\/04\/IMG-20250402-WA0095-768x512.jpg",640,427,true],"large":["https:\/\/contextoanalisisperiodistico.com\/wp-content\/uploads\/2025\/04\/IMG-20250402-WA0095-1024x683.jpg",640,427,true],"1536x1536":["https:\/\/contextoanalisisperiodistico.com\/wp-content\/uploads\/2025\/04\/IMG-20250402-WA0095-1536x1024.jpg",1536,1024,true],"2048x2048":["https:\/\/contextoanalisisperiodistico.com\/wp-content\/uploads\/2025\/04\/IMG-20250402-WA0095-2048x1365.jpg",2048,1365,true],"covernews-slider-full":["https:\/\/contextoanalisisperiodistico.com\/wp-content\/uploads\/2025\/04\/IMG-20250402-WA0095-1115x715.jpg",1115,715,true],"covernews-slider-center":["https:\/\/contextoanalisisperiodistico.com\/wp-content\/uploads\/2025\/04\/IMG-20250402-WA0095-scaled.jpg",750,500,false],"covernews-featured":["https:\/\/contextoanalisisperiodistico.com\/wp-content\/uploads\/2025\/04\/IMG-20250402-WA0095-scaled.jpg",1024,682,false],"covernews-medium":["https:\/\/contextoanalisisperiodistico.com\/wp-content\/uploads\/2025\/04\/IMG-20250402-WA0095-scaled.jpg",510,340,false],"covernews-medium-square":["https:\/\/contextoanalisisperiodistico.com\/wp-content\/uploads\/2025\/04\/IMG-20250402-WA0095-scaled.jpg",375,250,false]},"author_info":{"display_name":"Mario Gir\u00f3n","author_link":"https:\/\/contextoanalisisperiodistico.com\/index.php\/author\/director\/"},"category_info":"<a href=\"https:\/\/contextoanalisisperiodistico.com\/index.php\/category\/politica\/\" rel=\"category tag\">Pol\u00edtica<\/a>","tag_info":"Pol\u00edtica","comment_count":"0","jetpack_featured_media_url":"https:\/\/contextoanalisisperiodistico.com\/wp-content\/uploads\/2025\/04\/IMG-20250402-WA0095-scaled.jpg","_links":{"self":[{"href":"https:\/\/contextoanalisisperiodistico.com\/index.php\/wp-json\/wp\/v2\/posts\/39381"}],"collection":[{"href":"https:\/\/contextoanalisisperiodistico.com\/index.php\/wp-json\/wp\/v2\/posts"}],"about":[{"href":"https:\/\/contextoanalisisperiodistico.com\/index.php\/wp-json\/wp\/v2\/types\/post"}],"author":[{"embeddable":true,"href":"https:\/\/contextoanalisisperiodistico.com\/index.php\/wp-json\/wp\/v2\/users\/4"}],"replies":[{"embeddable":true,"href":"https:\/\/contextoanalisisperiodistico.com\/index.php\/wp-json\/wp\/v2\/comments?post=39381"}],"version-history":[{"count":0,"href":"https:\/\/contextoanalisisperiodistico.com\/index.php\/wp-json\/wp\/v2\/posts\/39381\/revisions"}],"wp:featuredmedia":[{"embeddable":true,"href":"https:\/\/contextoanalisisperiodistico.com\/index.php\/wp-json\/wp\/v2\/media\/39378"}],"wp:attachment":[{"href":"https:\/\/contextoanalisisperiodistico.com\/index.php\/wp-json\/wp\/v2\/media?parent=39381"}],"wp:term":[{"taxonomy":"category","embeddable":true,"href":"https:\/\/contextoanalisisperiodistico.com\/index.php\/wp-json\/wp\/v2\/categories?post=39381"},{"taxonomy":"post_tag","embeddable":true,"href":"https:\/\/contextoanalisisperiodistico.com\/index.php\/wp-json\/wp\/v2\/tags?post=39381"}],"curies":[{"name":"wp","href":"https:\/\/api.w.org\/{rel}","templated":true}]}}