{"id":39376,"date":"2025-04-02T14:38:37","date_gmt":"2025-04-02T20:38:37","guid":{"rendered":"https:\/\/contextoanalisisperiodistico.com\/index.php\/2025\/04\/02\/abordan-periodistas-y-medios-de-comunicacion-la-libertad-de-expresion-para-la-construccion-de-nueva-constitucion-de-oaxaca\/"},"modified":"2025-04-02T14:39:31","modified_gmt":"2025-04-02T20:39:31","slug":"abordan-periodistas-y-medios-de-comunicacion-la-libertad-de-expresion-para-la-construccion-de-nueva-constitucion-de-oaxaca","status":"publish","type":"post","link":"https:\/\/contextoanalisisperiodistico.com\/index.php\/2025\/04\/02\/abordan-periodistas-y-medios-de-comunicacion-la-libertad-de-expresion-para-la-construccion-de-nueva-constitucion-de-oaxaca\/","title":{"rendered":"Abordan periodistas la libertad de expresi\u00f3n para la construcci\u00f3n de nueva Constituci\u00f3n de Oaxaca"},"content":{"rendered":"<div id=\"fb-root\"><\/div>\n\n<p><\/p>\n\n\n\n<p>\u2022 Se realiz\u00f3 el und\u00e9cimo encuentro tem\u00e1tico Informativo y de Participaci\u00f3n Social y Ciudadana con representantes de los tres Poderes del Estado<\/p>\n\n\n\n<figure class=\"wp-block-image size-large\"><img fetchpriority=\"high\" decoding=\"async\" width=\"845\" height=\"600\" src=\"https:\/\/contextoanalisisperiodistico.com\/wp-content\/uploads\/2025\/04\/img-20250402-wa00875360700975838905577.jpg\" alt=\"\" class=\"wp-image-39374\" srcset=\"https:\/\/contextoanalisisperiodistico.com\/wp-content\/uploads\/2025\/04\/img-20250402-wa00875360700975838905577.jpg 845w, https:\/\/contextoanalisisperiodistico.com\/wp-content\/uploads\/2025\/04\/img-20250402-wa00875360700975838905577-300x213.jpg 300w, https:\/\/contextoanalisisperiodistico.com\/wp-content\/uploads\/2025\/04\/img-20250402-wa00875360700975838905577-768x545.jpg 768w\" sizes=\"(max-width: 845px) 100vw, 845px\" \/><\/figure>\n\n\n\n<figure class=\"wp-block-image\"><img decoding=\"async\" width=\"300\" height=\"184\" src=\"https:\/\/contextoanalisisperiodistico.com\/wp-content\/uploads\/2025\/04\/img-20250402-wa00884422496251844297207-300x184.jpg\" alt=\"\" class=\"wp-image-39375\" srcset=\"https:\/\/contextoanalisisperiodistico.com\/wp-content\/uploads\/2025\/04\/img-20250402-wa00884422496251844297207-300x184.jpg 300w, https:\/\/contextoanalisisperiodistico.com\/wp-content\/uploads\/2025\/04\/img-20250402-wa00884422496251844297207-768x471.jpg 768w, https:\/\/contextoanalisisperiodistico.com\/wp-content\/uploads\/2025\/04\/img-20250402-wa00884422496251844297207.jpg 833w\" sizes=\"(max-width: 300px) 100vw, 300px\" \/><\/figure>\n\n\n\n<p>Oaxaca de Ju\u00e1rez, Oax. 2 de abril de 2025.- Personas periodistas y representantes de los medios de comunicaci\u00f3n aportaron sus propuestas e inquietudes en materia de libertad de expresi\u00f3n y acceso a la informaci\u00f3n, para la redacci\u00f3n de la nueva Constituci\u00f3n Local.<\/p>\n\n\n\n<p>En el marco del und\u00e9cimo encuentro tem\u00e1tico Informativo y de Participaci\u00f3n Social y Ciudadana, las y los asistentes abordaron temas como: Derecho, g\u00e9nero y garant\u00edas; La democracia y ciudadan\u00eda; La estructura del Estado de los poderes Ejecutivo, Legislativo, Judicial y de los \u00f3rganos aut\u00f3nomos; Buena administraci\u00f3n p\u00fablica y rendici\u00f3n de cuentas; Gobierno municipal, e Interculturalidad.<\/p>\n\n\n\n<p>En su intervenci\u00f3n, la titular de la Coordinaci\u00f3n de Comunicaci\u00f3n Social del Gobierno del Estado, Elizabeth \u00c1lvarez Acosta destac\u00f3 que estos foros tienen como prop\u00f3sito generar una normatividad renovada y que refleje la pluralidad cultural y ling\u00fc\u00edstica del estado.<\/p>\n\n\n\n<p>\u201cSon ustedes, las y los representantes de los medios de comunicaci\u00f3n una parte fundamental de la sociedad oaxaque\u00f1a, sin duda van abonar a la legitimidad de este documento jur\u00eddico\u201d, mencion\u00f3.<\/p>\n\n\n\n<p>De igual forma, el consejero jur\u00eddico del Gobierno del Estado, Geovany V\u00e1squez Sagrero indic\u00f3 que la participaci\u00f3n de este sector de la poblaci\u00f3n es vital para la nueva Constituci\u00f3n.<\/p>\n\n\n\n<p>\u201cLas personas periodistas han sido fuente y pilar fundamental de muchas de las denuncias ciudadanas y de los derechos reclamados por el pueblo que ahora est\u00e1n plasmadas en la normatividad\u201d, dijo.<\/p>\n\n\n\n<p>Asimismo, el presidente de la Junta de Coordinaci\u00f3n Pol\u00edtica de la LXVI Legislatura del Honorable Congreso del Estado, Benjam\u00edn Viveros Montalvo destac\u00f3 que se trata de un proceso hist\u00f3rico, pues es la primera Constituci\u00f3n a nivel nacional que tiene un enfoque intercultural, pues integra las propuestas de todas la comunidades y sectores de la entidad.<\/p>\n\n\n\n<p>Por parte del magistrado del Tribunal Superior de Justicia del Estado, Alejandro Magno Gonz\u00e1lez Antonio reiter\u00f3 que la coordinaci\u00f3n entre los tres poderes y la poblaci\u00f3n generar\u00e1 un documento vanguardista, que reconozca las condiciones particulares y necesidades de los pueblos de Oaxaca.<\/p>\n\n\n\n<p>El secretario T\u00e9cnico de la Comisi\u00f3n Estatal para la Conmemoraci\u00f3n del Bicentenario de la primera Constituci\u00f3n del Estado Libre y Soberano de Oaxaca, Ra\u00fal \u00c1vila Ortiz, refiri\u00f3 que los acuerdos y propuestas expuestos en este espacio, son compromisos por cumplir, a fin de garantizar el bienestar de los pueblos del estado.<\/p>\n\n\n\n<p>-0-<\/p>\n","protected":false},"excerpt":{"rendered":"<p>\u2022 Se realiz\u00f3 el und\u00e9cimo encuentro tem\u00e1tico Informativo y de Participaci\u00f3n Social y Ciudadana con&#8230;<\/p>\n","protected":false},"author":4,"featured_media":39373,"comment_status":"closed","ping_status":"open","sticky":false,"template":"","format":"standard","meta":{"footnotes":""},"categories":[9],"tags":[],"jetpack_sharing_enabled":true,"featured_image_urls":{"full":["https:\/\/contextoanalisisperiodistico.com\/wp-content\/uploads\/2025\/04\/IMG-20250402-WA0089.jpg",879,547,false],"thumbnail":["https:\/\/contextoanalisisperiodistico.com\/wp-content\/uploads\/2025\/04\/IMG-20250402-WA0089-150x150.jpg",150,150,true],"medium":["https:\/\/contextoanalisisperiodistico.com\/wp-content\/uploads\/2025\/04\/IMG-20250402-WA0089-300x187.jpg",300,187,true],"medium_large":["https:\/\/contextoanalisisperiodistico.com\/wp-content\/uploads\/2025\/04\/IMG-20250402-WA0089-768x478.jpg",640,398,true],"large":["https:\/\/contextoanalisisperiodistico.com\/wp-content\/uploads\/2025\/04\/IMG-20250402-WA0089.jpg",640,398,false],"1536x1536":["https:\/\/contextoanalisisperiodistico.com\/wp-content\/uploads\/2025\/04\/IMG-20250402-WA0089.jpg",879,547,false],"2048x2048":["https:\/\/contextoanalisisperiodistico.com\/wp-content\/uploads\/2025\/04\/IMG-20250402-WA0089.jpg",879,547,false],"covernews-slider-full":["https:\/\/contextoanalisisperiodistico.com\/wp-content\/uploads\/2025\/04\/IMG-20250402-WA0089.jpg",879,547,false],"covernews-slider-center":["https:\/\/contextoanalisisperiodistico.com\/wp-content\/uploads\/2025\/04\/IMG-20250402-WA0089-800x500.jpg",800,500,true],"covernews-featured":["https:\/\/contextoanalisisperiodistico.com\/wp-content\/uploads\/2025\/04\/IMG-20250402-WA0089.jpg",879,547,false],"covernews-medium":["https:\/\/contextoanalisisperiodistico.com\/wp-content\/uploads\/2025\/04\/IMG-20250402-WA0089-540x340.jpg",540,340,true],"covernews-medium-square":["https:\/\/contextoanalisisperiodistico.com\/wp-content\/uploads\/2025\/04\/IMG-20250402-WA0089-400x250.jpg",400,250,true]},"author_info":{"display_name":"Mario Gir\u00f3n","author_link":"https:\/\/contextoanalisisperiodistico.com\/index.php\/author\/director\/"},"category_info":"<a href=\"https:\/\/contextoanalisisperiodistico.com\/index.php\/category\/politica\/\" rel=\"category tag\">Pol\u00edtica<\/a>","tag_info":"Pol\u00edtica","comment_count":"0","jetpack_featured_media_url":"https:\/\/contextoanalisisperiodistico.com\/wp-content\/uploads\/2025\/04\/IMG-20250402-WA0089.jpg","_links":{"self":[{"href":"https:\/\/contextoanalisisperiodistico.com\/index.php\/wp-json\/wp\/v2\/posts\/39376"}],"collection":[{"href":"https:\/\/contextoanalisisperiodistico.com\/index.php\/wp-json\/wp\/v2\/posts"}],"about":[{"href":"https:\/\/contextoanalisisperiodistico.com\/index.php\/wp-json\/wp\/v2\/types\/post"}],"author":[{"embeddable":true,"href":"https:\/\/contextoanalisisperiodistico.com\/index.php\/wp-json\/wp\/v2\/users\/4"}],"replies":[{"embeddable":true,"href":"https:\/\/contextoanalisisperiodistico.com\/index.php\/wp-json\/wp\/v2\/comments?post=39376"}],"version-history":[{"count":1,"href":"https:\/\/contextoanalisisperiodistico.com\/index.php\/wp-json\/wp\/v2\/posts\/39376\/revisions"}],"predecessor-version":[{"id":39377,"href":"https:\/\/contextoanalisisperiodistico.com\/index.php\/wp-json\/wp\/v2\/posts\/39376\/revisions\/39377"}],"wp:featuredmedia":[{"embeddable":true,"href":"https:\/\/contextoanalisisperiodistico.com\/index.php\/wp-json\/wp\/v2\/media\/39373"}],"wp:attachment":[{"href":"https:\/\/contextoanalisisperiodistico.com\/index.php\/wp-json\/wp\/v2\/media?parent=39376"}],"wp:term":[{"taxonomy":"category","embeddable":true,"href":"https:\/\/contextoanalisisperiodistico.com\/index.php\/wp-json\/wp\/v2\/categories?post=39376"},{"taxonomy":"post_tag","embeddable":true,"href":"https:\/\/contextoanalisisperiodistico.com\/index.php\/wp-json\/wp\/v2\/tags?post=39376"}],"curies":[{"name":"wp","href":"https:\/\/api.w.org\/{rel}","templated":true}]}}