{"id":39353,"date":"2025-04-02T08:27:00","date_gmt":"2025-04-02T14:27:00","guid":{"rendered":"https:\/\/contextoanalisisperiodistico.com\/index.php\/2025\/04\/02\/ninez-oaxaquena-accedera-de-forma-gratuita-al-papalote-museo-del-nino\/"},"modified":"2025-04-02T08:27:00","modified_gmt":"2025-04-02T14:27:00","slug":"ninez-oaxaquena-accedera-de-forma-gratuita-al-papalote-museo-del-nino","status":"publish","type":"post","link":"https:\/\/contextoanalisisperiodistico.com\/index.php\/2025\/04\/02\/ninez-oaxaquena-accedera-de-forma-gratuita-al-papalote-museo-del-nino\/","title":{"rendered":"Ni\u00f1ez oaxaque\u00f1a acceder\u00e1 de forma gratuita al Papalote Museo del Ni\u00f1o"},"content":{"rendered":"<div id=\"fb-root\"><\/div>\n\n<p>\u2022 El Sistema DIF Oaxaca y este museo suscriben un convenio de colaboraci\u00f3n<\/p>\n\n\n\n<figure class=\"wp-block-image size-large\"><img fetchpriority=\"high\" decoding=\"async\" width=\"900\" height=\"599\" src=\"https:\/\/contextoanalisisperiodistico.com\/wp-content\/uploads\/2025\/04\/img-20250401-wa01644592422026205249581.jpg\" alt=\"\" class=\"wp-image-39351\" srcset=\"https:\/\/contextoanalisisperiodistico.com\/wp-content\/uploads\/2025\/04\/img-20250401-wa01644592422026205249581.jpg 900w, https:\/\/contextoanalisisperiodistico.com\/wp-content\/uploads\/2025\/04\/img-20250401-wa01644592422026205249581-300x200.jpg 300w, https:\/\/contextoanalisisperiodistico.com\/wp-content\/uploads\/2025\/04\/img-20250401-wa01644592422026205249581-768x511.jpg 768w\" sizes=\"(max-width: 900px) 100vw, 900px\" \/><\/figure>\n\n\n\n<figure class=\"wp-block-image\"><img decoding=\"async\" width=\"1024\" height=\"682\" src=\"https:\/\/contextoanalisisperiodistico.com\/wp-content\/uploads\/2025\/04\/img-20250401-wa01664953602313062960867-1024x682.jpg\" alt=\"\" class=\"wp-image-39352\" srcset=\"https:\/\/contextoanalisisperiodistico.com\/wp-content\/uploads\/2025\/04\/img-20250401-wa01664953602313062960867-1024x682.jpg 1024w, https:\/\/contextoanalisisperiodistico.com\/wp-content\/uploads\/2025\/04\/img-20250401-wa01664953602313062960867-300x200.jpg 300w, https:\/\/contextoanalisisperiodistico.com\/wp-content\/uploads\/2025\/04\/img-20250401-wa01664953602313062960867-768x512.jpg 768w, https:\/\/contextoanalisisperiodistico.com\/wp-content\/uploads\/2025\/04\/img-20250401-wa01664953602313062960867-1536x1023.jpg 1536w, https:\/\/contextoanalisisperiodistico.com\/wp-content\/uploads\/2025\/04\/img-20250401-wa01664953602313062960867.jpg 1600w\" sizes=\"(max-width: 1024px) 100vw, 1024px\" \/><\/figure>\n\n\n\n<p>\u2022 Esta acci\u00f3n responde al inter\u00e9s de la Presidenta Honoraria del organismo estatal, Irma Bola\u00f1os Quijano de generar sinergias que antepongan el inter\u00e9s superior de las ni\u00f1as y ni\u00f1os<\/p>\n\n\n\n<p>Ciudad de M\u00e9xico, 1 de abril de 2025.- El Sistema Estatal para el Desarrollo Integral de la Familia (DIF) suscribi\u00f3 un convenio de colaboraci\u00f3n con Papalote Museo del Ni\u00f1o, toco, juego y aprendo sede Chapultepec, para que la ni\u00f1ez oaxaque\u00f1a pueda acceder de forma gratuita a sus instalaciones y pase momentos incre\u00edbles de diversi\u00f3n.<\/p>\n\n\n\n<p>Esta acci\u00f3n forma parte del programa Papalote para todos, cuya vigencia del acuerdo ser\u00e1 por 1 a\u00f1o para la disponibilidad de 900 boletos de cortes\u00eda, lo que representa un ahorro para las familias de 252 mil pesos, ya que el acceso a todas las \u00e1reas por persona es de 280 pesos.<\/p>\n\n\n\n<p>Dicho acuerdo fue signado por la directora general del organismo estatal, Maribel Salinas Velasco y la directora general del Papalote Museo del Ni\u00f1o, Alejandra Cervantes Mascare\u00f1o.<\/p>\n\n\n\n<p>En su participaci\u00f3n, Salinas Velasco extern\u00f3 su benepl\u00e1cito por este acuerdo que atiende la indicaci\u00f3n de la Presidenta Honoraria del Sistema DIF Oaxaca, Irma Bola\u00f1os Quijano de sumar sinergias con otros organismos para atender a la ni\u00f1ez del estado.<\/p>\n\n\n\n<p>\u201cEsta ocasi\u00f3n representa una gran oportunidad para que las y los ni\u00f1os tengan a su alcance herramientas que les provoquen el desarrollo de habilidades, conocimientos, actitudes y emociones a trav\u00e9s del juego, de manera interactiva y emocionante\u201d, destac\u00f3.<\/p>\n\n\n\n<p>A su vez, la Directora General del Papalote Museo del Ni\u00f1o sostuvo que este acuerdo es un ejemplo de construcci\u00f3n de comunidad, de c\u00f3mo las instituciones gubernamentales y la sociedad civil pueden trabajar juntas a favor de las infancias, al brindar acceso a estas experiencias.<\/p>\n\n\n\n<p>\u201cEstamos empoderando a las ni\u00f1as y los ni\u00f1os para que descubran su potencial, desarrollen su creatividad y construyan su autoestima\u201d, agreg\u00f3.<\/p>\n\n\n\n<p>Luego de la firma, un primer grupo de ni\u00f1as y ni\u00f1os oaxaque\u00f1os disfrut\u00f3 de un recorrido por la exhibici\u00f3n temporal \u201cRuta 5R\u00b4s\u201d y en la zona denominada Mi cuerpo, as\u00ed como por las instalaciones del museo.<\/p>\n\n\n\n<p>Papalote Museo del Ni\u00f1o es un modelo de educaci\u00f3n no escolarizado que facilita el empoderamiento de las infancias para que construyan su experiencia de aprendizaje a trav\u00e9s del juego.<\/p>\n\n\n\n<p>Desde su origen, el modelo se sustenta en diversas corrientes pedag\u00f3gicas, filosof\u00edas educativas y teor\u00edas del aprendizaje que se han incorporado a lo largo de los a\u00f1os y reflejan la misi\u00f3n institucional del museo: ofrecer a las ni\u00f1as, los ni\u00f1os y sus familias las mejores experiencias interactivas de aprendizaje para observar, descubrir, imaginar, participar y convivir, utilizando el juego como principal herramienta.<\/p>\n\n\n\n<p>Con este tipo de acciones, el Sistema DIF Oaxaca refrenda su compromiso de hacer efectivas las garant\u00edas de la ni\u00f1ez al esparcimiento y al conocimiento, entre otras, tal como lo establece la Ley General de los Derechos de Ni\u00f1as, Ni\u00f1os y Adolescentes.<\/p>\n\n\n\n<p>-0-<\/p>\n","protected":false},"excerpt":{"rendered":"<p>\u2022 El Sistema DIF Oaxaca y este museo suscriben un convenio de colaboraci\u00f3n \u2022 Esta&#8230;<\/p>\n","protected":false},"author":4,"featured_media":39350,"comment_status":"","ping_status":"open","sticky":false,"template":"","format":"standard","meta":{"footnotes":""},"categories":[9],"tags":[],"jetpack_sharing_enabled":true,"featured_image_urls":{"full":["https:\/\/contextoanalisisperiodistico.com\/wp-content\/uploads\/2025\/04\/IMG-20250401-WA0165.jpg",900,599,false],"thumbnail":["https:\/\/contextoanalisisperiodistico.com\/wp-content\/uploads\/2025\/04\/IMG-20250401-WA0165-150x150.jpg",150,150,true],"medium":["https:\/\/contextoanalisisperiodistico.com\/wp-content\/uploads\/2025\/04\/IMG-20250401-WA0165-300x200.jpg",300,200,true],"medium_large":["https:\/\/contextoanalisisperiodistico.com\/wp-content\/uploads\/2025\/04\/IMG-20250401-WA0165-768x511.jpg",640,426,true],"large":["https:\/\/contextoanalisisperiodistico.com\/wp-content\/uploads\/2025\/04\/IMG-20250401-WA0165.jpg",640,426,false],"1536x1536":["https:\/\/contextoanalisisperiodistico.com\/wp-content\/uploads\/2025\/04\/IMG-20250401-WA0165.jpg",900,599,false],"2048x2048":["https:\/\/contextoanalisisperiodistico.com\/wp-content\/uploads\/2025\/04\/IMG-20250401-WA0165.jpg",900,599,false],"covernews-slider-full":["https:\/\/contextoanalisisperiodistico.com\/wp-content\/uploads\/2025\/04\/IMG-20250401-WA0165.jpg",900,599,false],"covernews-slider-center":["https:\/\/contextoanalisisperiodistico.com\/wp-content\/uploads\/2025\/04\/IMG-20250401-WA0165-800x500.jpg",800,500,true],"covernews-featured":["https:\/\/contextoanalisisperiodistico.com\/wp-content\/uploads\/2025\/04\/IMG-20250401-WA0165.jpg",900,599,false],"covernews-medium":["https:\/\/contextoanalisisperiodistico.com\/wp-content\/uploads\/2025\/04\/IMG-20250401-WA0165-540x340.jpg",540,340,true],"covernews-medium-square":["https:\/\/contextoanalisisperiodistico.com\/wp-content\/uploads\/2025\/04\/IMG-20250401-WA0165-400x250.jpg",400,250,true]},"author_info":{"display_name":"Mario Gir\u00f3n","author_link":"https:\/\/contextoanalisisperiodistico.com\/index.php\/author\/director\/"},"category_info":"<a href=\"https:\/\/contextoanalisisperiodistico.com\/index.php\/category\/politica\/\" rel=\"category tag\">Pol\u00edtica<\/a>","tag_info":"Pol\u00edtica","comment_count":"0","jetpack_featured_media_url":"https:\/\/contextoanalisisperiodistico.com\/wp-content\/uploads\/2025\/04\/IMG-20250401-WA0165.jpg","_links":{"self":[{"href":"https:\/\/contextoanalisisperiodistico.com\/index.php\/wp-json\/wp\/v2\/posts\/39353"}],"collection":[{"href":"https:\/\/contextoanalisisperiodistico.com\/index.php\/wp-json\/wp\/v2\/posts"}],"about":[{"href":"https:\/\/contextoanalisisperiodistico.com\/index.php\/wp-json\/wp\/v2\/types\/post"}],"author":[{"embeddable":true,"href":"https:\/\/contextoanalisisperiodistico.com\/index.php\/wp-json\/wp\/v2\/users\/4"}],"replies":[{"embeddable":true,"href":"https:\/\/contextoanalisisperiodistico.com\/index.php\/wp-json\/wp\/v2\/comments?post=39353"}],"version-history":[{"count":0,"href":"https:\/\/contextoanalisisperiodistico.com\/index.php\/wp-json\/wp\/v2\/posts\/39353\/revisions"}],"wp:featuredmedia":[{"embeddable":true,"href":"https:\/\/contextoanalisisperiodistico.com\/index.php\/wp-json\/wp\/v2\/media\/39350"}],"wp:attachment":[{"href":"https:\/\/contextoanalisisperiodistico.com\/index.php\/wp-json\/wp\/v2\/media?parent=39353"}],"wp:term":[{"taxonomy":"category","embeddable":true,"href":"https:\/\/contextoanalisisperiodistico.com\/index.php\/wp-json\/wp\/v2\/categories?post=39353"},{"taxonomy":"post_tag","embeddable":true,"href":"https:\/\/contextoanalisisperiodistico.com\/index.php\/wp-json\/wp\/v2\/tags?post=39353"}],"curies":[{"name":"wp","href":"https:\/\/api.w.org\/{rel}","templated":true}]}}