{"id":39344,"date":"2025-04-02T06:47:02","date_gmt":"2025-04-02T12:47:02","guid":{"rendered":"https:\/\/contextoanalisisperiodistico.com\/index.php\/2025\/04\/02\/desde-san-martin-mexicapam-destaca-ray-chagoya-avances-en-proyectos-prioritarios-para-el-bienestar-de-la-capital\/"},"modified":"2025-04-02T06:55:19","modified_gmt":"2025-04-02T12:55:19","slug":"desde-san-martin-mexicapam-destaca-ray-chagoya-avances-en-proyectos-prioritarios-para-el-bienestar-de-la-capital","status":"publish","type":"post","link":"https:\/\/contextoanalisisperiodistico.com\/index.php\/2025\/04\/02\/desde-san-martin-mexicapam-destaca-ray-chagoya-avances-en-proyectos-prioritarios-para-el-bienestar-de-la-capital\/","title":{"rendered":"Desde San Mart\u00edn Mexicapam destaca Ray Chagoya avances en proyectos prioritarios para el bienestar de la capital"},"content":{"rendered":"<div id=\"fb-root\"><\/div>\n\n<p>\u2022 Reforzamiento de seguridad, movilidad, recolecci\u00f3n de basura y desarrollo de las juventudes, principales compromisos del Presidente Municipal de Oaxaca de Ju\u00e1rez<\/p>\n\n\n\n<figure class=\"wp-block-image size-large\"><img fetchpriority=\"high\" decoding=\"async\" width=\"1024\" height=\"684\" src=\"https:\/\/contextoanalisisperiodistico.com\/wp-content\/uploads\/2025\/04\/img-20250401-wa00911119223462804076426-1024x684.jpg\" alt=\"\" class=\"wp-image-39342\" srcset=\"https:\/\/contextoanalisisperiodistico.com\/wp-content\/uploads\/2025\/04\/img-20250401-wa00911119223462804076426-1024x684.jpg 1024w, https:\/\/contextoanalisisperiodistico.com\/wp-content\/uploads\/2025\/04\/img-20250401-wa00911119223462804076426-300x200.jpg 300w, https:\/\/contextoanalisisperiodistico.com\/wp-content\/uploads\/2025\/04\/img-20250401-wa00911119223462804076426-768x513.jpg 768w, https:\/\/contextoanalisisperiodistico.com\/wp-content\/uploads\/2025\/04\/img-20250401-wa00911119223462804076426-1536x1027.jpg 1536w, https:\/\/contextoanalisisperiodistico.com\/wp-content\/uploads\/2025\/04\/img-20250401-wa00911119223462804076426.jpg 1616w\" sizes=\"(max-width: 1024px) 100vw, 1024px\" \/><\/figure>\n\n\n\n<figure class=\"wp-block-image\"><img decoding=\"async\" width=\"1024\" height=\"685\" src=\"https:\/\/contextoanalisisperiodistico.com\/wp-content\/uploads\/2025\/04\/img-20250401-wa00905387268760801282504-1024x685.jpg\" alt=\"\" class=\"wp-image-39343\" srcset=\"https:\/\/contextoanalisisperiodistico.com\/wp-content\/uploads\/2025\/04\/img-20250401-wa00905387268760801282504-1024x685.jpg 1024w, https:\/\/contextoanalisisperiodistico.com\/wp-content\/uploads\/2025\/04\/img-20250401-wa00905387268760801282504-300x201.jpg 300w, https:\/\/contextoanalisisperiodistico.com\/wp-content\/uploads\/2025\/04\/img-20250401-wa00905387268760801282504-768x513.jpg 768w, https:\/\/contextoanalisisperiodistico.com\/wp-content\/uploads\/2025\/04\/img-20250401-wa00905387268760801282504.jpg 1080w\" sizes=\"(max-width: 1024px) 100vw, 1024px\" \/><\/figure>\n\n\n\n<p>Oaxaca de Ju\u00e1rez, Oax. 1 de abril de 2025.- El Presidente Municipal de Oaxaca de Ju\u00e1rez, Ray Chagoya, realiz\u00f3 su conferencia de prensa semanal en la agencia de San Mart\u00edn Mexicapam, sede in\u00e9dita para este tipo de eventos, demostrando la cercan\u00eda de gobierno con a las necesidades ciudadanas, destacando los avances alcanzados en proyectos prioritarios para el bienestar de la capital oaxaque\u00f1a.<\/p>\n\n\n\n<p>En este marco, el Presidente Municipal subray\u00f3 la importancia de reforzar la seguridad en las agencias y colonias mediante la instalaci\u00f3n de luminarias en puntos estrat\u00e9gicos. \u00abLas luminarias no solo iluminan las calles, sino que refuerzan la seguridad de nuestras vecinas y vecinos, por lo que es una prioridad para esta administraci\u00f3n\u00bb, afirm\u00f3 Ray Chagoya.<\/p>\n\n\n\n<p>Adem\u00e1s, en coordinaci\u00f3n con el Gobierno del Estado, se est\u00e1n llevando a cabo trabajos en el programa \u00abTache al Bache\u00bb, que incluye el reencarpetamiento y bacheo de diversas vialidades, mejorando as\u00ed la movilidad en la ciudad.<\/p>\n\n\n\n<p>Otro aspecto abordado fue el tema de los Tequios Vecinales, donde se promueve la limpieza y rescate de espacios p\u00fablicos. El pasado domingo se llev\u00f3 a cabo el Tequio n\u00famero 23, donde el gobierno municipal se hizo presente para impulsar la transformaci\u00f3n de los espacios p\u00fablicos.<\/p>\n\n\n\n<p>En cuanto a la seguridad, el edil de la capital destac\u00f3 la colaboraci\u00f3n con el Gobierno Estatal para llevar a cabo operativos coordinados, con el fin de garantizar un entorno seguro para las y los oaxaque\u00f1os.<\/p>\n\n\n\n<p>La conferencia se realiz\u00f3 en el marco del registro del programa \u00abJ\u00f3venes Construyendo el Futuro\u00bb en la agencia de San Mart\u00edn Mexicapam, el cual busca el desarrollo y fortalecimiento de la juventud oaxaque\u00f1a, promoviendo oportunidades y reafirmando el compromiso de todos los niveles de gobierno para generar un Oaxaca de Ju\u00e1rez con m\u00e1s oportunidades y crecimiento.<\/p>\n\n\n\n<p>\u00abNuestro compromiso es con el desarrollo, especialmente con el de nuestra juventud. Trabajamos de la mano con el gobernador Salom\u00f3n Jara Cruz, la Presidenta Claudia Sheinbaum y los tres \u00f3rdenes de gobierno para sumar esfuerzos en beneficio de las y los j\u00f3venes\u00bb, concluy\u00f3 el Presidente Municipal.<\/p>\n","protected":false},"excerpt":{"rendered":"<p>\u2022 Reforzamiento de seguridad, movilidad, recolecci\u00f3n de basura y desarrollo de las juventudes, principales compromisos&#8230;<\/p>\n","protected":false},"author":4,"featured_media":39341,"comment_status":"closed","ping_status":"open","sticky":false,"template":"","format":"standard","meta":{"footnotes":""},"categories":[9],"tags":[178,235,234,45],"jetpack_sharing_enabled":true,"featured_image_urls":{"full":["https:\/\/contextoanalisisperiodistico.com\/wp-content\/uploads\/2025\/04\/IMG-20250401-WA0088.jpg",1080,722,false],"thumbnail":["https:\/\/contextoanalisisperiodistico.com\/wp-content\/uploads\/2025\/04\/IMG-20250401-WA0088-150x150.jpg",150,150,true],"medium":["https:\/\/contextoanalisisperiodistico.com\/wp-content\/uploads\/2025\/04\/IMG-20250401-WA0088-300x201.jpg",300,201,true],"medium_large":["https:\/\/contextoanalisisperiodistico.com\/wp-content\/uploads\/2025\/04\/IMG-20250401-WA0088-768x513.jpg",640,428,true],"large":["https:\/\/contextoanalisisperiodistico.com\/wp-content\/uploads\/2025\/04\/IMG-20250401-WA0088-1024x685.jpg",640,428,true],"1536x1536":["https:\/\/contextoanalisisperiodistico.com\/wp-content\/uploads\/2025\/04\/IMG-20250401-WA0088.jpg",1080,722,false],"2048x2048":["https:\/\/contextoanalisisperiodistico.com\/wp-content\/uploads\/2025\/04\/IMG-20250401-WA0088.jpg",1080,722,false],"covernews-slider-full":["https:\/\/contextoanalisisperiodistico.com\/wp-content\/uploads\/2025\/04\/IMG-20250401-WA0088-1080x715.jpg",1080,715,true],"covernews-slider-center":["https:\/\/contextoanalisisperiodistico.com\/wp-content\/uploads\/2025\/04\/IMG-20250401-WA0088-800x500.jpg",800,500,true],"covernews-featured":["https:\/\/contextoanalisisperiodistico.com\/wp-content\/uploads\/2025\/04\/IMG-20250401-WA0088-1024x685.jpg",1024,685,true],"covernews-medium":["https:\/\/contextoanalisisperiodistico.com\/wp-content\/uploads\/2025\/04\/IMG-20250401-WA0088-540x340.jpg",540,340,true],"covernews-medium-square":["https:\/\/contextoanalisisperiodistico.com\/wp-content\/uploads\/2025\/04\/IMG-20250401-WA0088-400x250.jpg",400,250,true]},"author_info":{"display_name":"Mario Gir\u00f3n","author_link":"https:\/\/contextoanalisisperiodistico.com\/index.php\/author\/director\/"},"category_info":"<a href=\"https:\/\/contextoanalisisperiodistico.com\/index.php\/category\/politica\/\" rel=\"category tag\">Pol\u00edtica<\/a>","tag_info":"Pol\u00edtica","comment_count":"0","jetpack_featured_media_url":"https:\/\/contextoanalisisperiodistico.com\/wp-content\/uploads\/2025\/04\/IMG-20250401-WA0088.jpg","_links":{"self":[{"href":"https:\/\/contextoanalisisperiodistico.com\/index.php\/wp-json\/wp\/v2\/posts\/39344"}],"collection":[{"href":"https:\/\/contextoanalisisperiodistico.com\/index.php\/wp-json\/wp\/v2\/posts"}],"about":[{"href":"https:\/\/contextoanalisisperiodistico.com\/index.php\/wp-json\/wp\/v2\/types\/post"}],"author":[{"embeddable":true,"href":"https:\/\/contextoanalisisperiodistico.com\/index.php\/wp-json\/wp\/v2\/users\/4"}],"replies":[{"embeddable":true,"href":"https:\/\/contextoanalisisperiodistico.com\/index.php\/wp-json\/wp\/v2\/comments?post=39344"}],"version-history":[{"count":1,"href":"https:\/\/contextoanalisisperiodistico.com\/index.php\/wp-json\/wp\/v2\/posts\/39344\/revisions"}],"predecessor-version":[{"id":39345,"href":"https:\/\/contextoanalisisperiodistico.com\/index.php\/wp-json\/wp\/v2\/posts\/39344\/revisions\/39345"}],"wp:featuredmedia":[{"embeddable":true,"href":"https:\/\/contextoanalisisperiodistico.com\/index.php\/wp-json\/wp\/v2\/media\/39341"}],"wp:attachment":[{"href":"https:\/\/contextoanalisisperiodistico.com\/index.php\/wp-json\/wp\/v2\/media?parent=39344"}],"wp:term":[{"taxonomy":"category","embeddable":true,"href":"https:\/\/contextoanalisisperiodistico.com\/index.php\/wp-json\/wp\/v2\/categories?post=39344"},{"taxonomy":"post_tag","embeddable":true,"href":"https:\/\/contextoanalisisperiodistico.com\/index.php\/wp-json\/wp\/v2\/tags?post=39344"}],"curies":[{"name":"wp","href":"https:\/\/api.w.org\/{rel}","templated":true}]}}