{"id":39330,"date":"2025-03-31T19:43:31","date_gmt":"2025-04-01T01:43:31","guid":{"rendered":"https:\/\/contextoanalisisperiodistico.com\/index.php\/2025\/03\/31\/refuerza-hospital-aurelio-valdivieso-imss-bienestar-capacitacion-sobre-sarampion-y-tos-ferina\/"},"modified":"2025-03-31T19:43:31","modified_gmt":"2025-04-01T01:43:31","slug":"refuerza-hospital-aurelio-valdivieso-imss-bienestar-capacitacion-sobre-sarampion-y-tos-ferina","status":"publish","type":"post","link":"https:\/\/contextoanalisisperiodistico.com\/index.php\/2025\/03\/31\/refuerza-hospital-aurelio-valdivieso-imss-bienestar-capacitacion-sobre-sarampion-y-tos-ferina\/","title":{"rendered":"Refuerza Hospital Aurelio Valdivieso IMSS-Bienestar capacitaci\u00f3n sobre sarampi\u00f3n y tos ferina"},"content":{"rendered":"<div id=\"fb-root\"><\/div>\n\n<p>\u2022 Oaxaca contin\u00faa sin casos nuevos de sarampi\u00f3n<\/p>\n\n\n\n<figure class=\"wp-block-image size-large\"><img fetchpriority=\"high\" decoding=\"async\" width=\"1024\" height=\"682\" src=\"https:\/\/contextoanalisisperiodistico.com\/wp-content\/uploads\/2025\/03\/img-20250331-wa01286808834378336014368-1024x682.jpg\" alt=\"\" class=\"wp-image-39329\" srcset=\"https:\/\/contextoanalisisperiodistico.com\/wp-content\/uploads\/2025\/03\/img-20250331-wa01286808834378336014368-1024x682.jpg 1024w, https:\/\/contextoanalisisperiodistico.com\/wp-content\/uploads\/2025\/03\/img-20250331-wa01286808834378336014368-300x200.jpg 300w, https:\/\/contextoanalisisperiodistico.com\/wp-content\/uploads\/2025\/03\/img-20250331-wa01286808834378336014368-768x511.jpg 768w, https:\/\/contextoanalisisperiodistico.com\/wp-content\/uploads\/2025\/03\/img-20250331-wa01286808834378336014368-1536x1022.jpg 1536w, https:\/\/contextoanalisisperiodistico.com\/wp-content\/uploads\/2025\/03\/img-20250331-wa01286808834378336014368.jpg 1600w\" sizes=\"(max-width: 1024px) 100vw, 1024px\" \/><\/figure>\n\n\n\n<figure class=\"wp-block-image\"><img decoding=\"async\" width=\"1024\" height=\"682\" src=\"https:\/\/contextoanalisisperiodistico.com\/wp-content\/uploads\/2025\/03\/img-20250331-wa01277653581690355467961-1024x682.jpg\" alt=\"\" class=\"wp-image-39328\" srcset=\"https:\/\/contextoanalisisperiodistico.com\/wp-content\/uploads\/2025\/03\/img-20250331-wa01277653581690355467961-1024x682.jpg 1024w, https:\/\/contextoanalisisperiodistico.com\/wp-content\/uploads\/2025\/03\/img-20250331-wa01277653581690355467961-300x200.jpg 300w, https:\/\/contextoanalisisperiodistico.com\/wp-content\/uploads\/2025\/03\/img-20250331-wa01277653581690355467961-768x511.jpg 768w, https:\/\/contextoanalisisperiodistico.com\/wp-content\/uploads\/2025\/03\/img-20250331-wa01277653581690355467961-1536x1022.jpg 1536w, https:\/\/contextoanalisisperiodistico.com\/wp-content\/uploads\/2025\/03\/img-20250331-wa01277653581690355467961.jpg 1600w\" sizes=\"(max-width: 1024px) 100vw, 1024px\" \/><\/figure>\n\n\n\n<p>\u2022 A la semana epidemiol\u00f3gica n\u00famero 12 se reportan 21 casos de tos ferina en la entidad<\/p>\n\n\n\n<p>Oaxaca de Ju\u00e1rez, Oax., 31 de marzo de 2025.- Con el objetivo de fortalecer las medidas preventivas y brindar a la poblaci\u00f3n una atenci\u00f3n m\u00e9dica oportuna y eficiente, el Servicio de Epidemiolog\u00eda del Hospital General Doctor Aurelio Valdivieso IMSS-Bienestar llev\u00f3 a cabo una jornada acad\u00e9mica de actualizaci\u00f3n dirigida al personal m\u00e9dico, en la que se abordaron en detalle los protocolos de prevenci\u00f3n y manejo del sarampi\u00f3n y tos ferina.<\/p>\n\n\n\n<p>Durante la capacitaci\u00f3n, el m\u00e9dico David Arturo Merl\u00edn Cabrera explic\u00f3 que, para prevenir el contagio de sarampi\u00f3n, es fundamental cumplir con el esquema de vacunaci\u00f3n, evitar el contacto con personas infectadas y mantener una adecuada higiene de manos.<\/p>\n\n\n\n<p>El especialista enfatiz\u00f3 que esta enfermedad altamente contagiosa es causada por el virus paramixovirus del g\u00e9nero Morbillivirus, el cual se transmite a trav\u00e9s de las secreciones respiratorias, ya sea por aerosoles o por contacto directo con gotas y secreciones.<\/p>\n\n\n\n<p>Entre los s\u00edntomas caracter\u00edsticos se encuentran fiebre alta, tos, secreci\u00f3n nasal, conjuntivitis y la aparici\u00f3n de las cl\u00e1sicas manchas de Koplik en la cara, seguidas de una erupci\u00f3n cut\u00e1nea que inicia en el rostro y se extiende al resto del cuerpo.<\/p>\n\n\n\n<p>Debido a las acciones implementadas de forma oportuna, Oaxaca contin\u00faa sin registrar nuevos casos de sarampi\u00f3n, luego del reporte de cuatro casos en el mes de febrero del actual, quienes evolucionaron favorablemente y fueron dados de alta m\u00e9dica.<\/p>\n\n\n\n<p>Por otro lado, hasta la semana epidemiol\u00f3gica n\u00famero 12 se han confirmado 121 casos de tos ferina en 21 estados, de los cuales 21 corresponden a Oaxaca.<\/p>\n\n\n\n<p>Al respecto, el infect\u00f3logo Yuri Alfonso Roldan Arag\u00f3n inform\u00f3 que, esta enfermedad, causada por la bacteria Bordetella pertussis, se caracteriza por ataques intensos de tos y se desarrolla en tres fases: la incubaci\u00f3n (de 7 a 10 d\u00edas), la fase catarral (con rinorrea, conjuntivitis, tos y fiebre, que dura entre 1 y 2 semanas) y la fase parox\u00edstica, en la que se presentan crisis de tos incontrolable, cianosis (coloraci\u00f3n azulada o gris\u00e1cea de la piel y las mucosas debida a una oxigenaci\u00f3n insuficiente de la sangre), jadeo al respirar y v\u00f3mitos.<\/p>\n\n\n\n<p>El especialista destac\u00f3 que la tos ferina es prevenible mediante la aplicaci\u00f3n de la vacuna pentavalente. Ante la sospecha de un caso, es crucial proceder con el aislamiento del paciente durante 5 d\u00edas, informar a las autoridades estatales en las primeras 24 horas y realizar un estudio epidemiol\u00f3gico que incluya la toma de muestra de exudado nasofar\u00edngeo, garantizando su env\u00edo en menos de 48 horas.<\/p>\n\n\n\n<p>Adem\u00e1s, se deben implementar medidas de control como el cerco epidemiol\u00f3gico y el bloqueo vacunal, entre otras estrategias.<\/p>\n\n\n\n<p>La jornada de capacitaci\u00f3n refuerza el compromiso del Hospital Aurelio Valdivieso con la prevenci\u00f3n de enfermedades transmisibles, asegurando que el personal m\u00e9dico cuente con las herramientas y conocimientos necesarios para enfrentar y controlar estos padecimientos. Con estas acciones, se busca proteger la salud de la comunidad y mantener est\u00e1ndares altos de seguridad y calidad en la atenci\u00f3n m\u00e9dica.<br \/>-0-<\/p>\n","protected":false},"excerpt":{"rendered":"<p>\u2022 Oaxaca contin\u00faa sin casos nuevos de sarampi\u00f3n \u2022 A la semana epidemiol\u00f3gica n\u00famero 12&#8230;<\/p>\n","protected":false},"author":4,"featured_media":39327,"comment_status":"","ping_status":"open","sticky":false,"template":"","format":"standard","meta":{"footnotes":""},"categories":[92],"tags":[],"jetpack_sharing_enabled":true,"featured_image_urls":{"full":["https:\/\/contextoanalisisperiodistico.com\/wp-content\/uploads\/2025\/03\/IMG-20250331-WA0126.jpg",1600,1065,false],"thumbnail":["https:\/\/contextoanalisisperiodistico.com\/wp-content\/uploads\/2025\/03\/IMG-20250331-WA0126-150x150.jpg",150,150,true],"medium":["https:\/\/contextoanalisisperiodistico.com\/wp-content\/uploads\/2025\/03\/IMG-20250331-WA0126-300x200.jpg",300,200,true],"medium_large":["https:\/\/contextoanalisisperiodistico.com\/wp-content\/uploads\/2025\/03\/IMG-20250331-WA0126-768x511.jpg",640,426,true],"large":["https:\/\/contextoanalisisperiodistico.com\/wp-content\/uploads\/2025\/03\/IMG-20250331-WA0126-1024x682.jpg",640,426,true],"1536x1536":["https:\/\/contextoanalisisperiodistico.com\/wp-content\/uploads\/2025\/03\/IMG-20250331-WA0126-1536x1022.jpg",1536,1022,true],"2048x2048":["https:\/\/contextoanalisisperiodistico.com\/wp-content\/uploads\/2025\/03\/IMG-20250331-WA0126.jpg",1600,1065,false],"covernews-slider-full":["https:\/\/contextoanalisisperiodistico.com\/wp-content\/uploads\/2025\/03\/IMG-20250331-WA0126-1115x715.jpg",1115,715,true],"covernews-slider-center":["https:\/\/contextoanalisisperiodistico.com\/wp-content\/uploads\/2025\/03\/IMG-20250331-WA0126-800x500.jpg",800,500,true],"covernews-featured":["https:\/\/contextoanalisisperiodistico.com\/wp-content\/uploads\/2025\/03\/IMG-20250331-WA0126-1024x682.jpg",1024,682,true],"covernews-medium":["https:\/\/contextoanalisisperiodistico.com\/wp-content\/uploads\/2025\/03\/IMG-20250331-WA0126-540x340.jpg",540,340,true],"covernews-medium-square":["https:\/\/contextoanalisisperiodistico.com\/wp-content\/uploads\/2025\/03\/IMG-20250331-WA0126-400x250.jpg",400,250,true]},"author_info":{"display_name":"Mario Gir\u00f3n","author_link":"https:\/\/contextoanalisisperiodistico.com\/index.php\/author\/director\/"},"category_info":"<a href=\"https:\/\/contextoanalisisperiodistico.com\/index.php\/category\/salud\/\" rel=\"category tag\">Salud<\/a>","tag_info":"Salud","comment_count":"0","jetpack_featured_media_url":"https:\/\/contextoanalisisperiodistico.com\/wp-content\/uploads\/2025\/03\/IMG-20250331-WA0126.jpg","_links":{"self":[{"href":"https:\/\/contextoanalisisperiodistico.com\/index.php\/wp-json\/wp\/v2\/posts\/39330"}],"collection":[{"href":"https:\/\/contextoanalisisperiodistico.com\/index.php\/wp-json\/wp\/v2\/posts"}],"about":[{"href":"https:\/\/contextoanalisisperiodistico.com\/index.php\/wp-json\/wp\/v2\/types\/post"}],"author":[{"embeddable":true,"href":"https:\/\/contextoanalisisperiodistico.com\/index.php\/wp-json\/wp\/v2\/users\/4"}],"replies":[{"embeddable":true,"href":"https:\/\/contextoanalisisperiodistico.com\/index.php\/wp-json\/wp\/v2\/comments?post=39330"}],"version-history":[{"count":0,"href":"https:\/\/contextoanalisisperiodistico.com\/index.php\/wp-json\/wp\/v2\/posts\/39330\/revisions"}],"wp:featuredmedia":[{"embeddable":true,"href":"https:\/\/contextoanalisisperiodistico.com\/index.php\/wp-json\/wp\/v2\/media\/39327"}],"wp:attachment":[{"href":"https:\/\/contextoanalisisperiodistico.com\/index.php\/wp-json\/wp\/v2\/media?parent=39330"}],"wp:term":[{"taxonomy":"category","embeddable":true,"href":"https:\/\/contextoanalisisperiodistico.com\/index.php\/wp-json\/wp\/v2\/categories?post=39330"},{"taxonomy":"post_tag","embeddable":true,"href":"https:\/\/contextoanalisisperiodistico.com\/index.php\/wp-json\/wp\/v2\/tags?post=39330"}],"curies":[{"name":"wp","href":"https:\/\/api.w.org\/{rel}","templated":true}]}}