{"id":39320,"date":"2025-03-31T13:45:47","date_gmt":"2025-03-31T19:45:47","guid":{"rendered":"https:\/\/contextoanalisisperiodistico.com\/index.php\/2025\/03\/31\/trabajos-de-poda-y-limpieza-para-mantener-en-buen-estado-espacios-publicos-capitalinos\/"},"modified":"2025-03-31T13:46:53","modified_gmt":"2025-03-31T19:46:53","slug":"trabajos-de-poda-y-limpieza-para-mantener-en-buen-estado-espacios-publicos-capitalinos","status":"publish","type":"post","link":"https:\/\/contextoanalisisperiodistico.com\/index.php\/2025\/03\/31\/trabajos-de-poda-y-limpieza-para-mantener-en-buen-estado-espacios-publicos-capitalinos\/","title":{"rendered":"Trabajos de poda y limpieza para mantener en buen estado espacios p\u00fablicos capitalinos"},"content":{"rendered":"<div id=\"fb-root\"><\/div>\n\n<p>\u2022 A trav\u00e9s de la Secretar\u00eda de Servicios Vecinales se realizan estas acciones<\/p>\n\n\n\n<p>Oaxaca de Ju\u00e1rez, Oax.31 de marzo de 2025.- El Municipio de Oaxaca de Ju\u00e1rez informa que, en seguimiento a las instrucciones del Presidente Municipal Ray Chagoya, se realizaron trabajos de poda en la calle Violetas, entre \u00c1lamos y Heroica Escuela Naval Militar de la Colonia Reforma. Estas acciones tienen como objetivo garantizar el buen estado de los espacios p\u00fablicos y ofrecer entornos m\u00e1s seguros para la ciudadan\u00eda.<\/p>\n\n\n\n<p>La Direcci\u00f3n de Mantenimiento Urbano de la Secretar\u00eda de Servicios Vecinales fue la encargada de llevar a cabo la intervenci\u00f3n, que contribuye al orden y limpieza de la ciudad. Adem\u00e1s, se destaca que la actividad se complementa con las acciones de mantenimiento y limpieza que tambi\u00e9n se realizan en diversas partes del municipio.<\/p>\n\n\n\n<p>En este sentido, el departamento de Saneamiento y Mobiliario realizo la instalaci\u00f3n de una tapa provisional en la calle Nu\u00f1o del Mercado, en el Centro Hist\u00f3rico y se atendieron los reportes ciudadanos, para rehabilitar las luminarias del Boulevard Eduardo Mata, en el tramo de la calle Fiallo a Huerto los Olivos, trabajando por una ciudad m\u00e1s iluminada y segura para todas y todos.<\/p>\n\n\n\n<p>De igual forma, se realizaron trabajos de limpieza en el camino del arroyo Monte Alb\u00e1n, ubicado en la colonia Monte Alb\u00e1n de la Agencia Municipal San Mart\u00edn Mexicapam, con el fin de mantener estos espacios en \u00f3ptimas condiciones para la comunidad.<\/p>\n\n\n\n<p>El Presidente Municipal Ray Chagoya reafirma su compromiso con la transformaci\u00f3n de la ciudad, instando a las y los ciudadanos a seguir trabajando juntos para lograr una capital m\u00e1s limpia, ordenada y segura.<\/p>\n\n\n\n<figure class=\"wp-block-image size-large\"><img fetchpriority=\"high\" decoding=\"async\" width=\"576\" height=\"1024\" src=\"https:\/\/contextoanalisisperiodistico.com\/wp-content\/uploads\/2025\/03\/img-20250331-wa00775260319127055528183-576x1024.jpg\" alt=\"\" class=\"wp-image-39315\" srcset=\"https:\/\/contextoanalisisperiodistico.com\/wp-content\/uploads\/2025\/03\/img-20250331-wa00775260319127055528183-576x1024.jpg 576w, https:\/\/contextoanalisisperiodistico.com\/wp-content\/uploads\/2025\/03\/img-20250331-wa00775260319127055528183-169x300.jpg 169w, https:\/\/contextoanalisisperiodistico.com\/wp-content\/uploads\/2025\/03\/img-20250331-wa00775260319127055528183.jpg 720w\" sizes=\"(max-width: 576px) 100vw, 576px\" \/><\/figure>\n\n\n\n<figure class=\"wp-block-image\"><img decoding=\"async\" width=\"576\" height=\"1024\" src=\"https:\/\/contextoanalisisperiodistico.com\/wp-content\/uploads\/2025\/03\/img-20250331-wa00782948245894789952637-576x1024.jpg\" alt=\"\" class=\"wp-image-39314\" srcset=\"https:\/\/contextoanalisisperiodistico.com\/wp-content\/uploads\/2025\/03\/img-20250331-wa00782948245894789952637-576x1024.jpg 576w, https:\/\/contextoanalisisperiodistico.com\/wp-content\/uploads\/2025\/03\/img-20250331-wa00782948245894789952637-169x300.jpg 169w, https:\/\/contextoanalisisperiodistico.com\/wp-content\/uploads\/2025\/03\/img-20250331-wa00782948245894789952637.jpg 720w\" sizes=\"(max-width: 576px) 100vw, 576px\" \/><\/figure>\n\n\n\n<figure class=\"wp-block-image\"><img decoding=\"async\" width=\"768\" height=\"1024\" src=\"https:\/\/contextoanalisisperiodistico.com\/wp-content\/uploads\/2025\/03\/img-20250331-wa00818334264006914627380-768x1024.jpg\" alt=\"\" class=\"wp-image-39318\" srcset=\"https:\/\/contextoanalisisperiodistico.com\/wp-content\/uploads\/2025\/03\/img-20250331-wa00818334264006914627380-768x1024.jpg 768w, https:\/\/contextoanalisisperiodistico.com\/wp-content\/uploads\/2025\/03\/img-20250331-wa00818334264006914627380-225x300.jpg 225w, https:\/\/contextoanalisisperiodistico.com\/wp-content\/uploads\/2025\/03\/img-20250331-wa00818334264006914627380-1024x1365.jpg 1024w, https:\/\/contextoanalisisperiodistico.com\/wp-content\/uploads\/2025\/03\/img-20250331-wa00818334264006914627380.jpg 1080w\" sizes=\"(max-width: 768px) 100vw, 768px\" \/><\/figure>\n\n\n\n<figure class=\"wp-block-image\"><img loading=\"lazy\" decoding=\"async\" width=\"768\" height=\"1024\" src=\"https:\/\/contextoanalisisperiodistico.com\/wp-content\/uploads\/2025\/03\/img-20250331-wa00801152886733623915232-768x1024.jpg\" alt=\"\" class=\"wp-image-39316\" srcset=\"https:\/\/contextoanalisisperiodistico.com\/wp-content\/uploads\/2025\/03\/img-20250331-wa00801152886733623915232-768x1024.jpg 768w, https:\/\/contextoanalisisperiodistico.com\/wp-content\/uploads\/2025\/03\/img-20250331-wa00801152886733623915232-225x300.jpg 225w, https:\/\/contextoanalisisperiodistico.com\/wp-content\/uploads\/2025\/03\/img-20250331-wa00801152886733623915232-1024x1365.jpg 1024w, https:\/\/contextoanalisisperiodistico.com\/wp-content\/uploads\/2025\/03\/img-20250331-wa00801152886733623915232.jpg 1080w\" sizes=\"(max-width: 768px) 100vw, 768px\" \/><\/figure>\n\n\n\n<figure class=\"wp-block-image\"><img loading=\"lazy\" decoding=\"async\" width=\"1024\" height=\"768\" src=\"https:\/\/contextoanalisisperiodistico.com\/wp-content\/uploads\/2025\/03\/img-20250331-wa00834071351665454295621-1024x768.jpg\" alt=\"\" class=\"wp-image-39317\" srcset=\"https:\/\/contextoanalisisperiodistico.com\/wp-content\/uploads\/2025\/03\/img-20250331-wa00834071351665454295621-1024x768.jpg 1024w, https:\/\/contextoanalisisperiodistico.com\/wp-content\/uploads\/2025\/03\/img-20250331-wa00834071351665454295621-300x225.jpg 300w, https:\/\/contextoanalisisperiodistico.com\/wp-content\/uploads\/2025\/03\/img-20250331-wa00834071351665454295621-768x576.jpg 768w, https:\/\/contextoanalisisperiodistico.com\/wp-content\/uploads\/2025\/03\/img-20250331-wa00834071351665454295621.jpg 1080w\" sizes=\"(max-width: 1024px) 100vw, 1024px\" \/><\/figure>\n\n\n\n<figure class=\"wp-block-image\"><img loading=\"lazy\" decoding=\"async\" width=\"768\" height=\"1024\" src=\"https:\/\/contextoanalisisperiodistico.com\/wp-content\/uploads\/2025\/03\/img-20250331-wa00849124545115249931054-768x1024.jpg\" alt=\"\" class=\"wp-image-39319\" srcset=\"https:\/\/contextoanalisisperiodistico.com\/wp-content\/uploads\/2025\/03\/img-20250331-wa00849124545115249931054-768x1024.jpg 768w, https:\/\/contextoanalisisperiodistico.com\/wp-content\/uploads\/2025\/03\/img-20250331-wa00849124545115249931054-225x300.jpg 225w, https:\/\/contextoanalisisperiodistico.com\/wp-content\/uploads\/2025\/03\/img-20250331-wa00849124545115249931054-1024x1365.jpg 1024w, https:\/\/contextoanalisisperiodistico.com\/wp-content\/uploads\/2025\/03\/img-20250331-wa00849124545115249931054.jpg 1080w\" sizes=\"(max-width: 768px) 100vw, 768px\" \/><\/figure>\n","protected":false},"excerpt":{"rendered":"<p>\u2022 A trav\u00e9s de la Secretar\u00eda de Servicios Vecinales se realizan estas acciones Oaxaca de&#8230;<\/p>\n","protected":false},"author":4,"featured_media":39313,"comment_status":"closed","ping_status":"open","sticky":false,"template":"","format":"standard","meta":{"footnotes":""},"categories":[3],"tags":[178,235,234,45],"jetpack_sharing_enabled":true,"featured_image_urls":{"full":["https:\/\/contextoanalisisperiodistico.com\/wp-content\/uploads\/2025\/03\/IMG-20250331-WA0079.jpg",901,1600,false],"thumbnail":["https:\/\/contextoanalisisperiodistico.com\/wp-content\/uploads\/2025\/03\/IMG-20250331-WA0079-150x150.jpg",150,150,true],"medium":["https:\/\/contextoanalisisperiodistico.com\/wp-content\/uploads\/2025\/03\/IMG-20250331-WA0079-169x300.jpg",169,300,true],"medium_large":["https:\/\/contextoanalisisperiodistico.com\/wp-content\/uploads\/2025\/03\/IMG-20250331-WA0079-768x1364.jpg",640,1137,true],"large":["https:\/\/contextoanalisisperiodistico.com\/wp-content\/uploads\/2025\/03\/IMG-20250331-WA0079-577x1024.jpg",577,1024,true],"1536x1536":["https:\/\/contextoanalisisperiodistico.com\/wp-content\/uploads\/2025\/03\/IMG-20250331-WA0079-865x1536.jpg",865,1536,true],"2048x2048":["https:\/\/contextoanalisisperiodistico.com\/wp-content\/uploads\/2025\/03\/IMG-20250331-WA0079.jpg",901,1600,false],"covernews-slider-full":["https:\/\/contextoanalisisperiodistico.com\/wp-content\/uploads\/2025\/03\/IMG-20250331-WA0079-901x715.jpg",901,715,true],"covernews-slider-center":["https:\/\/contextoanalisisperiodistico.com\/wp-content\/uploads\/2025\/03\/IMG-20250331-WA0079-800x500.jpg",800,500,true],"covernews-featured":["https:\/\/contextoanalisisperiodistico.com\/wp-content\/uploads\/2025\/03\/IMG-20250331-WA0079.jpg",901,1600,false],"covernews-medium":["https:\/\/contextoanalisisperiodistico.com\/wp-content\/uploads\/2025\/03\/IMG-20250331-WA0079-540x340.jpg",540,340,true],"covernews-medium-square":["https:\/\/contextoanalisisperiodistico.com\/wp-content\/uploads\/2025\/03\/IMG-20250331-WA0079-400x250.jpg",400,250,true]},"author_info":{"display_name":"Mario Gir\u00f3n","author_link":"https:\/\/contextoanalisisperiodistico.com\/index.php\/author\/director\/"},"category_info":"<a href=\"https:\/\/contextoanalisisperiodistico.com\/index.php\/category\/ciudad\/\" rel=\"category tag\">Ciudad<\/a>","tag_info":"Ciudad","comment_count":"0","jetpack_featured_media_url":"https:\/\/contextoanalisisperiodistico.com\/wp-content\/uploads\/2025\/03\/IMG-20250331-WA0079.jpg","_links":{"self":[{"href":"https:\/\/contextoanalisisperiodistico.com\/index.php\/wp-json\/wp\/v2\/posts\/39320"}],"collection":[{"href":"https:\/\/contextoanalisisperiodistico.com\/index.php\/wp-json\/wp\/v2\/posts"}],"about":[{"href":"https:\/\/contextoanalisisperiodistico.com\/index.php\/wp-json\/wp\/v2\/types\/post"}],"author":[{"embeddable":true,"href":"https:\/\/contextoanalisisperiodistico.com\/index.php\/wp-json\/wp\/v2\/users\/4"}],"replies":[{"embeddable":true,"href":"https:\/\/contextoanalisisperiodistico.com\/index.php\/wp-json\/wp\/v2\/comments?post=39320"}],"version-history":[{"count":1,"href":"https:\/\/contextoanalisisperiodistico.com\/index.php\/wp-json\/wp\/v2\/posts\/39320\/revisions"}],"predecessor-version":[{"id":39321,"href":"https:\/\/contextoanalisisperiodistico.com\/index.php\/wp-json\/wp\/v2\/posts\/39320\/revisions\/39321"}],"wp:featuredmedia":[{"embeddable":true,"href":"https:\/\/contextoanalisisperiodistico.com\/index.php\/wp-json\/wp\/v2\/media\/39313"}],"wp:attachment":[{"href":"https:\/\/contextoanalisisperiodistico.com\/index.php\/wp-json\/wp\/v2\/media?parent=39320"}],"wp:term":[{"taxonomy":"category","embeddable":true,"href":"https:\/\/contextoanalisisperiodistico.com\/index.php\/wp-json\/wp\/v2\/categories?post=39320"},{"taxonomy":"post_tag","embeddable":true,"href":"https:\/\/contextoanalisisperiodistico.com\/index.php\/wp-json\/wp\/v2\/tags?post=39320"}],"curies":[{"name":"wp","href":"https:\/\/api.w.org\/{rel}","templated":true}]}}