{"id":39312,"date":"2025-03-31T13:28:34","date_gmt":"2025-03-31T19:28:34","guid":{"rendered":"https:\/\/contextoanalisisperiodistico.com\/index.php\/2025\/03\/31\/brinda-policia-estatal-seguridad-durante-cateo-en-san-pedro-comitancillo\/"},"modified":"2025-03-31T13:28:34","modified_gmt":"2025-03-31T19:28:34","slug":"brinda-policia-estatal-seguridad-durante-cateo-en-san-pedro-comitancillo","status":"publish","type":"post","link":"https:\/\/contextoanalisisperiodistico.com\/index.php\/2025\/03\/31\/brinda-policia-estatal-seguridad-durante-cateo-en-san-pedro-comitancillo\/","title":{"rendered":"Brinda Polic\u00eda Estatal seguridad durante cateo en San Pedro Comitancillo"},"content":{"rendered":"<div id=\"fb-root\"><\/div>\n\n<p>\u2022 Decomisaron 50 cartuchos de calibre 9 mm, 44 cartuchos de calibre .38 especial, as\u00ed como 19 bolsas de nylon; 14 con sustancia granulada y cinco con hierba seca.<\/p>\n\n\n\n<p>Oaxaca de Ju\u00e1rez, Oax. 31 de marzo de 2025.- La Secretar\u00eda de Seguridad y Protecci\u00f3n Ciudadana (SSPC) brind\u00f3 apoyo perimetral durante la ejecuci\u00f3n de una orden de cateo por parte de la Agencia Estatal de Investigaci\u00f3n (AEI), en el municipio de San Pedro Comitancillo.<\/p>\n\n\n\n<p>Como resultado de esta intervenci\u00f3n, las fuerzas de seguridad detuvieron al masculino identificado con las iniciales A.S.A., de 61 a\u00f1os de edad. Asimismo, se decomisaron 50 cartuchos de calibre 9 mil\u00edmetros, marca Sedena; 44 cartuchos de calibre .38 especial, marca \u00c1guila; as\u00ed como 19 bolsas de nylon; 14 con sustancia granulada y cinco con hierba seca.<\/p>\n\n\n\n<p>Durante esta acci\u00f3n, en la que tambi\u00e9n participaron elementos de la Guardia Nacional (GN) y la Secretar\u00eda de la Defensa Nacional (Defensa); los elementos de la Polic\u00eda Estatal desplegaron un dispositivo de seguridad alrededor del domicilio ubicado sobre la calle Prolongaci\u00f3n de Iturbide de esa demarcaci\u00f3n.<\/p>\n\n\n\n<p>Tanto la persona detenida como el material asegurado fueron trasladados a la Comandancia Local de la AEI en Juchit\u00e1n de Zaragoza, para ser puestos a disposici\u00f3n de la Fiscal\u00eda General del Estado de Oaxaca (FGEO) por delitos contra la salud.<br \/>-0-<\/p>\n","protected":false},"excerpt":{"rendered":"<p>\u2022 Decomisaron 50 cartuchos de calibre 9 mm, 44 cartuchos de calibre .38 especial, as\u00ed&#8230;<\/p>\n","protected":false},"author":4,"featured_media":39311,"comment_status":"","ping_status":"open","sticky":false,"template":"","format":"standard","meta":{"footnotes":""},"categories":[10],"tags":[],"jetpack_sharing_enabled":true,"featured_image_urls":{"full":["https:\/\/contextoanalisisperiodistico.com\/wp-content\/uploads\/2025\/03\/IMG-20250331-WA0063.jpg",1600,1200,false],"thumbnail":["https:\/\/contextoanalisisperiodistico.com\/wp-content\/uploads\/2025\/03\/IMG-20250331-WA0063-150x150.jpg",150,150,true],"medium":["https:\/\/contextoanalisisperiodistico.com\/wp-content\/uploads\/2025\/03\/IMG-20250331-WA0063-300x225.jpg",300,225,true],"medium_large":["https:\/\/contextoanalisisperiodistico.com\/wp-content\/uploads\/2025\/03\/IMG-20250331-WA0063-768x576.jpg",640,480,true],"large":["https:\/\/contextoanalisisperiodistico.com\/wp-content\/uploads\/2025\/03\/IMG-20250331-WA0063-1024x768.jpg",640,480,true],"1536x1536":["https:\/\/contextoanalisisperiodistico.com\/wp-content\/uploads\/2025\/03\/IMG-20250331-WA0063-1536x1152.jpg",1536,1152,true],"2048x2048":["https:\/\/contextoanalisisperiodistico.com\/wp-content\/uploads\/2025\/03\/IMG-20250331-WA0063.jpg",1600,1200,false],"covernews-slider-full":["https:\/\/contextoanalisisperiodistico.com\/wp-content\/uploads\/2025\/03\/IMG-20250331-WA0063-1115x715.jpg",1115,715,true],"covernews-slider-center":["https:\/\/contextoanalisisperiodistico.com\/wp-content\/uploads\/2025\/03\/IMG-20250331-WA0063-800x500.jpg",800,500,true],"covernews-featured":["https:\/\/contextoanalisisperiodistico.com\/wp-content\/uploads\/2025\/03\/IMG-20250331-WA0063-1024x768.jpg",1024,768,true],"covernews-medium":["https:\/\/contextoanalisisperiodistico.com\/wp-content\/uploads\/2025\/03\/IMG-20250331-WA0063-540x340.jpg",540,340,true],"covernews-medium-square":["https:\/\/contextoanalisisperiodistico.com\/wp-content\/uploads\/2025\/03\/IMG-20250331-WA0063-400x250.jpg",400,250,true]},"author_info":{"display_name":"Mario Gir\u00f3n","author_link":"https:\/\/contextoanalisisperiodistico.com\/index.php\/author\/director\/"},"category_info":"<a href=\"https:\/\/contextoanalisisperiodistico.com\/index.php\/category\/seguridad\/\" rel=\"category tag\">Seguridad<\/a>","tag_info":"Seguridad","comment_count":"0","jetpack_featured_media_url":"https:\/\/contextoanalisisperiodistico.com\/wp-content\/uploads\/2025\/03\/IMG-20250331-WA0063.jpg","_links":{"self":[{"href":"https:\/\/contextoanalisisperiodistico.com\/index.php\/wp-json\/wp\/v2\/posts\/39312"}],"collection":[{"href":"https:\/\/contextoanalisisperiodistico.com\/index.php\/wp-json\/wp\/v2\/posts"}],"about":[{"href":"https:\/\/contextoanalisisperiodistico.com\/index.php\/wp-json\/wp\/v2\/types\/post"}],"author":[{"embeddable":true,"href":"https:\/\/contextoanalisisperiodistico.com\/index.php\/wp-json\/wp\/v2\/users\/4"}],"replies":[{"embeddable":true,"href":"https:\/\/contextoanalisisperiodistico.com\/index.php\/wp-json\/wp\/v2\/comments?post=39312"}],"version-history":[{"count":0,"href":"https:\/\/contextoanalisisperiodistico.com\/index.php\/wp-json\/wp\/v2\/posts\/39312\/revisions"}],"wp:featuredmedia":[{"embeddable":true,"href":"https:\/\/contextoanalisisperiodistico.com\/index.php\/wp-json\/wp\/v2\/media\/39311"}],"wp:attachment":[{"href":"https:\/\/contextoanalisisperiodistico.com\/index.php\/wp-json\/wp\/v2\/media?parent=39312"}],"wp:term":[{"taxonomy":"category","embeddable":true,"href":"https:\/\/contextoanalisisperiodistico.com\/index.php\/wp-json\/wp\/v2\/categories?post=39312"},{"taxonomy":"post_tag","embeddable":true,"href":"https:\/\/contextoanalisisperiodistico.com\/index.php\/wp-json\/wp\/v2\/tags?post=39312"}],"curies":[{"name":"wp","href":"https:\/\/api.w.org\/{rel}","templated":true}]}}