{"id":39308,"date":"2025-03-31T13:24:27","date_gmt":"2025-03-31T19:24:27","guid":{"rendered":"https:\/\/contextoanalisisperiodistico.com\/index.php\/2025\/03\/31\/hace-salomon-jara-lo-que-nunca-se-hizo-para-garantizar-abasto-de-agua-a-todas-y-todos-en-oaxaca\/"},"modified":"2025-03-31T13:26:24","modified_gmt":"2025-03-31T19:26:24","slug":"hace-salomon-jara-lo-que-nunca-se-hizo-para-garantizar-abasto-de-agua-a-todas-y-todos-en-oaxaca","status":"publish","type":"post","link":"https:\/\/contextoanalisisperiodistico.com\/index.php\/2025\/03\/31\/hace-salomon-jara-lo-que-nunca-se-hizo-para-garantizar-abasto-de-agua-a-todas-y-todos-en-oaxaca\/","title":{"rendered":"Hace Salom\u00f3n Jara lo que nunca hicieron para garantizar abasto de agua en Oaxaca"},"content":{"rendered":"<div id=\"fb-root\"><\/div>\n\n<p>\u2022 La Conagua, Ceabien, Soapa y Sebienti reportaron perforaci\u00f3n y desazolve de pozos profundos, entrega de 4 mil 850 tinacos, y construcci\u00f3n de presa Margarita Maza, a fin de garantizar el vital l\u00edquido<\/p>\n\n\n\n<figure class=\"wp-block-image size-large\"><img fetchpriority=\"high\" decoding=\"async\" width=\"1024\" height=\"682\" src=\"https:\/\/contextoanalisisperiodistico.com\/wp-content\/uploads\/2025\/03\/img-20250331-wa00586360779998531294464-1024x682.jpg\" alt=\"\" class=\"wp-image-39307\" srcset=\"https:\/\/contextoanalisisperiodistico.com\/wp-content\/uploads\/2025\/03\/img-20250331-wa00586360779998531294464-1024x682.jpg 1024w, https:\/\/contextoanalisisperiodistico.com\/wp-content\/uploads\/2025\/03\/img-20250331-wa00586360779998531294464-300x200.jpg 300w, https:\/\/contextoanalisisperiodistico.com\/wp-content\/uploads\/2025\/03\/img-20250331-wa00586360779998531294464-768x512.jpg 768w, https:\/\/contextoanalisisperiodistico.com\/wp-content\/uploads\/2025\/03\/img-20250331-wa00586360779998531294464.jpg 1280w\" sizes=\"(max-width: 1024px) 100vw, 1024px\" \/><\/figure>\n\n\n\n<figure class=\"wp-block-image\"><img decoding=\"async\" width=\"1024\" height=\"683\" src=\"https:\/\/contextoanalisisperiodistico.com\/wp-content\/uploads\/2025\/03\/img-20250331-wa00595650063063591840696-1024x683.jpg\" alt=\"\" class=\"wp-image-39305\" srcset=\"https:\/\/contextoanalisisperiodistico.com\/wp-content\/uploads\/2025\/03\/img-20250331-wa00595650063063591840696-1024x683.jpg 1024w, https:\/\/contextoanalisisperiodistico.com\/wp-content\/uploads\/2025\/03\/img-20250331-wa00595650063063591840696-300x200.jpg 300w, https:\/\/contextoanalisisperiodistico.com\/wp-content\/uploads\/2025\/03\/img-20250331-wa00595650063063591840696-768x512.jpg 768w, https:\/\/contextoanalisisperiodistico.com\/wp-content\/uploads\/2025\/03\/img-20250331-wa00595650063063591840696.jpg 1221w\" sizes=\"(max-width: 1024px) 100vw, 1024px\" \/><\/figure>\n\n\n\n<figure class=\"wp-block-image\"><img decoding=\"async\" width=\"300\" height=\"200\" src=\"https:\/\/contextoanalisisperiodistico.com\/wp-content\/uploads\/2025\/03\/img-20250331-wa00612183034726314761016-300x200.jpg\" alt=\"\" class=\"wp-image-39306\" srcset=\"https:\/\/contextoanalisisperiodistico.com\/wp-content\/uploads\/2025\/03\/img-20250331-wa00612183034726314761016-300x200.jpg 300w, https:\/\/contextoanalisisperiodistico.com\/wp-content\/uploads\/2025\/03\/img-20250331-wa00612183034726314761016-768x512.jpg 768w, https:\/\/contextoanalisisperiodistico.com\/wp-content\/uploads\/2025\/03\/img-20250331-wa00612183034726314761016.jpg 866w\" sizes=\"(max-width: 300px) 100vw, 300px\" \/><\/figure>\n\n\n\n<p>Oaxaca de Ju\u00e1rez, Oax. 31 de marzo de 2025.- Con la finalidad de hacer frente a las crisis por falta de agua en la temporada de estiaje, el Gobernador Salom\u00f3n Jara Cruz hace lo que nunca se hizo, a trav\u00e9s de diversas dependencias, para garantizar el vital l\u00edquido a la poblaci\u00f3n oaxaque\u00f1a.<\/p>\n\n\n\n<p>\u201cEstas acciones son fundamentales y tienen el objetivo de hacer cumplir el derecho al agua que deben tener todas y todos en el estado\u201d, expres\u00f3 en conferencia de prensa desde Palacio de Gobierno.<\/p>\n\n\n\n<p>Una de estas, destac\u00f3 el Mandatario estatal, es la pr\u00f3xima construcci\u00f3n de la presa Margarita Maza, que con el apoyo del Gobierno Federal contempla un acueducto que traer\u00e1 agua a Oaxaca en los pr\u00f3ximos 30 o 40 a\u00f1os, y que se estima inicie operaciones en dos a\u00f1os.<\/p>\n\n\n\n<p>En su oportunidad, el director del Organismo Cuenca Pac\u00edfico Sur de la Comisi\u00f3n Nacional del Agua (Conagua), Juli\u00e1n Rub\u00e9n R\u00edos \u00c1ngeles se\u00f1al\u00f3 que sociedad y gobierno, en un esfuerzo conjunto, deben tomar medidas para cuidar este recurso natural, ya que el 38 por ciento de las p\u00e9rdidas de agua se registran a nivel domiciliario.<\/p>\n\n\n\n<p>Revel\u00f3 que, en el \u00faltimo a\u00f1o se ha registrado un aumento de 2 grados cent\u00edgrados en la temperatura promedio de Oaxaca; \u201cde los 21.7 grados cent\u00edgrados de marzo de 2024, pasamos a 23.6 grados en este mes; lo cual representa un mayor uso del agua\u201d, dijo.<\/p>\n\n\n\n<p>El funcionario propuso un Programa de Cultura del Agua, que engloba cinco puntos principales: Concientizaci\u00f3n y educaci\u00f3n, Uso eficiente y ahorro del agua, Protecci\u00f3n de fuentes de agua, Regulaci\u00f3n y normativas, y Participaci\u00f3n ciudadana.<\/p>\n\n\n\n<p>Por su parte, el director general del Sistema Operador de los Servicios de Agua Potable y Alcantarillado (Soapa), Omar P\u00e9rez Ben\u00edtez inform\u00f3 que, en 2024, 78 colonias se encontraban en foco rojo, es decir, el suministro de agua les llegaba en 30 o 40 d\u00edas; actualmente esa cantidad baj\u00f3 significativamente a 11 colonias, que equivale a una disminuci\u00f3n del 86 por ciento.<\/p>\n\n\n\n<p>\u201cGracias a las acciones implementadas por el Mandatario estatal se ha disminuido este porcentaje\u201d, mencion\u00f3.<\/p>\n\n\n\n<p>Como parte del Plan Estrat\u00e9gico en Infraestructura H\u00eddrica, este organismo estatal ha realizado: 3 pozos profundos nuevos, repuso 5, 13 fueron rehabilitados, 7 sistemas de agua potable tambi\u00e9n se rehabilitaron, y 2 pozos de absorci\u00f3n fueron construidos. Adem\u00e1s, adquiri\u00f3 6 camionetas para la atenci\u00f3n de fugas de manera inmediata, que en este a\u00f1o se contabilizan 547.<\/p>\n\n\n\n<p>El programa Agua para Todas y Todos que implementa el Gobernador Salom\u00f3n Jara en Oaxaca de Ju\u00e1rez, Santa Luc\u00eda del Camino y Santa Cruz Xoxocotl\u00e1n, ha provisto a la poblaci\u00f3n con hidrantes m\u00f3viles de 10 mil litros, tinacos de mil 100 litros y distribuci\u00f3n con pipas de agua.<\/p>\n\n\n\n<p>En tanto, el director general de la Comisi\u00f3n Estatal del Agua para el Bienestar (Ceabien), Neftal\u00ed Amigdael L\u00f3pez Hern\u00e1ndez dio a conocer que en Valles Centrales se est\u00e1n perforando 5 pozos profundos; en Bah\u00edas de Huatulco se limpiaron 6 de un total de 9 pozos profundos; mientras en San Pedro Totol\u00e1pam y Santa Cruz Xoxocotl\u00e1n se concluy\u00f3 con la perforaci\u00f3n de 1 pozo profundo en cada municipio; y en esta \u00faltima demarcaci\u00f3n se realiza limpieza y desazolve.<\/p>\n\n\n\n<p>Finalmente, la Secretar\u00eda de Bienestar, Tequio e Inclusi\u00f3n (sebienti) inform\u00f3 que, de los 8 mil tinacos que se contemplan entregar a la poblaci\u00f3n oaxaque\u00f1a, a la fecha ya se han entregado 4 mil 850 en cuatro municipios de la Zona Metropolitana; y adelant\u00f3 las pr\u00f3ximas entregas en: Santiago Pinotepa Nacional, San Pedro Pochutla, San Antonio de la Cal y San Sebasti\u00e1n Tutla.<\/p>\n\n\n\n<p>-0-<\/p>\n","protected":false},"excerpt":{"rendered":"<p>\u2022 La Conagua, Ceabien, Soapa y Sebienti reportaron perforaci\u00f3n y desazolve de pozos profundos, entrega&#8230;<\/p>\n","protected":false},"author":4,"featured_media":39304,"comment_status":"closed","ping_status":"open","sticky":false,"template":"","format":"standard","meta":{"footnotes":""},"categories":[9],"tags":[],"jetpack_sharing_enabled":true,"featured_image_urls":{"full":["https:\/\/contextoanalisisperiodistico.com\/wp-content\/uploads\/2025\/03\/IMG-20250331-WA0060.jpg",966,644,false],"thumbnail":["https:\/\/contextoanalisisperiodistico.com\/wp-content\/uploads\/2025\/03\/IMG-20250331-WA0060-150x150.jpg",150,150,true],"medium":["https:\/\/contextoanalisisperiodistico.com\/wp-content\/uploads\/2025\/03\/IMG-20250331-WA0060-300x200.jpg",300,200,true],"medium_large":["https:\/\/contextoanalisisperiodistico.com\/wp-content\/uploads\/2025\/03\/IMG-20250331-WA0060-768x512.jpg",640,427,true],"large":["https:\/\/contextoanalisisperiodistico.com\/wp-content\/uploads\/2025\/03\/IMG-20250331-WA0060.jpg",640,427,false],"1536x1536":["https:\/\/contextoanalisisperiodistico.com\/wp-content\/uploads\/2025\/03\/IMG-20250331-WA0060.jpg",966,644,false],"2048x2048":["https:\/\/contextoanalisisperiodistico.com\/wp-content\/uploads\/2025\/03\/IMG-20250331-WA0060.jpg",966,644,false],"covernews-slider-full":["https:\/\/contextoanalisisperiodistico.com\/wp-content\/uploads\/2025\/03\/IMG-20250331-WA0060.jpg",966,644,false],"covernews-slider-center":["https:\/\/contextoanalisisperiodistico.com\/wp-content\/uploads\/2025\/03\/IMG-20250331-WA0060-800x500.jpg",800,500,true],"covernews-featured":["https:\/\/contextoanalisisperiodistico.com\/wp-content\/uploads\/2025\/03\/IMG-20250331-WA0060.jpg",966,644,false],"covernews-medium":["https:\/\/contextoanalisisperiodistico.com\/wp-content\/uploads\/2025\/03\/IMG-20250331-WA0060-540x340.jpg",540,340,true],"covernews-medium-square":["https:\/\/contextoanalisisperiodistico.com\/wp-content\/uploads\/2025\/03\/IMG-20250331-WA0060-400x250.jpg",400,250,true]},"author_info":{"display_name":"Mario Gir\u00f3n","author_link":"https:\/\/contextoanalisisperiodistico.com\/index.php\/author\/director\/"},"category_info":"<a href=\"https:\/\/contextoanalisisperiodistico.com\/index.php\/category\/politica\/\" rel=\"category tag\">Pol\u00edtica<\/a>","tag_info":"Pol\u00edtica","comment_count":"0","jetpack_featured_media_url":"https:\/\/contextoanalisisperiodistico.com\/wp-content\/uploads\/2025\/03\/IMG-20250331-WA0060.jpg","_links":{"self":[{"href":"https:\/\/contextoanalisisperiodistico.com\/index.php\/wp-json\/wp\/v2\/posts\/39308"}],"collection":[{"href":"https:\/\/contextoanalisisperiodistico.com\/index.php\/wp-json\/wp\/v2\/posts"}],"about":[{"href":"https:\/\/contextoanalisisperiodistico.com\/index.php\/wp-json\/wp\/v2\/types\/post"}],"author":[{"embeddable":true,"href":"https:\/\/contextoanalisisperiodistico.com\/index.php\/wp-json\/wp\/v2\/users\/4"}],"replies":[{"embeddable":true,"href":"https:\/\/contextoanalisisperiodistico.com\/index.php\/wp-json\/wp\/v2\/comments?post=39308"}],"version-history":[{"count":2,"href":"https:\/\/contextoanalisisperiodistico.com\/index.php\/wp-json\/wp\/v2\/posts\/39308\/revisions"}],"predecessor-version":[{"id":39310,"href":"https:\/\/contextoanalisisperiodistico.com\/index.php\/wp-json\/wp\/v2\/posts\/39308\/revisions\/39310"}],"wp:featuredmedia":[{"embeddable":true,"href":"https:\/\/contextoanalisisperiodistico.com\/index.php\/wp-json\/wp\/v2\/media\/39304"}],"wp:attachment":[{"href":"https:\/\/contextoanalisisperiodistico.com\/index.php\/wp-json\/wp\/v2\/media?parent=39308"}],"wp:term":[{"taxonomy":"category","embeddable":true,"href":"https:\/\/contextoanalisisperiodistico.com\/index.php\/wp-json\/wp\/v2\/categories?post=39308"},{"taxonomy":"post_tag","embeddable":true,"href":"https:\/\/contextoanalisisperiodistico.com\/index.php\/wp-json\/wp\/v2\/tags?post=39308"}],"curies":[{"name":"wp","href":"https:\/\/api.w.org\/{rel}","templated":true}]}}