{"id":39283,"date":"2025-03-30T16:35:35","date_gmt":"2025-03-30T22:35:35","guid":{"rendered":"https:\/\/contextoanalisisperiodistico.com\/index.php\/2025\/03\/30\/refuerza-primavera-oaxaquena-bienestar-e-infraestructura-en-la-cienega-de-zimatlan\/"},"modified":"2025-03-30T16:35:35","modified_gmt":"2025-03-30T22:35:35","slug":"refuerza-primavera-oaxaquena-bienestar-e-infraestructura-en-la-cienega-de-zimatlan","status":"publish","type":"post","link":"https:\/\/contextoanalisisperiodistico.com\/index.php\/2025\/03\/30\/refuerza-primavera-oaxaquena-bienestar-e-infraestructura-en-la-cienega-de-zimatlan\/","title":{"rendered":"Refuerza Primavera Oaxaque\u00f1a bienestar e infraestructura en la Ci\u00e9nega de Zimatl\u00e1n"},"content":{"rendered":"<div id=\"fb-root\"><\/div>\n\n<p>\u2022 En su visita a este municipio, el Gobernador Salom\u00f3n Jara Cruz tambi\u00e9n autoriz\u00f3 1.5 millones de pesos para un proyecto de alumbrado p\u00fablico<\/p>\n\n\n\n<p>Ci\u00e9nega de Zimatl\u00e1n, Oax. 30 de marzo de 2025.- Como parte de la estrategia Trabajo que Transforma tu Municipio, el Gobernador Salom\u00f3n Jara Cruz anunci\u00f3 la rehabilitaci\u00f3n de los pozos 5 y 9 de la Ci\u00e9nega de Zimatl\u00e1n, obra que tendr\u00e1 una inversi\u00f3n total de 3 millones de pesos.<\/p>\n\n\n\n<p>Al arribar por segunda ocasi\u00f3n a esta demarcaci\u00f3n de los Valles Centrales, el Mandatario estatal inform\u00f3 que este proyecto se realizar\u00e1 a trav\u00e9s de la Comisi\u00f3n Estatal del Agua para el Bienestar (Ceabien), en colaboraci\u00f3n con la Comisi\u00f3n Nacional del Agua (Conagua) y el Ayuntamiento.<\/p>\n\n\n\n<p>\u201cHoy volvemos para cumplir lo que prometimos, ser un gobierno de territorio y no de escritorio, que est\u00e9 siempre pendiente de las necesidades de todos los pueblos\u201d, manifest\u00f3 Jara Cruz.<\/p>\n\n\n\n<p>De esta manera, se presentaron los siguientes apoyos:<\/p>\n\n\n\n<p>\u2022 En este lugar opera el programa Abasto Seguro de Ma\u00edz que favorece a 208 personas productoras y se desazolvaron cuatro represas, todo ello con un monto total de 5 millones 685 mil 964 pesos.<\/p>\n\n\n\n<p>\u2022 El Sistema Estatal para el Desarrollo Integral de la Familia (DIF) Oaxaca aplica los programas Itacate de mi Coraz\u00f3n y Latido Nutritivo en beneficio de 92 familias, con una inversi\u00f3n de 205 mil 830 pesos.<\/p>\n\n\n\n<p>\u2022 Con Tarjeta Margarita Maza se apoya a cinco jefas de familia en situaci\u00f3n de pobreza extrema.<\/p>\n\n\n\n<p>\u2022 La Unidad M\u00e9dica de la municipalidad recibi\u00f3 400 mil pesos a trav\u00e9s del programa La Cl\u00ednica es Nuestra, para equipar y mejorar la instalaci\u00f3n.<\/p>\n\n\n\n<p>\u2022 El Instituto Estatal de Educaci\u00f3n P\u00fablica de Oaxaca (IEEPO) gestionar\u00e1 una clave para dar certeza jur\u00eddica a una escuela. Tambi\u00e9n otorgar\u00e1 a cuatro centros educativos mobiliario, pizarrones, computadoras, impresoras, proyectores, material de aseo, deportivo y de oficina; con un recurso de 850 mil pesos.<\/p>\n\n\n\n<p>\u2022 Se destinar\u00e1n 1.5 millones de pesos para construir una cancha de f\u00fatbol 5. Adem\u00e1s, se rehabilitar\u00e1n sanitarios en una escuela y se entregar\u00e1n 15 computadoras, mobiliario e impresoras al Instituto de Estudios de Bachillerato del Estado de Oaxaca, as\u00ed como, se dotar\u00e1 de material para la edificaci\u00f3n de tres aulas y un comedor en otros centros educativos.<\/p>\n\n\n\n<p>\u2022 La Secretar\u00eda de Infraestructuras y Comunicaciones (SIC) apoyar\u00e1 con asfalto para el bacheo de la carretera que une a la Ci\u00e9nega con Zimatl\u00e1n y canalizar\u00e1 1.5 millones de pesos para un proyecto de alumbrado p\u00fablico que va del IEBO al \u00e1rea deportiva de la comunidad.<\/p>\n\n\n\n<p>-0-<\/p>\n\n\n\n<figure class=\"wp-block-image size-large\"><img fetchpriority=\"high\" decoding=\"async\" width=\"1024\" height=\"682\" src=\"https:\/\/contextoanalisisperiodistico.com\/wp-content\/uploads\/2025\/03\/img-20250330-wa01067669490995481168102-1024x682.jpg\" alt=\"\" class=\"wp-image-39280\" srcset=\"https:\/\/contextoanalisisperiodistico.com\/wp-content\/uploads\/2025\/03\/img-20250330-wa01067669490995481168102-1024x682.jpg 1024w, https:\/\/contextoanalisisperiodistico.com\/wp-content\/uploads\/2025\/03\/img-20250330-wa01067669490995481168102-300x200.jpg 300w, https:\/\/contextoanalisisperiodistico.com\/wp-content\/uploads\/2025\/03\/img-20250330-wa01067669490995481168102-768x512.jpg 768w, https:\/\/contextoanalisisperiodistico.com\/wp-content\/uploads\/2025\/03\/img-20250330-wa01067669490995481168102.jpg 1280w\" sizes=\"(max-width: 1024px) 100vw, 1024px\" \/><\/figure>\n\n\n\n<figure class=\"wp-block-image\"><img decoding=\"async\" width=\"1024\" height=\"682\" src=\"https:\/\/contextoanalisisperiodistico.com\/wp-content\/uploads\/2025\/03\/img-20250330-wa01001388454233545782725-1024x682.jpg\" alt=\"\" class=\"wp-image-39281\" srcset=\"https:\/\/contextoanalisisperiodistico.com\/wp-content\/uploads\/2025\/03\/img-20250330-wa01001388454233545782725-1024x682.jpg 1024w, https:\/\/contextoanalisisperiodistico.com\/wp-content\/uploads\/2025\/03\/img-20250330-wa01001388454233545782725-300x200.jpg 300w, https:\/\/contextoanalisisperiodistico.com\/wp-content\/uploads\/2025\/03\/img-20250330-wa01001388454233545782725-768x512.jpg 768w, https:\/\/contextoanalisisperiodistico.com\/wp-content\/uploads\/2025\/03\/img-20250330-wa01001388454233545782725.jpg 1280w\" sizes=\"(max-width: 1024px) 100vw, 1024px\" \/><\/figure>\n\n\n\n<figure class=\"wp-block-image\"><img decoding=\"async\" width=\"1024\" height=\"682\" src=\"https:\/\/contextoanalisisperiodistico.com\/wp-content\/uploads\/2025\/03\/img-20250330-wa01018175900106647736629-1024x682.jpg\" alt=\"\" class=\"wp-image-39282\" srcset=\"https:\/\/contextoanalisisperiodistico.com\/wp-content\/uploads\/2025\/03\/img-20250330-wa01018175900106647736629-1024x682.jpg 1024w, https:\/\/contextoanalisisperiodistico.com\/wp-content\/uploads\/2025\/03\/img-20250330-wa01018175900106647736629-300x200.jpg 300w, https:\/\/contextoanalisisperiodistico.com\/wp-content\/uploads\/2025\/03\/img-20250330-wa01018175900106647736629-768x512.jpg 768w, https:\/\/contextoanalisisperiodistico.com\/wp-content\/uploads\/2025\/03\/img-20250330-wa01018175900106647736629.jpg 1280w\" sizes=\"(max-width: 1024px) 100vw, 1024px\" \/><\/figure>\n","protected":false},"excerpt":{"rendered":"<p>\u2022 En su visita a este municipio, el Gobernador Salom\u00f3n Jara Cruz tambi\u00e9n autoriz\u00f3 1.5&#8230;<\/p>\n","protected":false},"author":4,"featured_media":39279,"comment_status":"","ping_status":"open","sticky":false,"template":"","format":"standard","meta":{"footnotes":""},"categories":[9],"tags":[],"jetpack_sharing_enabled":true,"featured_image_urls":{"full":["https:\/\/contextoanalisisperiodistico.com\/wp-content\/uploads\/2025\/03\/IMG-20250330-WA0109.jpg",1600,1067,false],"thumbnail":["https:\/\/contextoanalisisperiodistico.com\/wp-content\/uploads\/2025\/03\/IMG-20250330-WA0109-150x150.jpg",150,150,true],"medium":["https:\/\/contextoanalisisperiodistico.com\/wp-content\/uploads\/2025\/03\/IMG-20250330-WA0109-300x200.jpg",300,200,true],"medium_large":["https:\/\/contextoanalisisperiodistico.com\/wp-content\/uploads\/2025\/03\/IMG-20250330-WA0109-768x512.jpg",640,427,true],"large":["https:\/\/contextoanalisisperiodistico.com\/wp-content\/uploads\/2025\/03\/IMG-20250330-WA0109-1024x683.jpg",640,427,true],"1536x1536":["https:\/\/contextoanalisisperiodistico.com\/wp-content\/uploads\/2025\/03\/IMG-20250330-WA0109-1536x1024.jpg",1536,1024,true],"2048x2048":["https:\/\/contextoanalisisperiodistico.com\/wp-content\/uploads\/2025\/03\/IMG-20250330-WA0109.jpg",1600,1067,false],"covernews-slider-full":["https:\/\/contextoanalisisperiodistico.com\/wp-content\/uploads\/2025\/03\/IMG-20250330-WA0109-1115x715.jpg",1115,715,true],"covernews-slider-center":["https:\/\/contextoanalisisperiodistico.com\/wp-content\/uploads\/2025\/03\/IMG-20250330-WA0109-800x500.jpg",800,500,true],"covernews-featured":["https:\/\/contextoanalisisperiodistico.com\/wp-content\/uploads\/2025\/03\/IMG-20250330-WA0109-1024x683.jpg",1024,683,true],"covernews-medium":["https:\/\/contextoanalisisperiodistico.com\/wp-content\/uploads\/2025\/03\/IMG-20250330-WA0109-540x340.jpg",540,340,true],"covernews-medium-square":["https:\/\/contextoanalisisperiodistico.com\/wp-content\/uploads\/2025\/03\/IMG-20250330-WA0109-400x250.jpg",400,250,true]},"author_info":{"display_name":"Mario Gir\u00f3n","author_link":"https:\/\/contextoanalisisperiodistico.com\/index.php\/author\/director\/"},"category_info":"<a href=\"https:\/\/contextoanalisisperiodistico.com\/index.php\/category\/politica\/\" rel=\"category tag\">Pol\u00edtica<\/a>","tag_info":"Pol\u00edtica","comment_count":"0","jetpack_featured_media_url":"https:\/\/contextoanalisisperiodistico.com\/wp-content\/uploads\/2025\/03\/IMG-20250330-WA0109.jpg","_links":{"self":[{"href":"https:\/\/contextoanalisisperiodistico.com\/index.php\/wp-json\/wp\/v2\/posts\/39283"}],"collection":[{"href":"https:\/\/contextoanalisisperiodistico.com\/index.php\/wp-json\/wp\/v2\/posts"}],"about":[{"href":"https:\/\/contextoanalisisperiodistico.com\/index.php\/wp-json\/wp\/v2\/types\/post"}],"author":[{"embeddable":true,"href":"https:\/\/contextoanalisisperiodistico.com\/index.php\/wp-json\/wp\/v2\/users\/4"}],"replies":[{"embeddable":true,"href":"https:\/\/contextoanalisisperiodistico.com\/index.php\/wp-json\/wp\/v2\/comments?post=39283"}],"version-history":[{"count":0,"href":"https:\/\/contextoanalisisperiodistico.com\/index.php\/wp-json\/wp\/v2\/posts\/39283\/revisions"}],"wp:featuredmedia":[{"embeddable":true,"href":"https:\/\/contextoanalisisperiodistico.com\/index.php\/wp-json\/wp\/v2\/media\/39279"}],"wp:attachment":[{"href":"https:\/\/contextoanalisisperiodistico.com\/index.php\/wp-json\/wp\/v2\/media?parent=39283"}],"wp:term":[{"taxonomy":"category","embeddable":true,"href":"https:\/\/contextoanalisisperiodistico.com\/index.php\/wp-json\/wp\/v2\/categories?post=39283"},{"taxonomy":"post_tag","embeddable":true,"href":"https:\/\/contextoanalisisperiodistico.com\/index.php\/wp-json\/wp\/v2\/tags?post=39283"}],"curies":[{"name":"wp","href":"https:\/\/api.w.org\/{rel}","templated":true}]}}