{"id":39277,"date":"2025-03-30T16:26:46","date_gmt":"2025-03-30T22:26:46","guid":{"rendered":"https:\/\/contextoanalisisperiodistico.com\/index.php\/2025\/03\/30\/aprueba-salomon-jara-construccion-carretera-para-conectar-a-cinco-municipios-de-zimatlan-a-ocotlan\/"},"modified":"2025-03-30T16:27:40","modified_gmt":"2025-03-30T22:27:40","slug":"aprueba-salomon-jara-construccion-carretera-para-conectar-a-cinco-municipios-de-zimatlan-a-ocotlan","status":"publish","type":"post","link":"https:\/\/contextoanalisisperiodistico.com\/index.php\/2025\/03\/30\/aprueba-salomon-jara-construccion-carretera-para-conectar-a-cinco-municipios-de-zimatlan-a-ocotlan\/","title":{"rendered":"Aprueba Salom\u00f3n Jara construcci\u00f3n carretera para conectar cinco municipios de Zimatl\u00e1n a Ocotl\u00e1n"},"content":{"rendered":"<div id=\"fb-root\"><\/div>\n\n<p>\u2022 El Gobernador del Estado est\u00e1 haciendo lo que nunca se hizo, con una inversi\u00f3n de m\u00e1s de 8 millones de pesos en el campo zimateco<\/p>\n\n\n\n<p>Zimatl\u00e1n de \u00c1lvarez, Oax. 30 de marzo de 2025.- En la segunda visita a este municipio, en lo que va de su mandato, el Gobernador Salom\u00f3n Jara Cruz trajo nuevos proyectos de inversi\u00f3n que van a mejorar la comunicaci\u00f3n de esta zona de la regi\u00f3n Valles Centrales.<\/p>\n\n\n\n<p>Reunido con decenas de mujeres y hombres, autoriz\u00f3 la construcci\u00f3n de la carretera que unir\u00e1 a Zimatl\u00e1n de \u00c1lvarez, San Pablo Huixtepec, Santa In\u00e9s Yatzeche y Santiago Ap\u00f3stol hasta llegar a Ocotl\u00e1n de Morelos.<\/p>\n\n\n\n<p>Este proyecto ser\u00e1 financiado con 15 millones de pesos en su primera etapa, que representa el 50 por ciento del costo total.<\/p>\n\n\n\n<p>\u201cSi no ayudamos a los pueblos en sus carencias, en sus problem\u00e1ticas, no va a venir nadie de fuera a resolver, tenemos que trabajar unidos gobierno municipal, pueblo y gobierno del estado\u201d, dijo Jara Cruz.<\/p>\n\n\n\n<p>Otros proyectos implementados en esta localidad como parte de la estrategia Trabajo que Transforma tu Municipio:<\/p>\n\n\n\n<p>\u2022 Con 8 millones 828 mil 768 pesos, se brinda apoyo a 276 personas productoras con el programa de Abasto Seguro de Ma\u00edz, con semillas mejoradas, que trabajan en 386 hect\u00e1reas. Adem\u00e1s, se financian proyectos con garant\u00edas l\u00edquidas; un agronegocio y a apicultores, ganaderos y a habitantes que se dedican a la producci\u00f3n de trucha.<\/p>\n\n\n\n<p>\u2022 El Instituto Estatal de Educaci\u00f3n P\u00fablica de Oaxaca (IEEPO) entregar\u00e1 equipamiento a 46 instituciones educativas, como: computadoras, impresoras, proyectores, mobiliario, y material de aseo, deportivo y de oficina; que representan una inversi\u00f3n de 2 millones 577 mil 208 pesos.<\/p>\n\n\n\n<p>\u2022 Adem\u00e1s, se aprob\u00f3 la construcci\u00f3n de un laboratorio, un aula biblioteca, y la entrega de material para la construcci\u00f3n a dos escuelas.<\/p>\n\n\n\n<p>\u2022 En la elaboraci\u00f3n de atlas de riesgo y del plan de ordenamiento territorial, el Gobierno de la Primavera Oaxaque\u00f1a destina 2 millones de pesos.<\/p>\n\n\n\n<p>\u2022 Los programas Desayuno de Letritas, Guisos de mi Pueblo, Itacate de mi Coraz\u00f3n y Latido Nutritivo beneficiaron a 958 familias, con un presupuesto de 2 millones 363 mil 985 pesos.<\/p>\n\n\n\n<p>\u2022 La Tarjeta Margarita Maza favoreci\u00f3 el a\u00f1o pasado a 67 jefas de familia con un monto total de 804 mil pesos y, para este 2025, se ampliar\u00e1 a 77 mujeres con 924 mil pesos.<\/p>\n\n\n\n<p>\u2022 A trav\u00e9s de la tarjeta La Cl\u00ednica es Nuestra se canalizaron 2 millones 800 mil pesos a seis unidades m\u00e9dicas ubicadas en la cabecera municipal y las agencias.<\/p>\n\n\n\n<p>\u2022 El Secretariado Ejecutivo del Sistema Estatal de Seguridad P\u00fablica (SESESP) ofreci\u00f3 reforzar el Centro de Control y Comando (C2) de este municipio con m\u00e1s c\u00e1maras de videovigilancia, en coordinaci\u00f3n con el Ayuntamiento. Aunado a ello, se dotar\u00e1 de uniformes a la polic\u00eda municipal. En suma, se aportar\u00e1n 557 mil 901 pesos para estas acciones.<\/p>\n\n\n\n<p>-0-<\/p>\n\n\n\n<figure class=\"wp-block-image size-large\"><img fetchpriority=\"high\" decoding=\"async\" width=\"1024\" height=\"682\" src=\"https:\/\/contextoanalisisperiodistico.com\/wp-content\/uploads\/2025\/03\/img-20250330-wa01032439630908678239491-1024x682.jpg\" alt=\"\" class=\"wp-image-39276\" srcset=\"https:\/\/contextoanalisisperiodistico.com\/wp-content\/uploads\/2025\/03\/img-20250330-wa01032439630908678239491-1024x682.jpg 1024w, https:\/\/contextoanalisisperiodistico.com\/wp-content\/uploads\/2025\/03\/img-20250330-wa01032439630908678239491-300x200.jpg 300w, https:\/\/contextoanalisisperiodistico.com\/wp-content\/uploads\/2025\/03\/img-20250330-wa01032439630908678239491-768x512.jpg 768w, https:\/\/contextoanalisisperiodistico.com\/wp-content\/uploads\/2025\/03\/img-20250330-wa01032439630908678239491.jpg 1280w\" sizes=\"(max-width: 1024px) 100vw, 1024px\" \/><\/figure>\n\n\n\n<figure class=\"wp-block-image\"><img decoding=\"async\" width=\"1024\" height=\"682\" src=\"https:\/\/contextoanalisisperiodistico.com\/wp-content\/uploads\/2025\/03\/img-20250330-wa0101617293167344920917-1024x682.jpg\" alt=\"\" class=\"wp-image-39275\" srcset=\"https:\/\/contextoanalisisperiodistico.com\/wp-content\/uploads\/2025\/03\/img-20250330-wa0101617293167344920917-1024x682.jpg 1024w, https:\/\/contextoanalisisperiodistico.com\/wp-content\/uploads\/2025\/03\/img-20250330-wa0101617293167344920917-300x200.jpg 300w, https:\/\/contextoanalisisperiodistico.com\/wp-content\/uploads\/2025\/03\/img-20250330-wa0101617293167344920917-768x512.jpg 768w, https:\/\/contextoanalisisperiodistico.com\/wp-content\/uploads\/2025\/03\/img-20250330-wa0101617293167344920917.jpg 1280w\" sizes=\"(max-width: 1024px) 100vw, 1024px\" \/><\/figure>\n","protected":false},"excerpt":{"rendered":"<p>\u2022 El Gobernador del Estado est\u00e1 haciendo lo que nunca se hizo, con una inversi\u00f3n&#8230;<\/p>\n","protected":false},"author":4,"featured_media":39274,"comment_status":"closed","ping_status":"open","sticky":false,"template":"","format":"standard","meta":{"footnotes":""},"categories":[9],"tags":[],"jetpack_sharing_enabled":true,"featured_image_urls":{"full":["https:\/\/contextoanalisisperiodistico.com\/wp-content\/uploads\/2025\/03\/IMG-20250330-WA0100.jpg",1280,853,false],"thumbnail":["https:\/\/contextoanalisisperiodistico.com\/wp-content\/uploads\/2025\/03\/IMG-20250330-WA0100-150x150.jpg",150,150,true],"medium":["https:\/\/contextoanalisisperiodistico.com\/wp-content\/uploads\/2025\/03\/IMG-20250330-WA0100-300x200.jpg",300,200,true],"medium_large":["https:\/\/contextoanalisisperiodistico.com\/wp-content\/uploads\/2025\/03\/IMG-20250330-WA0100-768x512.jpg",640,427,true],"large":["https:\/\/contextoanalisisperiodistico.com\/wp-content\/uploads\/2025\/03\/IMG-20250330-WA0100-1024x682.jpg",640,426,true],"1536x1536":["https:\/\/contextoanalisisperiodistico.com\/wp-content\/uploads\/2025\/03\/IMG-20250330-WA0100.jpg",1280,853,false],"2048x2048":["https:\/\/contextoanalisisperiodistico.com\/wp-content\/uploads\/2025\/03\/IMG-20250330-WA0100.jpg",1280,853,false],"covernews-slider-full":["https:\/\/contextoanalisisperiodistico.com\/wp-content\/uploads\/2025\/03\/IMG-20250330-WA0100-1115x715.jpg",1115,715,true],"covernews-slider-center":["https:\/\/contextoanalisisperiodistico.com\/wp-content\/uploads\/2025\/03\/IMG-20250330-WA0100-800x500.jpg",800,500,true],"covernews-featured":["https:\/\/contextoanalisisperiodistico.com\/wp-content\/uploads\/2025\/03\/IMG-20250330-WA0100-1024x682.jpg",1024,682,true],"covernews-medium":["https:\/\/contextoanalisisperiodistico.com\/wp-content\/uploads\/2025\/03\/IMG-20250330-WA0100-540x340.jpg",540,340,true],"covernews-medium-square":["https:\/\/contextoanalisisperiodistico.com\/wp-content\/uploads\/2025\/03\/IMG-20250330-WA0100-400x250.jpg",400,250,true]},"author_info":{"display_name":"Mario Gir\u00f3n","author_link":"https:\/\/contextoanalisisperiodistico.com\/index.php\/author\/director\/"},"category_info":"<a href=\"https:\/\/contextoanalisisperiodistico.com\/index.php\/category\/politica\/\" rel=\"category tag\">Pol\u00edtica<\/a>","tag_info":"Pol\u00edtica","comment_count":"0","jetpack_featured_media_url":"https:\/\/contextoanalisisperiodistico.com\/wp-content\/uploads\/2025\/03\/IMG-20250330-WA0100.jpg","_links":{"self":[{"href":"https:\/\/contextoanalisisperiodistico.com\/index.php\/wp-json\/wp\/v2\/posts\/39277"}],"collection":[{"href":"https:\/\/contextoanalisisperiodistico.com\/index.php\/wp-json\/wp\/v2\/posts"}],"about":[{"href":"https:\/\/contextoanalisisperiodistico.com\/index.php\/wp-json\/wp\/v2\/types\/post"}],"author":[{"embeddable":true,"href":"https:\/\/contextoanalisisperiodistico.com\/index.php\/wp-json\/wp\/v2\/users\/4"}],"replies":[{"embeddable":true,"href":"https:\/\/contextoanalisisperiodistico.com\/index.php\/wp-json\/wp\/v2\/comments?post=39277"}],"version-history":[{"count":1,"href":"https:\/\/contextoanalisisperiodistico.com\/index.php\/wp-json\/wp\/v2\/posts\/39277\/revisions"}],"predecessor-version":[{"id":39278,"href":"https:\/\/contextoanalisisperiodistico.com\/index.php\/wp-json\/wp\/v2\/posts\/39277\/revisions\/39278"}],"wp:featuredmedia":[{"embeddable":true,"href":"https:\/\/contextoanalisisperiodistico.com\/index.php\/wp-json\/wp\/v2\/media\/39274"}],"wp:attachment":[{"href":"https:\/\/contextoanalisisperiodistico.com\/index.php\/wp-json\/wp\/v2\/media?parent=39277"}],"wp:term":[{"taxonomy":"category","embeddable":true,"href":"https:\/\/contextoanalisisperiodistico.com\/index.php\/wp-json\/wp\/v2\/categories?post=39277"},{"taxonomy":"post_tag","embeddable":true,"href":"https:\/\/contextoanalisisperiodistico.com\/index.php\/wp-json\/wp\/v2\/tags?post=39277"}],"curies":[{"name":"wp","href":"https:\/\/api.w.org\/{rel}","templated":true}]}}