{"id":39269,"date":"2025-03-30T16:16:43","date_gmt":"2025-03-30T22:16:43","guid":{"rendered":"https:\/\/contextoanalisisperiodistico.com\/?p=39269"},"modified":"2025-03-30T16:16:47","modified_gmt":"2025-03-30T22:16:47","slug":"justicia-real-no-ficticia-podemos-aportar-indigenas-a-la-nacion-hugo-aguilar-ortiz","status":"publish","type":"post","link":"https:\/\/contextoanalisisperiodistico.com\/index.php\/2025\/03\/30\/justicia-real-no-ficticia-podemos-aportar-indigenas-a-la-nacion-hugo-aguilar-ortiz\/","title":{"rendered":"Justicia real, no ficticia, podemos aportar ind\u00edgenas a la Naci\u00f3n: Hugo Aguilar Ortiz"},"content":{"rendered":"<div id=\"fb-root\"><\/div>\n\n<p>Mario GIR\u00d3N<\/p>\n\n\n\n<p><br \/>Guelatao de Ju\u00e1rez. &#8211; El Mtro. Hugo Aguilar Ortiz, candidato n\u00famero 34 a ministro Ind\u00edgena, reconoci\u00f3 este medio d\u00eda: \u201chemos construidos planteamientos importantes que ameritan ser colocados en la Suprema Corte de Justicia de la Naci\u00f3n (SCJN). Los pueblos podemos aportarle a la Naci\u00f3n lo necesario para garantizar una impartici\u00f3n de justicia con resoluciones apegadas a la realidad y no, al imaginario, con el que suele resolverse hoy en d\u00eda.<br \/>Al iniciar campa\u00f1a en la tierra en donde naci\u00f3 el Benem\u00e9rito de las Am\u00e9ricas, Don Benito Ju\u00e1rez, con el objetivo de alcanzar la meta electoral, el Constitucionalista consider\u00f3 que los mexicanos estamos en manos de una SCJN dedicada a emitir resoluciones que solo est\u00e1n en su imaginario, lejanas de la realidad y que las produce desde el cuarto en donde resuelve.<br \/>Al reconocer a la Universidad Aut\u00f3noma Comunal de Oaxaca (UACO) por hacer suyo el planteamiento de contar con un ministro ind\u00edgena en el Poder Judicial, Aguilar Ortiz, destac\u00f3 la importancia de llegar a la corte:<br \/>\u201cNuestro sistema Jur\u00eddico est\u00e1 construido sobre bases de ficci\u00f3n, por lo que todo nuestro sistema Jur\u00eddico se justifica, asimismo; seguramente han escuchado del que juez busca la verdad legal o tambi\u00e9n, que el mundo del juez es el mundo del expediente. Es decir, en el mundo, es posible encontrar una verdad legal, aunque est\u00e9 divorciada de la verdad real\u201d.<br \/>\u201cUn juez puede dictar una resoluci\u00f3n y como es un mundo el expediente, con toda seguridad tomar\u00e1 en cuenta ese expediente, aunque la realidad indique otra cosa; no hay forma de que se acerque a la realidad\u201d, destac\u00f3.<br \/>Re refiri\u00f3 a un dato hist\u00f3rico constitucional:<br \/>\u201cDesde los pueblos ind\u00edgenas esta situaci\u00f3n era cotidiana. Nosotros los ind\u00edgenas no est\u00e1bamos en el contenido de ninguna ley. Menos de la Constituci\u00f3n. Entonces, como no \u00e9ramos contenido de ninguna ley, ni siquiera la palabra ind\u00edgena exist\u00eda en ella, mucho menos nuestra forma de organizaci\u00f3n, nuestra cultura e identidad, pues entonces el Juez no pod\u00eda hacer una justicia relacionada con los ind\u00edgenas, porque no est\u00e1bamos contemplados en la ley\u201d.<br \/>\u201cLa verdad del juez ignoraba totalmente la realidad ind\u00edgena. Nosotros, hace 30 a\u00f1os, comenzamos a plantear mecanismos distintos para acercar la realidad a los expedientes. Promovimos lo que hoy se conoce como peritajes antropol\u00f3gicos, peritajes hist\u00f3ricos, peritajes ling\u00fc\u00edsticos, visitas in situ, con documentos que los abogados acercaron la realidad al juez\u201d.<br \/>Uno de los principales objetivos de trabajo, en caso de alcanzar la representaci\u00f3n ind\u00edgena en el Poder Judicial es: la creaci\u00f3n de un sistema de justicia emitiendo resoluciones lo m\u00e1s apegado a la realidad:<br \/>\u201cConstruir un sistema de justicia pronta, expedita y que trascienda el formalismo de la ley, as\u00ed como emitir resoluciones que no se limiten a la verdad legal, sino que alcancen la verdad y la justicia real\u201d.<br \/>En su mensaje, advirti\u00f3: \u201ctenemos idea clara de lo que debemos hacer si llegamos al Poder Judicial\u201d.<br \/>Apunt\u00f3: \u201ccuando estudie, no hab\u00eda derechos humanos ni derechos ind\u00edgenas. Los derechos ind\u00edgenas los aprend\u00ed aqu\u00ed, en el campo, con ustedes, trabajando en las comunidades. Y eso, es lo que nos da la perspectiva para llegar a la corte\u201d, indic\u00f3.<\/p>\n\n\n\n<figure class=\"wp-block-video\"><\/figure>\n\n\n\n<figure class=\"wp-block-video\"><video controls src=\"https:\/\/contextoanalisisperiodistico.com\/wp-content\/uploads\/2025\/03\/InShot_20250330_150230771.mp4\"><\/video><\/figure>\n\n\n\n<figure class=\"wp-block-image size-large\"><img fetchpriority=\"high\" decoding=\"async\" width=\"1024\" height=\"663\" src=\"https:\/\/contextoanalisisperiodistico.com\/wp-content\/uploads\/2025\/03\/img-20250330-wa00791736861876776420717-1024x663.jpg\" alt=\"\" class=\"wp-image-39270\" srcset=\"https:\/\/contextoanalisisperiodistico.com\/wp-content\/uploads\/2025\/03\/img-20250330-wa00791736861876776420717-1024x663.jpg 1024w, https:\/\/contextoanalisisperiodistico.com\/wp-content\/uploads\/2025\/03\/img-20250330-wa00791736861876776420717-300x194.jpg 300w, https:\/\/contextoanalisisperiodistico.com\/wp-content\/uploads\/2025\/03\/img-20250330-wa00791736861876776420717-768x497.jpg 768w, https:\/\/contextoanalisisperiodistico.com\/wp-content\/uploads\/2025\/03\/img-20250330-wa00791736861876776420717.jpg 1276w\" sizes=\"(max-width: 1024px) 100vw, 1024px\" \/><\/figure>\n\n\n\n<figure class=\"wp-block-image\"><img decoding=\"async\" width=\"768\" height=\"1024\" src=\"https:\/\/contextoanalisisperiodistico.com\/wp-content\/uploads\/2025\/03\/img-20250330-wa00944408219290051579527-768x1024.jpg\" alt=\"\" class=\"wp-image-39271\" srcset=\"https:\/\/contextoanalisisperiodistico.com\/wp-content\/uploads\/2025\/03\/img-20250330-wa00944408219290051579527-768x1024.jpg 768w, https:\/\/contextoanalisisperiodistico.com\/wp-content\/uploads\/2025\/03\/img-20250330-wa00944408219290051579527-225x300.jpg 225w, https:\/\/contextoanalisisperiodistico.com\/wp-content\/uploads\/2025\/03\/img-20250330-wa00944408219290051579527.jpg 960w\" sizes=\"(max-width: 768px) 100vw, 768px\" \/><\/figure>\n\n\n\n<figure class=\"wp-block-image\"><img decoding=\"async\" width=\"1024\" height=\"768\" src=\"https:\/\/contextoanalisisperiodistico.com\/wp-content\/uploads\/2025\/03\/img-20250330-wa00816661398903076387615-1024x768.jpg\" alt=\"\" class=\"wp-image-39272\" srcset=\"https:\/\/contextoanalisisperiodistico.com\/wp-content\/uploads\/2025\/03\/img-20250330-wa00816661398903076387615-1024x768.jpg 1024w, https:\/\/contextoanalisisperiodistico.com\/wp-content\/uploads\/2025\/03\/img-20250330-wa00816661398903076387615-300x225.jpg 300w, https:\/\/contextoanalisisperiodistico.com\/wp-content\/uploads\/2025\/03\/img-20250330-wa00816661398903076387615-768x576.jpg 768w, https:\/\/contextoanalisisperiodistico.com\/wp-content\/uploads\/2025\/03\/img-20250330-wa00816661398903076387615.jpg 1280w\" sizes=\"(max-width: 1024px) 100vw, 1024px\" \/><\/figure>\n","protected":false},"excerpt":{"rendered":"<p>Mario GIR\u00d3N Guelatao de Ju\u00e1rez. &#8211; El Mtro. Hugo Aguilar Ortiz, candidato n\u00famero 34 a&#8230;<\/p>\n","protected":false},"author":4,"featured_media":39267,"comment_status":"closed","ping_status":"open","sticky":false,"template":"","format":"standard","meta":{"footnotes":""},"categories":[9],"tags":[],"jetpack_sharing_enabled":true,"featured_image_urls":{"full":["https:\/\/contextoanalisisperiodistico.com\/wp-content\/uploads\/2025\/03\/IMG-20250330-WA0094.jpg",960,1280,false],"thumbnail":["https:\/\/contextoanalisisperiodistico.com\/wp-content\/uploads\/2025\/03\/IMG-20250330-WA0094-150x150.jpg",150,150,true],"medium":["https:\/\/contextoanalisisperiodistico.com\/wp-content\/uploads\/2025\/03\/IMG-20250330-WA0094-225x300.jpg",225,300,true],"medium_large":["https:\/\/contextoanalisisperiodistico.com\/wp-content\/uploads\/2025\/03\/IMG-20250330-WA0094-768x1024.jpg",640,853,true],"large":["https:\/\/contextoanalisisperiodistico.com\/wp-content\/uploads\/2025\/03\/IMG-20250330-WA0094-768x1024.jpg",640,853,true],"1536x1536":["https:\/\/contextoanalisisperiodistico.com\/wp-content\/uploads\/2025\/03\/IMG-20250330-WA0094.jpg",960,1280,false],"2048x2048":["https:\/\/contextoanalisisperiodistico.com\/wp-content\/uploads\/2025\/03\/IMG-20250330-WA0094.jpg",960,1280,false],"covernews-slider-full":["https:\/\/contextoanalisisperiodistico.com\/wp-content\/uploads\/2025\/03\/IMG-20250330-WA0094-960x715.jpg",960,715,true],"covernews-slider-center":["https:\/\/contextoanalisisperiodistico.com\/wp-content\/uploads\/2025\/03\/IMG-20250330-WA0094-800x500.jpg",800,500,true],"covernews-featured":["https:\/\/contextoanalisisperiodistico.com\/wp-content\/uploads\/2025\/03\/IMG-20250330-WA0094.jpg",960,1280,false],"covernews-medium":["https:\/\/contextoanalisisperiodistico.com\/wp-content\/uploads\/2025\/03\/IMG-20250330-WA0094-540x340.jpg",540,340,true],"covernews-medium-square":["https:\/\/contextoanalisisperiodistico.com\/wp-content\/uploads\/2025\/03\/IMG-20250330-WA0094-400x250.jpg",400,250,true]},"author_info":{"display_name":"Mario Gir\u00f3n","author_link":"https:\/\/contextoanalisisperiodistico.com\/index.php\/author\/director\/"},"category_info":"<a href=\"https:\/\/contextoanalisisperiodistico.com\/index.php\/category\/politica\/\" rel=\"category tag\">Pol\u00edtica<\/a>","tag_info":"Pol\u00edtica","comment_count":"0","jetpack_featured_media_url":"https:\/\/contextoanalisisperiodistico.com\/wp-content\/uploads\/2025\/03\/IMG-20250330-WA0094.jpg","_links":{"self":[{"href":"https:\/\/contextoanalisisperiodistico.com\/index.php\/wp-json\/wp\/v2\/posts\/39269"}],"collection":[{"href":"https:\/\/contextoanalisisperiodistico.com\/index.php\/wp-json\/wp\/v2\/posts"}],"about":[{"href":"https:\/\/contextoanalisisperiodistico.com\/index.php\/wp-json\/wp\/v2\/types\/post"}],"author":[{"embeddable":true,"href":"https:\/\/contextoanalisisperiodistico.com\/index.php\/wp-json\/wp\/v2\/users\/4"}],"replies":[{"embeddable":true,"href":"https:\/\/contextoanalisisperiodistico.com\/index.php\/wp-json\/wp\/v2\/comments?post=39269"}],"version-history":[{"count":1,"href":"https:\/\/contextoanalisisperiodistico.com\/index.php\/wp-json\/wp\/v2\/posts\/39269\/revisions"}],"predecessor-version":[{"id":39273,"href":"https:\/\/contextoanalisisperiodistico.com\/index.php\/wp-json\/wp\/v2\/posts\/39269\/revisions\/39273"}],"wp:featuredmedia":[{"embeddable":true,"href":"https:\/\/contextoanalisisperiodistico.com\/index.php\/wp-json\/wp\/v2\/media\/39267"}],"wp:attachment":[{"href":"https:\/\/contextoanalisisperiodistico.com\/index.php\/wp-json\/wp\/v2\/media?parent=39269"}],"wp:term":[{"taxonomy":"category","embeddable":true,"href":"https:\/\/contextoanalisisperiodistico.com\/index.php\/wp-json\/wp\/v2\/categories?post=39269"},{"taxonomy":"post_tag","embeddable":true,"href":"https:\/\/contextoanalisisperiodistico.com\/index.php\/wp-json\/wp\/v2\/tags?post=39269"}],"curies":[{"name":"wp","href":"https:\/\/api.w.org\/{rel}","templated":true}]}}