{"id":39179,"date":"2025-03-29T12:02:26","date_gmt":"2025-03-29T18:02:26","guid":{"rendered":"https:\/\/contextoanalisisperiodistico.com\/index.php\/2025\/03\/29\/vecinas-y-vecinos-participan-en-tequio-en-la-colonia-monte-alban-de-san-martin-mexicapam\/"},"modified":"2025-03-29T12:50:45","modified_gmt":"2025-03-29T18:50:45","slug":"vecinas-y-vecinos-participan-en-tequio-en-la-colonia-monte-alban-de-san-martin-mexicapam","status":"publish","type":"post","link":"https:\/\/contextoanalisisperiodistico.com\/index.php\/2025\/03\/29\/vecinas-y-vecinos-participan-en-tequio-en-la-colonia-monte-alban-de-san-martin-mexicapam\/","title":{"rendered":"Vecinas y vecinos encabezan Tequio en la Colonia Monte Alb\u00e1n de San Mart\u00edn Mexicapam"},"content":{"rendered":"<div id=\"fb-root\"><\/div>\n\n<ul class=\"wp-block-list\">\n<li>El Presidente Municipal Ray Chagoya lidera acciones de limpieza, pintura y mejora de la infraestructura h\u00eddrica.<\/li>\n<\/ul>\n\n\n\n<figure class=\"wp-block-image size-large\"><img fetchpriority=\"high\" decoding=\"async\" width=\"1024\" height=\"798\" src=\"https:\/\/contextoanalisisperiodistico.com\/wp-content\/uploads\/2025\/03\/img-20250329-wa0051224403458436942981-1024x798.jpg\" alt=\"\" class=\"wp-image-39175\" srcset=\"https:\/\/contextoanalisisperiodistico.com\/wp-content\/uploads\/2025\/03\/img-20250329-wa0051224403458436942981-1024x798.jpg 1024w, https:\/\/contextoanalisisperiodistico.com\/wp-content\/uploads\/2025\/03\/img-20250329-wa0051224403458436942981-300x234.jpg 300w, https:\/\/contextoanalisisperiodistico.com\/wp-content\/uploads\/2025\/03\/img-20250329-wa0051224403458436942981-768x598.jpg 768w, https:\/\/contextoanalisisperiodistico.com\/wp-content\/uploads\/2025\/03\/img-20250329-wa0051224403458436942981-1536x1197.jpg 1536w, https:\/\/contextoanalisisperiodistico.com\/wp-content\/uploads\/2025\/03\/img-20250329-wa0051224403458436942981.jpg 1599w\" sizes=\"(max-width: 1024px) 100vw, 1024px\" \/><\/figure>\n\n\n\n<figure class=\"wp-block-image\"><img decoding=\"async\" width=\"1024\" height=\"683\" src=\"https:\/\/contextoanalisisperiodistico.com\/wp-content\/uploads\/2025\/03\/img-20250329-wa00553166309615832332948-1024x683.jpg\" alt=\"\" class=\"wp-image-39174\" srcset=\"https:\/\/contextoanalisisperiodistico.com\/wp-content\/uploads\/2025\/03\/img-20250329-wa00553166309615832332948-1024x683.jpg 1024w, https:\/\/contextoanalisisperiodistico.com\/wp-content\/uploads\/2025\/03\/img-20250329-wa00553166309615832332948-300x200.jpg 300w, https:\/\/contextoanalisisperiodistico.com\/wp-content\/uploads\/2025\/03\/img-20250329-wa00553166309615832332948-768x512.jpg 768w, https:\/\/contextoanalisisperiodistico.com\/wp-content\/uploads\/2025\/03\/img-20250329-wa00553166309615832332948-1536x1025.jpg 1536w, https:\/\/contextoanalisisperiodistico.com\/wp-content\/uploads\/2025\/03\/img-20250329-wa00553166309615832332948.jpg 2000w\" sizes=\"(max-width: 1024px) 100vw, 1024px\" \/><\/figure>\n\n\n\n<figure class=\"wp-block-image\"><img decoding=\"async\" width=\"1024\" height=\"683\" src=\"https:\/\/contextoanalisisperiodistico.com\/wp-content\/uploads\/2025\/03\/img-20250329-wa00534774495307670722731-1024x683.jpg\" alt=\"\" class=\"wp-image-39176\" srcset=\"https:\/\/contextoanalisisperiodistico.com\/wp-content\/uploads\/2025\/03\/img-20250329-wa00534774495307670722731-1024x683.jpg 1024w, https:\/\/contextoanalisisperiodistico.com\/wp-content\/uploads\/2025\/03\/img-20250329-wa00534774495307670722731-300x200.jpg 300w, https:\/\/contextoanalisisperiodistico.com\/wp-content\/uploads\/2025\/03\/img-20250329-wa00534774495307670722731-768x512.jpg 768w, https:\/\/contextoanalisisperiodistico.com\/wp-content\/uploads\/2025\/03\/img-20250329-wa00534774495307670722731-1536x1025.jpg 1536w, https:\/\/contextoanalisisperiodistico.com\/wp-content\/uploads\/2025\/03\/img-20250329-wa00534774495307670722731.jpg 2000w\" sizes=\"(max-width: 1024px) 100vw, 1024px\" \/><\/figure>\n\n\n\n<figure class=\"wp-block-image\"><img loading=\"lazy\" decoding=\"async\" width=\"1024\" height=\"768\" src=\"https:\/\/contextoanalisisperiodistico.com\/wp-content\/uploads\/2025\/03\/img-20250329-wa00527862931799945255147-1024x768.jpg\" alt=\"\" class=\"wp-image-39178\" srcset=\"https:\/\/contextoanalisisperiodistico.com\/wp-content\/uploads\/2025\/03\/img-20250329-wa00527862931799945255147-1024x768.jpg 1024w, https:\/\/contextoanalisisperiodistico.com\/wp-content\/uploads\/2025\/03\/img-20250329-wa00527862931799945255147-300x225.jpg 300w, https:\/\/contextoanalisisperiodistico.com\/wp-content\/uploads\/2025\/03\/img-20250329-wa00527862931799945255147-768x576.jpg 768w, https:\/\/contextoanalisisperiodistico.com\/wp-content\/uploads\/2025\/03\/img-20250329-wa00527862931799945255147-1536x1152.jpg 1536w, https:\/\/contextoanalisisperiodistico.com\/wp-content\/uploads\/2025\/03\/img-20250329-wa00527862931799945255147.jpg 2000w\" sizes=\"(max-width: 1024px) 100vw, 1024px\" \/><\/figure>\n\n\n\n<figure class=\"wp-block-image\"><img loading=\"lazy\" decoding=\"async\" width=\"1024\" height=\"683\" src=\"https:\/\/contextoanalisisperiodistico.com\/wp-content\/uploads\/2025\/03\/img-20250329-wa0054783254851291389620-1024x683.jpg\" alt=\"\" class=\"wp-image-39177\" srcset=\"https:\/\/contextoanalisisperiodistico.com\/wp-content\/uploads\/2025\/03\/img-20250329-wa0054783254851291389620-1024x683.jpg 1024w, https:\/\/contextoanalisisperiodistico.com\/wp-content\/uploads\/2025\/03\/img-20250329-wa0054783254851291389620-300x200.jpg 300w, https:\/\/contextoanalisisperiodistico.com\/wp-content\/uploads\/2025\/03\/img-20250329-wa0054783254851291389620-768x512.jpg 768w, https:\/\/contextoanalisisperiodistico.com\/wp-content\/uploads\/2025\/03\/img-20250329-wa0054783254851291389620-1536x1025.jpg 1536w, https:\/\/contextoanalisisperiodistico.com\/wp-content\/uploads\/2025\/03\/img-20250329-wa0054783254851291389620.jpg 2000w\" sizes=\"(max-width: 1024px) 100vw, 1024px\" \/><\/figure>\n\n\n\n<p>Oaxaca de Ju\u00e1rez, Oax. 29 de marzo de 2025.- El presidente municipal, Ray Chagoya, encabez\u00f3 este s\u00e1bado un tequio vecinal en la calle Zapotecas de la colonia Monte Alb\u00e1n, ubicada en San Mart\u00edn Mexicapam. Con la participaci\u00f3n activa de las vecinas y vecinos, se llevaron a cabo labores de limpieza, pintura y se\u00f1alizaci\u00f3n vial, con el objetivo de mejorar la calidad de vida en esta zona de la ciudad.<\/p>\n\n\n\n<p>El tequio, una de las tradiciones m\u00e1s arraigadas de Oaxaca, cont\u00f3 con el esfuerzo de los habitantes y autoridades municipales para dejar en \u00f3ptimas condiciones las calles, contribuyendo a un entorno m\u00e1s limpio y seguro para todos los residentes.<\/p>\n\n\n\n<p>Durante la jornada, tambi\u00e9n se realizaron trabajos de pintura en banquetas y se\u00f1alizaci\u00f3n de tr\u00e1fico para facilitar el tr\u00e1nsito vehicular y peatonal.<\/p>\n\n\n\n<p>Adem\u00e1s, el edil de la capital realiz\u00f3 un recorrido junto a los vecinos por algunos pozos de agua de la colonia con el prop\u00f3sito de evaluar y mejorar la infraestructura h\u00eddrica, una de las prioridades de la administraci\u00f3n municipal. Con estas acciones, se busca garantizar el acceso adecuado al agua potable para los habitantes de la zona.<\/p>\n\n\n\n<p>Con este tipo de iniciativas, el gobierno municipal reafirma su compromiso de trabajar de la mano con la ciudadan\u00eda para mejorar los servicios y la infraestructura de Oaxaca, promoviendo el bienestar y desarrollo de las colonias y agencias.<\/p>\n\n\n\n<p>En esta jornada particip\u00f3 personal de la Secretar\u00eda de Bienestar, Tequio e Inclusi\u00f3n del Gobierno del Estado de Oaxaca y de la Subsecretar\u00eda de Prevenci\u00f3n y Reinserci\u00f3n Social de la Secretar\u00eda de Seguridad y Protecci\u00f3n Ciudadana.<\/p>\n\n\n\n<figure class=\"wp-block-image size-large\"><img loading=\"lazy\" decoding=\"async\" width=\"1024\" height=\"683\" src=\"https:\/\/contextoanalisisperiodistico.com\/wp-content\/uploads\/2025\/03\/img-20250329-wa00608066051326750829806-1024x683.jpg\" alt=\"\" class=\"wp-image-39188\" srcset=\"https:\/\/contextoanalisisperiodistico.com\/wp-content\/uploads\/2025\/03\/img-20250329-wa00608066051326750829806-1024x683.jpg 1024w, https:\/\/contextoanalisisperiodistico.com\/wp-content\/uploads\/2025\/03\/img-20250329-wa00608066051326750829806-300x200.jpg 300w, https:\/\/contextoanalisisperiodistico.com\/wp-content\/uploads\/2025\/03\/img-20250329-wa00608066051326750829806-768x512.jpg 768w, https:\/\/contextoanalisisperiodistico.com\/wp-content\/uploads\/2025\/03\/img-20250329-wa00608066051326750829806-1536x1025.jpg 1536w, https:\/\/contextoanalisisperiodistico.com\/wp-content\/uploads\/2025\/03\/img-20250329-wa00608066051326750829806.jpg 2000w\" sizes=\"(max-width: 1024px) 100vw, 1024px\" \/><\/figure>\n","protected":false},"excerpt":{"rendered":"<p>Oaxaca de Ju\u00e1rez, Oax. 29 de marzo de 2025.- El presidente municipal, Ray Chagoya, encabez\u00f3&#8230;<\/p>\n","protected":false},"author":4,"featured_media":39173,"comment_status":"closed","ping_status":"open","sticky":false,"template":"","format":"standard","meta":{"footnotes":""},"categories":[9],"tags":[178,235,234,45],"jetpack_sharing_enabled":true,"featured_image_urls":{"full":["https:\/\/contextoanalisisperiodistico.com\/wp-content\/uploads\/2025\/03\/IMG-20250329-WA0050-scaled.jpg",2560,1706,false],"thumbnail":["https:\/\/contextoanalisisperiodistico.com\/wp-content\/uploads\/2025\/03\/IMG-20250329-WA0050-150x150.jpg",150,150,true],"medium":["https:\/\/contextoanalisisperiodistico.com\/wp-content\/uploads\/2025\/03\/IMG-20250329-WA0050-300x200.jpg",300,200,true],"medium_large":["https:\/\/contextoanalisisperiodistico.com\/wp-content\/uploads\/2025\/03\/IMG-20250329-WA0050-768x512.jpg",640,427,true],"large":["https:\/\/contextoanalisisperiodistico.com\/wp-content\/uploads\/2025\/03\/IMG-20250329-WA0050-1024x683.jpg",640,427,true],"1536x1536":["https:\/\/contextoanalisisperiodistico.com\/wp-content\/uploads\/2025\/03\/IMG-20250329-WA0050-1536x1024.jpg",1536,1024,true],"2048x2048":["https:\/\/contextoanalisisperiodistico.com\/wp-content\/uploads\/2025\/03\/IMG-20250329-WA0050-2048x1365.jpg",2048,1365,true],"covernews-slider-full":["https:\/\/contextoanalisisperiodistico.com\/wp-content\/uploads\/2025\/03\/IMG-20250329-WA0050-scaled.jpg",1073,715,false],"covernews-slider-center":["https:\/\/contextoanalisisperiodistico.com\/wp-content\/uploads\/2025\/03\/IMG-20250329-WA0050-scaled.jpg",750,500,false],"covernews-featured":["https:\/\/contextoanalisisperiodistico.com\/wp-content\/uploads\/2025\/03\/IMG-20250329-WA0050-scaled.jpg",1024,682,false],"covernews-medium":["https:\/\/contextoanalisisperiodistico.com\/wp-content\/uploads\/2025\/03\/IMG-20250329-WA0050-scaled.jpg",510,340,false],"covernews-medium-square":["https:\/\/contextoanalisisperiodistico.com\/wp-content\/uploads\/2025\/03\/IMG-20250329-WA0050-scaled.jpg",375,250,false]},"author_info":{"display_name":"Mario Gir\u00f3n","author_link":"https:\/\/contextoanalisisperiodistico.com\/index.php\/author\/director\/"},"category_info":"<a href=\"https:\/\/contextoanalisisperiodistico.com\/index.php\/category\/politica\/\" rel=\"category tag\">Pol\u00edtica<\/a>","tag_info":"Pol\u00edtica","comment_count":"0","jetpack_featured_media_url":"https:\/\/contextoanalisisperiodistico.com\/wp-content\/uploads\/2025\/03\/IMG-20250329-WA0050-scaled.jpg","_links":{"self":[{"href":"https:\/\/contextoanalisisperiodistico.com\/index.php\/wp-json\/wp\/v2\/posts\/39179"}],"collection":[{"href":"https:\/\/contextoanalisisperiodistico.com\/index.php\/wp-json\/wp\/v2\/posts"}],"about":[{"href":"https:\/\/contextoanalisisperiodistico.com\/index.php\/wp-json\/wp\/v2\/types\/post"}],"author":[{"embeddable":true,"href":"https:\/\/contextoanalisisperiodistico.com\/index.php\/wp-json\/wp\/v2\/users\/4"}],"replies":[{"embeddable":true,"href":"https:\/\/contextoanalisisperiodistico.com\/index.php\/wp-json\/wp\/v2\/comments?post=39179"}],"version-history":[{"count":2,"href":"https:\/\/contextoanalisisperiodistico.com\/index.php\/wp-json\/wp\/v2\/posts\/39179\/revisions"}],"predecessor-version":[{"id":39189,"href":"https:\/\/contextoanalisisperiodistico.com\/index.php\/wp-json\/wp\/v2\/posts\/39179\/revisions\/39189"}],"wp:featuredmedia":[{"embeddable":true,"href":"https:\/\/contextoanalisisperiodistico.com\/index.php\/wp-json\/wp\/v2\/media\/39173"}],"wp:attachment":[{"href":"https:\/\/contextoanalisisperiodistico.com\/index.php\/wp-json\/wp\/v2\/media?parent=39179"}],"wp:term":[{"taxonomy":"category","embeddable":true,"href":"https:\/\/contextoanalisisperiodistico.com\/index.php\/wp-json\/wp\/v2\/categories?post=39179"},{"taxonomy":"post_tag","embeddable":true,"href":"https:\/\/contextoanalisisperiodistico.com\/index.php\/wp-json\/wp\/v2\/tags?post=39179"}],"curies":[{"name":"wp","href":"https:\/\/api.w.org\/{rel}","templated":true}]}}