{"id":39171,"date":"2025-03-29T10:48:28","date_gmt":"2025-03-29T16:48:28","guid":{"rendered":"https:\/\/contextoanalisisperiodistico.com\/index.php\/2025\/03\/29\/arriba-a-salina-cruz-mercancia-que-hara-elprimer-cruce-interoceanico-a-traves-del-ciit\/"},"modified":"2025-03-29T10:49:38","modified_gmt":"2025-03-29T16:49:38","slug":"arriba-a-salina-cruz-mercancia-que-hara-elprimer-cruce-interoceanico-a-traves-del-ciit","status":"publish","type":"post","link":"https:\/\/contextoanalisisperiodistico.com\/index.php\/2025\/03\/29\/arriba-a-salina-cruz-mercancia-que-hara-elprimer-cruce-interoceanico-a-traves-del-ciit\/","title":{"rendered":"Arriba a Salina Cruz mercanc\u00eda que har\u00e1 elprimer cruce interoce\u00e1nico a trav\u00e9s del CIIT"},"content":{"rendered":"<div id=\"fb-root\"><\/div>\n\n<p>\u2022 Procedente de Corea del Sur, el buque Glovis lleg\u00f3 al puerto oaxaque\u00f1o, con 600 veh\u00edculos que atravesar\u00e1n en tren el Istmo de Tehuantepec hasta Coatzacoalcos, con rumbo a Estados Unidos<\/p>\n\n\n\n<figure class=\"wp-block-image size-large\"><img fetchpriority=\"high\" decoding=\"async\" width=\"768\" height=\"1024\" src=\"https:\/\/contextoanalisisperiodistico.com\/wp-content\/uploads\/2025\/03\/img-20250329-wa00298059459066762542471-768x1024.jpg\" alt=\"\" class=\"wp-image-39169\" srcset=\"https:\/\/contextoanalisisperiodistico.com\/wp-content\/uploads\/2025\/03\/img-20250329-wa00298059459066762542471-768x1024.jpg 768w, https:\/\/contextoanalisisperiodistico.com\/wp-content\/uploads\/2025\/03\/img-20250329-wa00298059459066762542471-225x300.jpg 225w, https:\/\/contextoanalisisperiodistico.com\/wp-content\/uploads\/2025\/03\/img-20250329-wa00298059459066762542471.jpg 960w\" sizes=\"(max-width: 768px) 100vw, 768px\" \/><\/figure>\n\n\n\n<figure class=\"wp-block-image\"><img decoding=\"async\" width=\"1024\" height=\"768\" src=\"https:\/\/contextoanalisisperiodistico.com\/wp-content\/uploads\/2025\/03\/img-20250329-wa00286055160417165718109-1024x768.jpg\" alt=\"\" class=\"wp-image-39170\" srcset=\"https:\/\/contextoanalisisperiodistico.com\/wp-content\/uploads\/2025\/03\/img-20250329-wa00286055160417165718109-1024x768.jpg 1024w, https:\/\/contextoanalisisperiodistico.com\/wp-content\/uploads\/2025\/03\/img-20250329-wa00286055160417165718109-300x225.jpg 300w, https:\/\/contextoanalisisperiodistico.com\/wp-content\/uploads\/2025\/03\/img-20250329-wa00286055160417165718109-768x576.jpg 768w, https:\/\/contextoanalisisperiodistico.com\/wp-content\/uploads\/2025\/03\/img-20250329-wa00286055160417165718109.jpg 1280w\" sizes=\"(max-width: 1024px) 100vw, 1024px\" \/><\/figure>\n\n\n\n<p>Salina Cruz, Oax. 29 de marzo de 2025. Oaxaca vive un momento hist\u00f3rico con el arribo al Puerto de Salina Cruz, de un cargamento de 600 veh\u00edculos que har\u00e1 el primer cruce del Oc\u00e9ano Pac\u00edfico al Golfo de M\u00e9xico, a trav\u00e9s del Corredor Interoce\u00e1nico del Istmo de Tehuantepec (CIIT).<br \/>El director en Oaxaca de esta instalaci\u00f3n, Jos\u00e9 Antonio Estefan Garfias inform\u00f3 que lleg\u00f3 el buque carguero \u201cGlovis\u201d, procedente de Corea del Sur, con la mercanc\u00eda que tiene como destino la Costa Este de Estados Unidos.<br \/>\u201cEste, es un momento hist\u00f3rico para el Istmo de Tehuantepec, ya que este acto sienta las bases para el mega proyecto del CIIT de los pr\u00f3ximos a\u00f1os, para detonar la econom\u00eda en Oaxaca y M\u00e9xico como eje del comercio exterior en el mundo\u201d, se\u00f1al\u00f3.<br \/>Este evento, que cont\u00f3 con la presencia del Director General del CIIT, el Vicealmirante Juan Carlos Vera Minjares; marca un hito en la operaci\u00f3n del Muelle de Usos M\u00faltiples de la Administraci\u00f3n del Sistema Portuario Nacional (ASIPONA) de Salina Cruz, al ser la primera embarcaci\u00f3n de su tipo en utilizar esta infraestructura clave del Corredor Interoce\u00e1nico.<br \/>Los veh\u00edculos ser\u00e1n transportados en el tren de carga Birmax, a trav\u00e9s de la l\u00ednea ferroviaria \u201cZ\u201d del puerto de Salina Cruz, con destino al puerto de Coatzacoalcos, Veracruz; para posteriormente continuar su ruta hacia la Uni\u00f3n Americana.<br \/>De acuerdo con autoridades portuarias, las maniobras de descarga de los autom\u00f3viles toman tres d\u00edas, antes de iniciar su viaje por tierra.<br \/>La administraci\u00f3n del Gobernador Salom\u00f3n Jara Cruz contin\u00faa trabajando para consolidar al Istmo de Tehuantepec como una plataforma log\u00edstica estrat\u00e9gica para el comercio mundial.<br \/>Con el fortalecimiento de la infraestructura ferroviaria y portuaria, se espera la llegada de nuevas inversiones para la instalaci\u00f3n y operaci\u00f3n de los Polos de Desarrollo para el Bienestar (PODEBI).<\/p>\n\n\n\n<p>-0-<\/p>\n","protected":false},"excerpt":{"rendered":"<p>\u2022 Procedente de Corea del Sur, el buque Glovis lleg\u00f3 al puerto oaxaque\u00f1o, con 600&#8230;<\/p>\n","protected":false},"author":4,"featured_media":39168,"comment_status":"closed","ping_status":"open","sticky":false,"template":"","format":"standard","meta":{"footnotes":""},"categories":[9],"tags":[],"jetpack_sharing_enabled":true,"featured_image_urls":{"full":["https:\/\/contextoanalisisperiodistico.com\/wp-content\/uploads\/2025\/03\/IMG-20250329-WA0027.jpg",1280,960,false],"thumbnail":["https:\/\/contextoanalisisperiodistico.com\/wp-content\/uploads\/2025\/03\/IMG-20250329-WA0027-150x150.jpg",150,150,true],"medium":["https:\/\/contextoanalisisperiodistico.com\/wp-content\/uploads\/2025\/03\/IMG-20250329-WA0027-300x225.jpg",300,225,true],"medium_large":["https:\/\/contextoanalisisperiodistico.com\/wp-content\/uploads\/2025\/03\/IMG-20250329-WA0027-768x576.jpg",640,480,true],"large":["https:\/\/contextoanalisisperiodistico.com\/wp-content\/uploads\/2025\/03\/IMG-20250329-WA0027-1024x768.jpg",640,480,true],"1536x1536":["https:\/\/contextoanalisisperiodistico.com\/wp-content\/uploads\/2025\/03\/IMG-20250329-WA0027.jpg",1280,960,false],"2048x2048":["https:\/\/contextoanalisisperiodistico.com\/wp-content\/uploads\/2025\/03\/IMG-20250329-WA0027.jpg",1280,960,false],"covernews-slider-full":["https:\/\/contextoanalisisperiodistico.com\/wp-content\/uploads\/2025\/03\/IMG-20250329-WA0027-1115x715.jpg",1115,715,true],"covernews-slider-center":["https:\/\/contextoanalisisperiodistico.com\/wp-content\/uploads\/2025\/03\/IMG-20250329-WA0027-800x500.jpg",800,500,true],"covernews-featured":["https:\/\/contextoanalisisperiodistico.com\/wp-content\/uploads\/2025\/03\/IMG-20250329-WA0027-1024x768.jpg",1024,768,true],"covernews-medium":["https:\/\/contextoanalisisperiodistico.com\/wp-content\/uploads\/2025\/03\/IMG-20250329-WA0027-540x340.jpg",540,340,true],"covernews-medium-square":["https:\/\/contextoanalisisperiodistico.com\/wp-content\/uploads\/2025\/03\/IMG-20250329-WA0027-400x250.jpg",400,250,true]},"author_info":{"display_name":"Mario Gir\u00f3n","author_link":"https:\/\/contextoanalisisperiodistico.com\/index.php\/author\/director\/"},"category_info":"<a href=\"https:\/\/contextoanalisisperiodistico.com\/index.php\/category\/politica\/\" rel=\"category tag\">Pol\u00edtica<\/a>","tag_info":"Pol\u00edtica","comment_count":"0","jetpack_featured_media_url":"https:\/\/contextoanalisisperiodistico.com\/wp-content\/uploads\/2025\/03\/IMG-20250329-WA0027.jpg","_links":{"self":[{"href":"https:\/\/contextoanalisisperiodistico.com\/index.php\/wp-json\/wp\/v2\/posts\/39171"}],"collection":[{"href":"https:\/\/contextoanalisisperiodistico.com\/index.php\/wp-json\/wp\/v2\/posts"}],"about":[{"href":"https:\/\/contextoanalisisperiodistico.com\/index.php\/wp-json\/wp\/v2\/types\/post"}],"author":[{"embeddable":true,"href":"https:\/\/contextoanalisisperiodistico.com\/index.php\/wp-json\/wp\/v2\/users\/4"}],"replies":[{"embeddable":true,"href":"https:\/\/contextoanalisisperiodistico.com\/index.php\/wp-json\/wp\/v2\/comments?post=39171"}],"version-history":[{"count":1,"href":"https:\/\/contextoanalisisperiodistico.com\/index.php\/wp-json\/wp\/v2\/posts\/39171\/revisions"}],"predecessor-version":[{"id":39172,"href":"https:\/\/contextoanalisisperiodistico.com\/index.php\/wp-json\/wp\/v2\/posts\/39171\/revisions\/39172"}],"wp:featuredmedia":[{"embeddable":true,"href":"https:\/\/contextoanalisisperiodistico.com\/index.php\/wp-json\/wp\/v2\/media\/39168"}],"wp:attachment":[{"href":"https:\/\/contextoanalisisperiodistico.com\/index.php\/wp-json\/wp\/v2\/media?parent=39171"}],"wp:term":[{"taxonomy":"category","embeddable":true,"href":"https:\/\/contextoanalisisperiodistico.com\/index.php\/wp-json\/wp\/v2\/categories?post=39171"},{"taxonomy":"post_tag","embeddable":true,"href":"https:\/\/contextoanalisisperiodistico.com\/index.php\/wp-json\/wp\/v2\/tags?post=39171"}],"curies":[{"name":"wp","href":"https:\/\/api.w.org\/{rel}","templated":true}]}}