{"id":39161,"date":"2025-03-28T21:34:23","date_gmt":"2025-03-29T03:34:23","guid":{"rendered":"https:\/\/contextoanalisisperiodistico.com\/index.php\/2025\/03\/28\/sin-retencion-de-autobuses-ni-pasajeros-en-protesta-de-barranca-larga-sego\/"},"modified":"2025-03-28T21:34:23","modified_gmt":"2025-03-29T03:34:23","slug":"sin-retencion-de-autobuses-ni-pasajeros-en-protesta-de-barranca-larga-sego","status":"publish","type":"post","link":"https:\/\/contextoanalisisperiodistico.com\/index.php\/2025\/03\/28\/sin-retencion-de-autobuses-ni-pasajeros-en-protesta-de-barranca-larga-sego\/","title":{"rendered":"Sin retenci\u00f3n de autobuses ni pasajeros en protesta de Barranca Larga: Sego"},"content":{"rendered":"<div id=\"fb-root\"><\/div>\n\n<p>\u2022 El grupo inconforme permite el libre tr\u00e1nsito de veh\u00edculos particulares y otras l\u00edneas transportistas, sin cobro de peaje<\/p>\n\n\n\n<p>Oaxaca de Ju\u00e1rez, Oax. 28 de marzo de 2025.- La Secretar\u00eda de Gobierno de Oaxaca (Sego) informa que se mantiene el libre tr\u00e1nsito de veh\u00edculos particulares y de l\u00edneas transportistas en la protesta que realiza un grupo de aproximadamente 100 transportistas procedentes de los Coatlanes, en la autopista Barranca Larga-Ventanilla, a la altura de la caseta de cobro n\u00famero 225.<\/p>\n\n\n\n<p>Desde la ma\u00f1ana de este viernes, el grupo inconforme llev\u00f3 a cabo una manifestaci\u00f3n, derivada de un presunto incumplimiento de acuerdos previos con la empresa ADO, y por lo cual se ha permitido el tr\u00e1nsito sin el cobro del respectivo peaje.<\/p>\n\n\n\n<p>A lo largo de la protesta, los autobuses de la empresa ADO han optado por detenerse en un paradero cercano en la agencia de Barranca Larga y evitan acercarse a los manifestantes, en tanto, las personas pasajeras de estas unidades han continuado su trayecto a sus destinos mediante otros medios de transporte.<\/p>\n\n\n\n<p>Inicialmente, se estableci\u00f3 una mesa de di\u00e1logo entre los transportistas de los Coatlanes y representantes de Caminos y Puentes Federales de Ingresos y Servicios Conexos (Capufe), sin embargo, esta fue suspendida y las partes se mantienen a la espera de su reanudaci\u00f3n.<\/p>\n\n\n\n<p>Al momento, la caseta contin\u00faa bajo el control de los manifestantes, en consecuencia, los autobuses de ADO han emprendido su regreso a la Ciudad de Oaxaca, y otras unidades permanecen en espera de instrucciones por parte de la empresa, sin que exista retenci\u00f3n de las unidades, ni de personas pasajeras.<\/p>\n\n\n\n<p>El Gobierno del Estado reitera su compromiso con el di\u00e1logo y la construcci\u00f3n de acuerdos en beneficio de todas las partes involucradas, priorizando siempre la paz y bienestar de la comunidad.<\/p>\n\n\n\n<p>-0-<\/p>\n","protected":false},"excerpt":{"rendered":"<p>\u2022 El grupo inconforme permite el libre tr\u00e1nsito de veh\u00edculos particulares y otras l\u00edneas transportistas,&#8230;<\/p>\n","protected":false},"author":4,"featured_media":39160,"comment_status":"","ping_status":"open","sticky":false,"template":"","format":"standard","meta":{"footnotes":""},"categories":[9],"tags":[],"jetpack_sharing_enabled":true,"featured_image_urls":{"full":["https:\/\/contextoanalisisperiodistico.com\/wp-content\/uploads\/2025\/03\/IMG-20250328-WA0158.jpg",960,960,false],"thumbnail":["https:\/\/contextoanalisisperiodistico.com\/wp-content\/uploads\/2025\/03\/IMG-20250328-WA0158-150x150.jpg",150,150,true],"medium":["https:\/\/contextoanalisisperiodistico.com\/wp-content\/uploads\/2025\/03\/IMG-20250328-WA0158-300x300.jpg",300,300,true],"medium_large":["https:\/\/contextoanalisisperiodistico.com\/wp-content\/uploads\/2025\/03\/IMG-20250328-WA0158-768x768.jpg",640,640,true],"large":["https:\/\/contextoanalisisperiodistico.com\/wp-content\/uploads\/2025\/03\/IMG-20250328-WA0158.jpg",640,640,false],"1536x1536":["https:\/\/contextoanalisisperiodistico.com\/wp-content\/uploads\/2025\/03\/IMG-20250328-WA0158.jpg",960,960,false],"2048x2048":["https:\/\/contextoanalisisperiodistico.com\/wp-content\/uploads\/2025\/03\/IMG-20250328-WA0158.jpg",960,960,false],"covernews-slider-full":["https:\/\/contextoanalisisperiodistico.com\/wp-content\/uploads\/2025\/03\/IMG-20250328-WA0158-960x715.jpg",960,715,true],"covernews-slider-center":["https:\/\/contextoanalisisperiodistico.com\/wp-content\/uploads\/2025\/03\/IMG-20250328-WA0158-800x500.jpg",800,500,true],"covernews-featured":["https:\/\/contextoanalisisperiodistico.com\/wp-content\/uploads\/2025\/03\/IMG-20250328-WA0158.jpg",960,960,false],"covernews-medium":["https:\/\/contextoanalisisperiodistico.com\/wp-content\/uploads\/2025\/03\/IMG-20250328-WA0158-540x340.jpg",540,340,true],"covernews-medium-square":["https:\/\/contextoanalisisperiodistico.com\/wp-content\/uploads\/2025\/03\/IMG-20250328-WA0158-400x250.jpg",400,250,true]},"author_info":{"display_name":"Mario Gir\u00f3n","author_link":"https:\/\/contextoanalisisperiodistico.com\/index.php\/author\/director\/"},"category_info":"<a href=\"https:\/\/contextoanalisisperiodistico.com\/index.php\/category\/politica\/\" rel=\"category tag\">Pol\u00edtica<\/a>","tag_info":"Pol\u00edtica","comment_count":"0","jetpack_featured_media_url":"https:\/\/contextoanalisisperiodistico.com\/wp-content\/uploads\/2025\/03\/IMG-20250328-WA0158.jpg","_links":{"self":[{"href":"https:\/\/contextoanalisisperiodistico.com\/index.php\/wp-json\/wp\/v2\/posts\/39161"}],"collection":[{"href":"https:\/\/contextoanalisisperiodistico.com\/index.php\/wp-json\/wp\/v2\/posts"}],"about":[{"href":"https:\/\/contextoanalisisperiodistico.com\/index.php\/wp-json\/wp\/v2\/types\/post"}],"author":[{"embeddable":true,"href":"https:\/\/contextoanalisisperiodistico.com\/index.php\/wp-json\/wp\/v2\/users\/4"}],"replies":[{"embeddable":true,"href":"https:\/\/contextoanalisisperiodistico.com\/index.php\/wp-json\/wp\/v2\/comments?post=39161"}],"version-history":[{"count":0,"href":"https:\/\/contextoanalisisperiodistico.com\/index.php\/wp-json\/wp\/v2\/posts\/39161\/revisions"}],"wp:featuredmedia":[{"embeddable":true,"href":"https:\/\/contextoanalisisperiodistico.com\/index.php\/wp-json\/wp\/v2\/media\/39160"}],"wp:attachment":[{"href":"https:\/\/contextoanalisisperiodistico.com\/index.php\/wp-json\/wp\/v2\/media?parent=39161"}],"wp:term":[{"taxonomy":"category","embeddable":true,"href":"https:\/\/contextoanalisisperiodistico.com\/index.php\/wp-json\/wp\/v2\/categories?post=39161"},{"taxonomy":"post_tag","embeddable":true,"href":"https:\/\/contextoanalisisperiodistico.com\/index.php\/wp-json\/wp\/v2\/tags?post=39161"}],"curies":[{"name":"wp","href":"https:\/\/api.w.org\/{rel}","templated":true}]}}