{"id":39148,"date":"2025-03-28T16:04:14","date_gmt":"2025-03-28T22:04:14","guid":{"rendered":"https:\/\/contextoanalisisperiodistico.com\/index.php\/2025\/03\/28\/instalan-18-comites-en-hospital-general-doctor-aurelio-valdivieso-de-imss-bienestar\/"},"modified":"2025-03-28T16:04:14","modified_gmt":"2025-03-28T22:04:14","slug":"instalan-18-comites-en-hospital-general-doctor-aurelio-valdivieso-de-imss-bienestar","status":"publish","type":"post","link":"https:\/\/contextoanalisisperiodistico.com\/index.php\/2025\/03\/28\/instalan-18-comites-en-hospital-general-doctor-aurelio-valdivieso-de-imss-bienestar\/","title":{"rendered":"Instalan 18 Comit\u00e9s en Hospital General Doctor Aurelio Valdivieso de IMSS-Bienestar"},"content":{"rendered":"<div id=\"fb-root\"><\/div>\n\n<p>\u2022 Se busca optimizar los servicios que se ofrecen a la poblaci\u00f3n oaxaque\u00f1a, focalizando esfuerzos en la vigilancia y el cuidado de la salud de los sectores m\u00e1s vulnerables<\/p>\n\n\n\n<figure class=\"wp-block-image size-large\"><img fetchpriority=\"high\" decoding=\"async\" width=\"1024\" height=\"682\" src=\"https:\/\/contextoanalisisperiodistico.com\/wp-content\/uploads\/2025\/03\/img-20250328-wa00855741748035497423819-1024x682.jpg\" alt=\"\" class=\"wp-image-39146\" srcset=\"https:\/\/contextoanalisisperiodistico.com\/wp-content\/uploads\/2025\/03\/img-20250328-wa00855741748035497423819-1024x682.jpg 1024w, https:\/\/contextoanalisisperiodistico.com\/wp-content\/uploads\/2025\/03\/img-20250328-wa00855741748035497423819-300x200.jpg 300w, https:\/\/contextoanalisisperiodistico.com\/wp-content\/uploads\/2025\/03\/img-20250328-wa00855741748035497423819-768x511.jpg 768w, https:\/\/contextoanalisisperiodistico.com\/wp-content\/uploads\/2025\/03\/img-20250328-wa00855741748035497423819-1536x1022.jpg 1536w, https:\/\/contextoanalisisperiodistico.com\/wp-content\/uploads\/2025\/03\/img-20250328-wa00855741748035497423819.jpg 1600w\" sizes=\"(max-width: 1024px) 100vw, 1024px\" \/><\/figure>\n\n\n\n<figure class=\"wp-block-image\"><img decoding=\"async\" width=\"1024\" height=\"682\" src=\"https:\/\/contextoanalisisperiodistico.com\/wp-content\/uploads\/2025\/03\/img-20250328-wa00844000919382665163340-1024x682.jpg\" alt=\"\" class=\"wp-image-39147\" srcset=\"https:\/\/contextoanalisisperiodistico.com\/wp-content\/uploads\/2025\/03\/img-20250328-wa00844000919382665163340-1024x682.jpg 1024w, https:\/\/contextoanalisisperiodistico.com\/wp-content\/uploads\/2025\/03\/img-20250328-wa00844000919382665163340-300x200.jpg 300w, https:\/\/contextoanalisisperiodistico.com\/wp-content\/uploads\/2025\/03\/img-20250328-wa00844000919382665163340-768x511.jpg 768w, https:\/\/contextoanalisisperiodistico.com\/wp-content\/uploads\/2025\/03\/img-20250328-wa00844000919382665163340-1536x1022.jpg 1536w, https:\/\/contextoanalisisperiodistico.com\/wp-content\/uploads\/2025\/03\/img-20250328-wa00844000919382665163340.jpg 1600w\" sizes=\"(max-width: 1024px) 100vw, 1024px\" \/><\/figure>\n\n\n\n<p>Oaxaca de Ju\u00e1rez, Oax., 28 de marzo de 2025.- En una estrategia destinada a impulsar la mejora continua y elevar la calidad de la atenci\u00f3n m\u00e9dica, el Hospital General Doctor Aurelio Valdivieso de IMSS-Bienestar dio un paso decisivo con la instalaci\u00f3n de 18 Comit\u00e9s Hospitalarios.<\/p>\n\n\n\n<p>Esta iniciativa busca optimizar los servicios que se ofrecen a la poblaci\u00f3n oaxaque\u00f1a, focalizando esfuerzos en la vigilancia y el cuidado de la salud de los sectores m\u00e1s vulnerables. \u201cUn compromiso con la calidad y la seguridad del paciente\u201d, se\u00f1al\u00f3 la directora del Cuerpo Gobierno Transitorio y docente de la instituci\u00f3n, Nazarea Herrera Maldonado.<\/p>\n\n\n\n<p>Durante la ceremonia, Herrera Maldonado tom\u00f3 protesta a las y los nuevos secretarios t\u00e9cnicos. Estos funcionarios jugar\u00e1n un rol clave en el acompa\u00f1amiento a la autoridad hospitalaria para alcanzar metas que impulsen el desarrollo y perfeccionamiento de los servicios de salud.<\/p>\n\n\n\n<p>En su discurso, la titular destac\u00f3 que la instauraci\u00f3n de estos comit\u00e9s constituye un elemento fundamental en la gesti\u00f3n sanitaria, permitiendo identificar y resolver de manera oportuna los problemas detectados. Adem\u00e1s, hizo un llamado a las y los integrantes para trabajar en una estrecha interrelaci\u00f3n, aprovechando de forma eficiente los recursos disponibles y articulando acciones coordinadas que contribuyan a la mejora continua.<\/p>\n\n\n\n<p>Por su parte, la subdirectora de Ense\u00f1anza, Investigaci\u00f3n y Calidad, Luc\u00eda Ricarda Mart\u00ednez Cruz explic\u00f3 las funciones de los Comit\u00e9s, entre las que se encuentran: Mejora de la calidad en el servicio, Focalizar la atenci\u00f3n en las necesidades de las y los usuarios; Jerarquizaci\u00f3n de problemas, Identificar y priorizar incidencias que afecten la atenci\u00f3n m\u00e9dica; Definici\u00f3n de estrategias, Establecer metodolog\u00edas y actividades para resolver problemas detectados.<\/p>\n\n\n\n<p>Entre los grupos instalados se destacan aquellos enfocados en la Calidad y Seguridad al Paciente, Expediente Cl\u00ednico Integrado, Prevenci\u00f3n y Control de Infecciones asociadas a la Atenci\u00f3n en Salud, Uso Responsable de Antimicrobianos, y el Estudio y Seguimiento de la Morbilidad y Mortalidad Materna y Perinatal, entre otros.<\/p>\n\n\n\n<p>Cada integrante asumi\u00f3 el compromiso de trabajar de manera unida y responsable, con el objetivo primordial de brindar servicios m\u00e9dicos de alta calidad a la sociedad, especialmente a quienes m\u00e1s lo necesitan.<\/p>\n\n\n\n<p>Esta importante acci\u00f3n de gesti\u00f3n hospitalaria refleja el compromiso del IMSS-Bienestar y las autoridades de salud con la excelencia en la atenci\u00f3n y el bienestar de la poblaci\u00f3n oaxaque\u00f1a, marcando un hito en la implementaci\u00f3n de estrategias para el cuidado y la mejora del sistema de salud.<\/p>\n\n\n\n<p>-0-<\/p>\n","protected":false},"excerpt":{"rendered":"<p>\u2022 Se busca optimizar los servicios que se ofrecen a la poblaci\u00f3n oaxaque\u00f1a, focalizando esfuerzos&#8230;<\/p>\n","protected":false},"author":4,"featured_media":39145,"comment_status":"","ping_status":"open","sticky":false,"template":"","format":"standard","meta":{"footnotes":""},"categories":[92],"tags":[],"jetpack_sharing_enabled":true,"featured_image_urls":{"full":["https:\/\/contextoanalisisperiodistico.com\/wp-content\/uploads\/2025\/03\/IMG-20250328-WA0084.jpg",1600,1065,false],"thumbnail":["https:\/\/contextoanalisisperiodistico.com\/wp-content\/uploads\/2025\/03\/IMG-20250328-WA0084-150x150.jpg",150,150,true],"medium":["https:\/\/contextoanalisisperiodistico.com\/wp-content\/uploads\/2025\/03\/IMG-20250328-WA0084-300x200.jpg",300,200,true],"medium_large":["https:\/\/contextoanalisisperiodistico.com\/wp-content\/uploads\/2025\/03\/IMG-20250328-WA0084-768x511.jpg",640,426,true],"large":["https:\/\/contextoanalisisperiodistico.com\/wp-content\/uploads\/2025\/03\/IMG-20250328-WA0084-1024x682.jpg",640,426,true],"1536x1536":["https:\/\/contextoanalisisperiodistico.com\/wp-content\/uploads\/2025\/03\/IMG-20250328-WA0084-1536x1022.jpg",1536,1022,true],"2048x2048":["https:\/\/contextoanalisisperiodistico.com\/wp-content\/uploads\/2025\/03\/IMG-20250328-WA0084.jpg",1600,1065,false],"covernews-slider-full":["https:\/\/contextoanalisisperiodistico.com\/wp-content\/uploads\/2025\/03\/IMG-20250328-WA0084-1115x715.jpg",1115,715,true],"covernews-slider-center":["https:\/\/contextoanalisisperiodistico.com\/wp-content\/uploads\/2025\/03\/IMG-20250328-WA0084-800x500.jpg",800,500,true],"covernews-featured":["https:\/\/contextoanalisisperiodistico.com\/wp-content\/uploads\/2025\/03\/IMG-20250328-WA0084-1024x682.jpg",1024,682,true],"covernews-medium":["https:\/\/contextoanalisisperiodistico.com\/wp-content\/uploads\/2025\/03\/IMG-20250328-WA0084-540x340.jpg",540,340,true],"covernews-medium-square":["https:\/\/contextoanalisisperiodistico.com\/wp-content\/uploads\/2025\/03\/IMG-20250328-WA0084-400x250.jpg",400,250,true]},"author_info":{"display_name":"Mario Gir\u00f3n","author_link":"https:\/\/contextoanalisisperiodistico.com\/index.php\/author\/director\/"},"category_info":"<a href=\"https:\/\/contextoanalisisperiodistico.com\/index.php\/category\/salud\/\" rel=\"category tag\">Salud<\/a>","tag_info":"Salud","comment_count":"0","jetpack_featured_media_url":"https:\/\/contextoanalisisperiodistico.com\/wp-content\/uploads\/2025\/03\/IMG-20250328-WA0084.jpg","_links":{"self":[{"href":"https:\/\/contextoanalisisperiodistico.com\/index.php\/wp-json\/wp\/v2\/posts\/39148"}],"collection":[{"href":"https:\/\/contextoanalisisperiodistico.com\/index.php\/wp-json\/wp\/v2\/posts"}],"about":[{"href":"https:\/\/contextoanalisisperiodistico.com\/index.php\/wp-json\/wp\/v2\/types\/post"}],"author":[{"embeddable":true,"href":"https:\/\/contextoanalisisperiodistico.com\/index.php\/wp-json\/wp\/v2\/users\/4"}],"replies":[{"embeddable":true,"href":"https:\/\/contextoanalisisperiodistico.com\/index.php\/wp-json\/wp\/v2\/comments?post=39148"}],"version-history":[{"count":0,"href":"https:\/\/contextoanalisisperiodistico.com\/index.php\/wp-json\/wp\/v2\/posts\/39148\/revisions"}],"wp:featuredmedia":[{"embeddable":true,"href":"https:\/\/contextoanalisisperiodistico.com\/index.php\/wp-json\/wp\/v2\/media\/39145"}],"wp:attachment":[{"href":"https:\/\/contextoanalisisperiodistico.com\/index.php\/wp-json\/wp\/v2\/media?parent=39148"}],"wp:term":[{"taxonomy":"category","embeddable":true,"href":"https:\/\/contextoanalisisperiodistico.com\/index.php\/wp-json\/wp\/v2\/categories?post=39148"},{"taxonomy":"post_tag","embeddable":true,"href":"https:\/\/contextoanalisisperiodistico.com\/index.php\/wp-json\/wp\/v2\/tags?post=39148"}],"curies":[{"name":"wp","href":"https:\/\/api.w.org\/{rel}","templated":true}]}}