{"id":39139,"date":"2025-03-28T12:43:11","date_gmt":"2025-03-28T18:43:11","guid":{"rendered":"https:\/\/contextoanalisisperiodistico.com\/index.php\/2025\/03\/28\/exhorta-sego-a-no-dejarse-sorprender-por-personas-malintencionadas-y-evitar-ser-victimas-de-fraude-o-actos-de-corrupcion\/"},"modified":"2025-03-28T12:44:50","modified_gmt":"2025-03-28T18:44:50","slug":"exhorta-sego-a-no-dejarse-sorprender-por-personas-malintencionadas-y-evitar-ser-victimas-de-fraude-o-actos-de-corrupcion","status":"publish","type":"post","link":"https:\/\/contextoanalisisperiodistico.com\/index.php\/2025\/03\/28\/exhorta-sego-a-no-dejarse-sorprender-por-personas-malintencionadas-y-evitar-ser-victimas-de-fraude-o-actos-de-corrupcion\/","title":{"rendered":"Exhorta Sego a no dejarse sorprender por malas personas y evitar ser v\u00edctimas de fraude o actos de corrupci\u00f3n"},"content":{"rendered":"<div id=\"fb-root\"><\/div>\n\n<p>\u2022 Todos los tr\u00e1mites que se realizan ante la dependencia, deben efectuarse a trav\u00e9s de personas servidoras p\u00fablicas autorizadas y debidamente acreditadas por la misma, dentro de sus instalaciones<\/p>\n\n\n\n<p>Oaxaca de Ju\u00e1rez, Oax. 28 de marzo de 2025.- La Secretar\u00eda de Gobierno (Sego) informa que no tiene relaci\u00f3n alguna con personas consultoras, asesoras, analistas y\/o despachos privados que intenten gestionar el cobro de impuestos o permisos, toda vez que dichas funciones no se encuentran dentro de sus atribuciones.<\/p>\n\n\n\n<p>Resalta que no existe dentro de su plantilla de personal ning\u00fan servidor p\u00fablico que responda al nombre de Alejandro G\u00f3mez Figueroa y que en su estructura tampoco hay un departamento denominado Control de la Gesti\u00f3n.<\/p>\n\n\n\n<p>La Sego destaca que todos los tr\u00e1mites que se realizan ante la dependencia, deben efectuarse a trav\u00e9s de personas servidoras p\u00fablicas autorizadas y debidamente acreditadas por la misma, dentro de sus instalaciones y con estricto apego a las disposiciones normativas aplicables.<\/p>\n\n\n\n<p>En ese sentido, anticipa que se han tomado las acciones legales correspondientes contra quien o quienes resulten responsables por hacer uso indebido de nombres y logotipos oficiales; as\u00ed mismo, se hace un llamado a la poblaci\u00f3n a no dejarse sorprender y evitar ser v\u00edctimas de la comisi\u00f3n de alg\u00fan fraude o actos de corrupci\u00f3n en agravio suyo, de sus comercios o comunidades.<\/p>\n\n\n\n<p>La dependencia estatal reitera que todo tipo de comunicaci\u00f3n con autoridades municipales y ciudadan\u00eda se realiza de manera directa, sin intermediarios, nunca a trav\u00e9s de redes sociales, por lo que, si recibe alg\u00fan requerimiento inusual, se le exhorta a verificar su validez y en caso de confirmar que se trate de un intento de fraude, presentar la denuncia correspondiente.<\/p>\n\n\n\n<p>Para mayor informaci\u00f3n sobre los tr\u00e1mites que la Secretar\u00eda de Gobierno realiza, las y los interesados pueden acudir a Ciudad Administrativa Benem\u00e9rito de las Am\u00e9ricas, carretera Oaxaca-Istmo kil\u00f3metro 11.5 Tlalixtac de Cabrera, Oaxaca, Edificio 8; o comunicarse al n\u00famero de tel\u00e9fono 951 501 50 00, extensi\u00f3n 13912 y 13876, de lunes a viernes de 8:00 a 17:00 horas.<\/p>\n\n\n\n<p>-0-<\/p>\n","protected":false},"excerpt":{"rendered":"<p>\u2022 Todos los tr\u00e1mites que se realizan ante la dependencia, deben efectuarse a trav\u00e9s de&#8230;<\/p>\n","protected":false},"author":4,"featured_media":39138,"comment_status":"closed","ping_status":"open","sticky":false,"template":"","format":"standard","meta":{"footnotes":""},"categories":[3],"tags":[],"jetpack_sharing_enabled":true,"featured_image_urls":{"full":["https:\/\/contextoanalisisperiodistico.com\/wp-content\/uploads\/2025\/03\/IMG-20250328-WA0067.jpg",960,960,false],"thumbnail":["https:\/\/contextoanalisisperiodistico.com\/wp-content\/uploads\/2025\/03\/IMG-20250328-WA0067-150x150.jpg",150,150,true],"medium":["https:\/\/contextoanalisisperiodistico.com\/wp-content\/uploads\/2025\/03\/IMG-20250328-WA0067-300x300.jpg",300,300,true],"medium_large":["https:\/\/contextoanalisisperiodistico.com\/wp-content\/uploads\/2025\/03\/IMG-20250328-WA0067-768x768.jpg",640,640,true],"large":["https:\/\/contextoanalisisperiodistico.com\/wp-content\/uploads\/2025\/03\/IMG-20250328-WA0067.jpg",640,640,false],"1536x1536":["https:\/\/contextoanalisisperiodistico.com\/wp-content\/uploads\/2025\/03\/IMG-20250328-WA0067.jpg",960,960,false],"2048x2048":["https:\/\/contextoanalisisperiodistico.com\/wp-content\/uploads\/2025\/03\/IMG-20250328-WA0067.jpg",960,960,false],"covernews-slider-full":["https:\/\/contextoanalisisperiodistico.com\/wp-content\/uploads\/2025\/03\/IMG-20250328-WA0067-960x715.jpg",960,715,true],"covernews-slider-center":["https:\/\/contextoanalisisperiodistico.com\/wp-content\/uploads\/2025\/03\/IMG-20250328-WA0067-800x500.jpg",800,500,true],"covernews-featured":["https:\/\/contextoanalisisperiodistico.com\/wp-content\/uploads\/2025\/03\/IMG-20250328-WA0067.jpg",960,960,false],"covernews-medium":["https:\/\/contextoanalisisperiodistico.com\/wp-content\/uploads\/2025\/03\/IMG-20250328-WA0067-540x340.jpg",540,340,true],"covernews-medium-square":["https:\/\/contextoanalisisperiodistico.com\/wp-content\/uploads\/2025\/03\/IMG-20250328-WA0067-400x250.jpg",400,250,true]},"author_info":{"display_name":"Mario Gir\u00f3n","author_link":"https:\/\/contextoanalisisperiodistico.com\/index.php\/author\/director\/"},"category_info":"<a href=\"https:\/\/contextoanalisisperiodistico.com\/index.php\/category\/ciudad\/\" rel=\"category tag\">Ciudad<\/a>","tag_info":"Ciudad","comment_count":"0","jetpack_featured_media_url":"https:\/\/contextoanalisisperiodistico.com\/wp-content\/uploads\/2025\/03\/IMG-20250328-WA0067.jpg","_links":{"self":[{"href":"https:\/\/contextoanalisisperiodistico.com\/index.php\/wp-json\/wp\/v2\/posts\/39139"}],"collection":[{"href":"https:\/\/contextoanalisisperiodistico.com\/index.php\/wp-json\/wp\/v2\/posts"}],"about":[{"href":"https:\/\/contextoanalisisperiodistico.com\/index.php\/wp-json\/wp\/v2\/types\/post"}],"author":[{"embeddable":true,"href":"https:\/\/contextoanalisisperiodistico.com\/index.php\/wp-json\/wp\/v2\/users\/4"}],"replies":[{"embeddable":true,"href":"https:\/\/contextoanalisisperiodistico.com\/index.php\/wp-json\/wp\/v2\/comments?post=39139"}],"version-history":[{"count":1,"href":"https:\/\/contextoanalisisperiodistico.com\/index.php\/wp-json\/wp\/v2\/posts\/39139\/revisions"}],"predecessor-version":[{"id":39140,"href":"https:\/\/contextoanalisisperiodistico.com\/index.php\/wp-json\/wp\/v2\/posts\/39139\/revisions\/39140"}],"wp:featuredmedia":[{"embeddable":true,"href":"https:\/\/contextoanalisisperiodistico.com\/index.php\/wp-json\/wp\/v2\/media\/39138"}],"wp:attachment":[{"href":"https:\/\/contextoanalisisperiodistico.com\/index.php\/wp-json\/wp\/v2\/media?parent=39139"}],"wp:term":[{"taxonomy":"category","embeddable":true,"href":"https:\/\/contextoanalisisperiodistico.com\/index.php\/wp-json\/wp\/v2\/categories?post=39139"},{"taxonomy":"post_tag","embeddable":true,"href":"https:\/\/contextoanalisisperiodistico.com\/index.php\/wp-json\/wp\/v2\/tags?post=39139"}],"curies":[{"name":"wp","href":"https:\/\/api.w.org\/{rel}","templated":true}]}}