{"id":39132,"date":"2025-03-28T10:26:02","date_gmt":"2025-03-28T16:26:02","guid":{"rendered":"https:\/\/contextoanalisisperiodistico.com\/index.php\/2025\/03\/28\/entrega-ieepo-lentes-graduados-a-mas-de-2-mil-estudiantes-de-nivel-basico-del-istmo\/"},"modified":"2025-03-28T10:26:02","modified_gmt":"2025-03-28T16:26:02","slug":"entrega-ieepo-lentes-graduados-a-mas-de-2-mil-estudiantes-de-nivel-basico-del-istmo","status":"publish","type":"post","link":"https:\/\/contextoanalisisperiodistico.com\/index.php\/2025\/03\/28\/entrega-ieepo-lentes-graduados-a-mas-de-2-mil-estudiantes-de-nivel-basico-del-istmo\/","title":{"rendered":"Entrega IEEPO lentes graduados a m\u00e1s de 2 mil estudiantes de nivel b\u00e1sico del Istmo"},"content":{"rendered":"<div id=\"fb-root\"><\/div>\n\n<p>\u2022 Con el respaldo del Gobernador Salom\u00f3n Jara Cruz, ni\u00f1as, ni\u00f1os y adolescentes mejoran sus condiciones visuales y rendimiento escolar<\/p>\n\n\n\n<figure class=\"wp-block-image size-large\"><img fetchpriority=\"high\" decoding=\"async\" width=\"1024\" height=\"683\" src=\"https:\/\/contextoanalisisperiodistico.com\/wp-content\/uploads\/2025\/03\/img-20250328-wa00433942489362899641593-1024x683.jpg\" alt=\"\" class=\"wp-image-39129\" srcset=\"https:\/\/contextoanalisisperiodistico.com\/wp-content\/uploads\/2025\/03\/img-20250328-wa00433942489362899641593-1024x683.jpg 1024w, https:\/\/contextoanalisisperiodistico.com\/wp-content\/uploads\/2025\/03\/img-20250328-wa00433942489362899641593-300x200.jpg 300w, https:\/\/contextoanalisisperiodistico.com\/wp-content\/uploads\/2025\/03\/img-20250328-wa00433942489362899641593-768x512.jpg 768w, https:\/\/contextoanalisisperiodistico.com\/wp-content\/uploads\/2025\/03\/img-20250328-wa00433942489362899641593.jpg 1440w\" sizes=\"(max-width: 1024px) 100vw, 1024px\" \/><\/figure>\n\n\n\n<figure class=\"wp-block-image\"><img decoding=\"async\" width=\"1024\" height=\"703\" src=\"https:\/\/contextoanalisisperiodistico.com\/wp-content\/uploads\/2025\/03\/img-20250328-wa00454868920982615303293-1024x703.jpg\" alt=\"\" class=\"wp-image-39131\" srcset=\"https:\/\/contextoanalisisperiodistico.com\/wp-content\/uploads\/2025\/03\/img-20250328-wa00454868920982615303293-1024x703.jpg 1024w, https:\/\/contextoanalisisperiodistico.com\/wp-content\/uploads\/2025\/03\/img-20250328-wa00454868920982615303293-300x206.jpg 300w, https:\/\/contextoanalisisperiodistico.com\/wp-content\/uploads\/2025\/03\/img-20250328-wa00454868920982615303293-768x527.jpg 768w, https:\/\/contextoanalisisperiodistico.com\/wp-content\/uploads\/2025\/03\/img-20250328-wa00454868920982615303293.jpg 1440w\" sizes=\"(max-width: 1024px) 100vw, 1024px\" \/><\/figure>\n\n\n\n<figure class=\"wp-block-image\"><img decoding=\"async\" width=\"1024\" height=\"683\" src=\"https:\/\/contextoanalisisperiodistico.com\/wp-content\/uploads\/2025\/03\/img-20250328-wa00444589450913469832698-1024x683.jpg\" alt=\"\" class=\"wp-image-39130\" srcset=\"https:\/\/contextoanalisisperiodistico.com\/wp-content\/uploads\/2025\/03\/img-20250328-wa00444589450913469832698-1024x683.jpg 1024w, https:\/\/contextoanalisisperiodistico.com\/wp-content\/uploads\/2025\/03\/img-20250328-wa00444589450913469832698-300x200.jpg 300w, https:\/\/contextoanalisisperiodistico.com\/wp-content\/uploads\/2025\/03\/img-20250328-wa00444589450913469832698-768x512.jpg 768w, https:\/\/contextoanalisisperiodistico.com\/wp-content\/uploads\/2025\/03\/img-20250328-wa00444589450913469832698.jpg 1440w\" sizes=\"(max-width: 1024px) 100vw, 1024px\" \/><\/figure>\n\n\n\n<p>Regi\u00f3n Istmo de Tehuantepec, Oax., 28 de marzo de 2025.- En la ruta de una educaci\u00f3n inclusiva, en igualdad de condiciones y de calidad, como es prioridad de la administraci\u00f3n del Gobernador Salom\u00f3n Jara Cruz; el Instituto Estatal de Educaci\u00f3n P\u00fablica de Oaxaca (IEEPO) benefici\u00f3 con 2 mil 224 lentes graduados a estudiantes de nivel b\u00e1sico de cuatro municipios de la regi\u00f3n Istmo de Tehuantepec, como parte de la estrategia \u201cOaxaca quiero verte bien\u201d.<\/p>\n\n\n\n<p>En gira de trabajo por la agencia La Ventosa y los municipios Heroica Ciudad de Juchit\u00e1n de Zaragoza, Santo Domingo Tehuantepec, Salina Cruz y San Pedro Huamelula, a nombre del Mandatario estatal, el director general del Instituto, Emilio Montero P\u00e9rez entreg\u00f3 los anteojos a alumnas y alumnos de 102 escuelas p\u00fablicas.<\/p>\n\n\n\n<p>Indic\u00f3 que con esta estrategia, dise\u00f1ada en colaboraci\u00f3n con la fundaci\u00f3n \u201cVer Bien para Aprender Mejor\u201d, en esta zona del Istmo de Tehuantepec se efectuaron un total de 12 mil 508 ex\u00e1menes optom\u00e9tricos, lo que permiti\u00f3 evaluar y detectar en estudiantes problemas de agudeza visual que inciden en el aprendizaje y deserci\u00f3n escolar.<\/p>\n\n\n\n<p>Luego de reconocer la nobleza de este programa en la atenci\u00f3n a ni\u00f1as, ni\u00f1os y adolescentes; el funcionario manifest\u00f3 que en la Primavera Oaxaque\u00f1a se ha quintuplicado la inversi\u00f3n para apoyar a un mayor n\u00famero de escolares.<\/p>\n\n\n\n<p>En cada una de las sedes de entrega de lentes, donde le acompa\u00f1aron autoridades municipales, integrantes de los cabildos, maestras, maestros, madres y padres de familia, as\u00ed como las y los alumnos beneficiados; Montero P\u00e9rez reiter\u00f3 el compromiso de la administraci\u00f3n estatal de dar respuesta a las necesidades del sector educativo.<\/p>\n\n\n\n<p>De los 2 mil 224 estudiantes que recibieron sus lentes en esta jornada, mil 87 son ni\u00f1as y mil 137 ni\u00f1os, quienes previamente fueron diagnosticados y evaluados por especialistas en salud visual para brindarles el apoyo que requieren en problemas como miop\u00eda, hipermetrop\u00eda y astigmatismo.<\/p>\n\n\n\n<p>-0-<\/p>\n","protected":false},"excerpt":{"rendered":"<p>\u2022 Con el respaldo del Gobernador Salom\u00f3n Jara Cruz, ni\u00f1as, ni\u00f1os y adolescentes mejoran sus&#8230;<\/p>\n","protected":false},"author":4,"featured_media":39128,"comment_status":"","ping_status":"open","sticky":false,"template":"","format":"standard","meta":{"footnotes":""},"categories":[9],"tags":[],"jetpack_sharing_enabled":true,"featured_image_urls":{"full":["https:\/\/contextoanalisisperiodistico.com\/wp-content\/uploads\/2025\/03\/IMG-20250328-WA0042.jpg",1440,982,false],"thumbnail":["https:\/\/contextoanalisisperiodistico.com\/wp-content\/uploads\/2025\/03\/IMG-20250328-WA0042-150x150.jpg",150,150,true],"medium":["https:\/\/contextoanalisisperiodistico.com\/wp-content\/uploads\/2025\/03\/IMG-20250328-WA0042-300x205.jpg",300,205,true],"medium_large":["https:\/\/contextoanalisisperiodistico.com\/wp-content\/uploads\/2025\/03\/IMG-20250328-WA0042-768x524.jpg",640,437,true],"large":["https:\/\/contextoanalisisperiodistico.com\/wp-content\/uploads\/2025\/03\/IMG-20250328-WA0042-1024x698.jpg",640,436,true],"1536x1536":["https:\/\/contextoanalisisperiodistico.com\/wp-content\/uploads\/2025\/03\/IMG-20250328-WA0042.jpg",1440,982,false],"2048x2048":["https:\/\/contextoanalisisperiodistico.com\/wp-content\/uploads\/2025\/03\/IMG-20250328-WA0042.jpg",1440,982,false],"covernews-slider-full":["https:\/\/contextoanalisisperiodistico.com\/wp-content\/uploads\/2025\/03\/IMG-20250328-WA0042-1115x715.jpg",1115,715,true],"covernews-slider-center":["https:\/\/contextoanalisisperiodistico.com\/wp-content\/uploads\/2025\/03\/IMG-20250328-WA0042-800x500.jpg",800,500,true],"covernews-featured":["https:\/\/contextoanalisisperiodistico.com\/wp-content\/uploads\/2025\/03\/IMG-20250328-WA0042-1024x698.jpg",1024,698,true],"covernews-medium":["https:\/\/contextoanalisisperiodistico.com\/wp-content\/uploads\/2025\/03\/IMG-20250328-WA0042-540x340.jpg",540,340,true],"covernews-medium-square":["https:\/\/contextoanalisisperiodistico.com\/wp-content\/uploads\/2025\/03\/IMG-20250328-WA0042-400x250.jpg",400,250,true]},"author_info":{"display_name":"Mario Gir\u00f3n","author_link":"https:\/\/contextoanalisisperiodistico.com\/index.php\/author\/director\/"},"category_info":"<a href=\"https:\/\/contextoanalisisperiodistico.com\/index.php\/category\/politica\/\" rel=\"category tag\">Pol\u00edtica<\/a>","tag_info":"Pol\u00edtica","comment_count":"0","jetpack_featured_media_url":"https:\/\/contextoanalisisperiodistico.com\/wp-content\/uploads\/2025\/03\/IMG-20250328-WA0042.jpg","_links":{"self":[{"href":"https:\/\/contextoanalisisperiodistico.com\/index.php\/wp-json\/wp\/v2\/posts\/39132"}],"collection":[{"href":"https:\/\/contextoanalisisperiodistico.com\/index.php\/wp-json\/wp\/v2\/posts"}],"about":[{"href":"https:\/\/contextoanalisisperiodistico.com\/index.php\/wp-json\/wp\/v2\/types\/post"}],"author":[{"embeddable":true,"href":"https:\/\/contextoanalisisperiodistico.com\/index.php\/wp-json\/wp\/v2\/users\/4"}],"replies":[{"embeddable":true,"href":"https:\/\/contextoanalisisperiodistico.com\/index.php\/wp-json\/wp\/v2\/comments?post=39132"}],"version-history":[{"count":0,"href":"https:\/\/contextoanalisisperiodistico.com\/index.php\/wp-json\/wp\/v2\/posts\/39132\/revisions"}],"wp:featuredmedia":[{"embeddable":true,"href":"https:\/\/contextoanalisisperiodistico.com\/index.php\/wp-json\/wp\/v2\/media\/39128"}],"wp:attachment":[{"href":"https:\/\/contextoanalisisperiodistico.com\/index.php\/wp-json\/wp\/v2\/media?parent=39132"}],"wp:term":[{"taxonomy":"category","embeddable":true,"href":"https:\/\/contextoanalisisperiodistico.com\/index.php\/wp-json\/wp\/v2\/categories?post=39132"},{"taxonomy":"post_tag","embeddable":true,"href":"https:\/\/contextoanalisisperiodistico.com\/index.php\/wp-json\/wp\/v2\/tags?post=39132"}],"curies":[{"name":"wp","href":"https:\/\/api.w.org\/{rel}","templated":true}]}}