{"id":39127,"date":"2025-03-28T10:22:54","date_gmt":"2025-03-28T16:22:54","guid":{"rendered":"https:\/\/contextoanalisisperiodistico.com\/index.php\/2025\/03\/28\/ofrece-orquesta-sinfonica-de-oaxaca-segundo-concierto-gratuito\/"},"modified":"2025-03-28T10:22:54","modified_gmt":"2025-03-28T16:22:54","slug":"ofrece-orquesta-sinfonica-de-oaxaca-segundo-concierto-gratuito","status":"publish","type":"post","link":"https:\/\/contextoanalisisperiodistico.com\/index.php\/2025\/03\/28\/ofrece-orquesta-sinfonica-de-oaxaca-segundo-concierto-gratuito\/","title":{"rendered":"Ofrece Orquesta Sinf\u00f3nica de Oaxaca segundo concierto gratuito"},"content":{"rendered":"<div id=\"fb-root\"><\/div>\n\n<p>\u2022 La OSO ser\u00e1 dirigida por Jorge Barradas Garc\u00eda, violinista y director de la Orquesta Sinf\u00f3nica Juvenil de Miguel Hidalgo y la Filarm\u00f3nica Juvenil de la CDMX<\/p>\n\n\n\n<figure class=\"wp-block-image size-large\"><img fetchpriority=\"high\" decoding=\"async\" width=\"697\" height=\"1024\" src=\"https:\/\/contextoanalisisperiodistico.com\/wp-content\/uploads\/2025\/03\/img-20250328-wa00484219069336072019005-697x1024.jpg\" alt=\"\" class=\"wp-image-39126\" srcset=\"https:\/\/contextoanalisisperiodistico.com\/wp-content\/uploads\/2025\/03\/img-20250328-wa00484219069336072019005-697x1024.jpg 697w, https:\/\/contextoanalisisperiodistico.com\/wp-content\/uploads\/2025\/03\/img-20250328-wa00484219069336072019005-204x300.jpg 204w, https:\/\/contextoanalisisperiodistico.com\/wp-content\/uploads\/2025\/03\/img-20250328-wa00484219069336072019005-768x1128.jpg 768w, https:\/\/contextoanalisisperiodistico.com\/wp-content\/uploads\/2025\/03\/img-20250328-wa00484219069336072019005.jpg 900w\" sizes=\"(max-width: 697px) 100vw, 697px\" \/><\/figure>\n\n\n\n<p>Oaxaca de Ju\u00e1rez, Oax. 28 de marzo de 2025.- La Orquesta Sinf\u00f3nica de Oaxaca (OSO) ofrecer\u00e1 su segundo concierto de la temporada, este viernes 28 de marzo, a las 19:00 horas, en el teatro Macedonio Alcal\u00e1, con acceso totalmente libre.<\/p>\n\n\n\n<p>En esta ocasi\u00f3n la OSO ser\u00e1 dirigida por Jorge Barradas Garc\u00eda, violinista y director de la Orquesta Sinf\u00f3nica Juvenil de Miguel Hidalgo y la Filarm\u00f3nica Juvenil de la Ciudad de M\u00e9xico.<\/p>\n\n\n\n<p>El programa consta de tres piezas musicales: \u00abDanzas Eslavas, Op. 46\u00bb y \u201cSinfon\u00eda n.\u00ba 7 en re menor\u201d del reconocido compositor checo Anton\u00edn Dvo\u0159\u00e1k; la melod\u00eda \u00abMonarch Migration\u00bb de Nubia Jaime-Donjuan, compositora, arreglista y violonchelista de Hermosillo, Sonora.<\/p>\n\n\n\n<p>Esta \u00faltima est\u00e1 inspirada en el galardonado libro \u00abMariposas Monarca\u201d de Ann Hobbie, en el que celebra a la mariposa m\u00e1s reconocida de Am\u00e9rica del Norte, esta pieza musical fue un encargo de un consorcio de 41 escuelas de todo Estados Unidos.<\/p>\n\n\n\n<p>La compositora de esta melod\u00eda fue ganadora del Concurso de Composici\u00f3n para Orquesta de C\u00e1mara Arturo M\u00e1rquez 2021, que otorga la Sociedad de Autores y Compositores de M\u00e9xico (SACM) y el Instituto Nacional de Bellas Artes y Literatura (INBAL).<\/p>\n\n\n\n<p>Por su parte, \u00abDanzas Eslavas, Op. 46\u00bb, se trata de un conjunto de ocho piezas que fueron inspiradas en las danzas h\u00fangaras de Johannes Brahms, y que fue estrenada en 1878.<\/p>\n\n\n\n<p>Mientras que \u201cSinfon\u00eda n.\u00ba 7 en re menor\u201d, es una obra que refleja el conflicto y la victoria del pueblo checo, desarrollada en 4 movimientos, y que fue compuesta entre 1884 y 1885.<\/p>\n\n\n\n<p>El director invitado, Jorge Barradas Garc\u00eda, tambi\u00e9n se ha desarrollado como redactor musical, y desde 2004 ha escrito un vasto n\u00famero de notas al programa para diversas orquestas y festivales, adem\u00e1s de ofrecer charlas introductorias a conciertos y conferencias sobre diversos t\u00f3picos musicales.<\/p>\n\n\n\n<p>Con ello, el Gobierno de Oaxaca a trav\u00e9s de la Secretar\u00eda de las Culturas y Artes (Seculta), hace patente su labor para garantizar el acceso de la poblaci\u00f3n a la m\u00fasica, por lo que invita al p\u00fablico en general acudir a este y a los pr\u00f3ximos conciertos de la OSO.<\/p>\n\n\n\n<p>-0-<\/p>\n","protected":false},"excerpt":{"rendered":"<p>\u2022 La OSO ser\u00e1 dirigida por Jorge Barradas Garc\u00eda, violinista y director de la Orquesta&#8230;<\/p>\n","protected":false},"author":4,"featured_media":39125,"comment_status":"","ping_status":"open","sticky":false,"template":"","format":"standard","meta":{"footnotes":""},"categories":[4],"tags":[],"jetpack_sharing_enabled":true,"featured_image_urls":{"full":["https:\/\/contextoanalisisperiodistico.com\/wp-content\/uploads\/2025\/03\/IMG-20250328-WA0047.jpg",900,1124,false],"thumbnail":["https:\/\/contextoanalisisperiodistico.com\/wp-content\/uploads\/2025\/03\/IMG-20250328-WA0047-150x150.jpg",150,150,true],"medium":["https:\/\/contextoanalisisperiodistico.com\/wp-content\/uploads\/2025\/03\/IMG-20250328-WA0047-240x300.jpg",240,300,true],"medium_large":["https:\/\/contextoanalisisperiodistico.com\/wp-content\/uploads\/2025\/03\/IMG-20250328-WA0047-768x959.jpg",640,799,true],"large":["https:\/\/contextoanalisisperiodistico.com\/wp-content\/uploads\/2025\/03\/IMG-20250328-WA0047-820x1024.jpg",640,799,true],"1536x1536":["https:\/\/contextoanalisisperiodistico.com\/wp-content\/uploads\/2025\/03\/IMG-20250328-WA0047.jpg",900,1124,false],"2048x2048":["https:\/\/contextoanalisisperiodistico.com\/wp-content\/uploads\/2025\/03\/IMG-20250328-WA0047.jpg",900,1124,false],"covernews-slider-full":["https:\/\/contextoanalisisperiodistico.com\/wp-content\/uploads\/2025\/03\/IMG-20250328-WA0047-900x715.jpg",900,715,true],"covernews-slider-center":["https:\/\/contextoanalisisperiodistico.com\/wp-content\/uploads\/2025\/03\/IMG-20250328-WA0047-800x500.jpg",800,500,true],"covernews-featured":["https:\/\/contextoanalisisperiodistico.com\/wp-content\/uploads\/2025\/03\/IMG-20250328-WA0047.jpg",900,1124,false],"covernews-medium":["https:\/\/contextoanalisisperiodistico.com\/wp-content\/uploads\/2025\/03\/IMG-20250328-WA0047-540x340.jpg",540,340,true],"covernews-medium-square":["https:\/\/contextoanalisisperiodistico.com\/wp-content\/uploads\/2025\/03\/IMG-20250328-WA0047-400x250.jpg",400,250,true]},"author_info":{"display_name":"Mario Gir\u00f3n","author_link":"https:\/\/contextoanalisisperiodistico.com\/index.php\/author\/director\/"},"category_info":"<a href=\"https:\/\/contextoanalisisperiodistico.com\/index.php\/category\/cultura\/\" rel=\"category tag\">Cultura<\/a>","tag_info":"Cultura","comment_count":"0","jetpack_featured_media_url":"https:\/\/contextoanalisisperiodistico.com\/wp-content\/uploads\/2025\/03\/IMG-20250328-WA0047.jpg","_links":{"self":[{"href":"https:\/\/contextoanalisisperiodistico.com\/index.php\/wp-json\/wp\/v2\/posts\/39127"}],"collection":[{"href":"https:\/\/contextoanalisisperiodistico.com\/index.php\/wp-json\/wp\/v2\/posts"}],"about":[{"href":"https:\/\/contextoanalisisperiodistico.com\/index.php\/wp-json\/wp\/v2\/types\/post"}],"author":[{"embeddable":true,"href":"https:\/\/contextoanalisisperiodistico.com\/index.php\/wp-json\/wp\/v2\/users\/4"}],"replies":[{"embeddable":true,"href":"https:\/\/contextoanalisisperiodistico.com\/index.php\/wp-json\/wp\/v2\/comments?post=39127"}],"version-history":[{"count":0,"href":"https:\/\/contextoanalisisperiodistico.com\/index.php\/wp-json\/wp\/v2\/posts\/39127\/revisions"}],"wp:featuredmedia":[{"embeddable":true,"href":"https:\/\/contextoanalisisperiodistico.com\/index.php\/wp-json\/wp\/v2\/media\/39125"}],"wp:attachment":[{"href":"https:\/\/contextoanalisisperiodistico.com\/index.php\/wp-json\/wp\/v2\/media?parent=39127"}],"wp:term":[{"taxonomy":"category","embeddable":true,"href":"https:\/\/contextoanalisisperiodistico.com\/index.php\/wp-json\/wp\/v2\/categories?post=39127"},{"taxonomy":"post_tag","embeddable":true,"href":"https:\/\/contextoanalisisperiodistico.com\/index.php\/wp-json\/wp\/v2\/tags?post=39127"}],"curies":[{"name":"wp","href":"https:\/\/api.w.org\/{rel}","templated":true}]}}