{"id":39124,"date":"2025-03-28T08:04:16","date_gmt":"2025-03-28T14:04:16","guid":{"rendered":"https:\/\/contextoanalisisperiodistico.com\/index.php\/2025\/03\/28\/invierte-gobierno-de-oaxaca-mas-de-22-mdp-en-infraestructura-deportiva-de-seguridad-e-hidrica-en-san-pedro-mixtepec\/"},"modified":"2025-03-28T08:04:16","modified_gmt":"2025-03-28T14:04:16","slug":"invierte-gobierno-de-oaxaca-mas-de-22-mdp-en-infraestructura-deportiva-de-seguridad-e-hidrica-en-san-pedro-mixtepec","status":"publish","type":"post","link":"https:\/\/contextoanalisisperiodistico.com\/index.php\/2025\/03\/28\/invierte-gobierno-de-oaxaca-mas-de-22-mdp-en-infraestructura-deportiva-de-seguridad-e-hidrica-en-san-pedro-mixtepec\/","title":{"rendered":"Invierte Gobierno de Oaxaca m\u00e1s de 22 mdp en infraestructura deportiva, de seguridad e h\u00eddrica en San Pedro Mixtepec"},"content":{"rendered":"<div id=\"fb-root\"><\/div>\n\n<p>\u2022 En la visita del Gobernador Salom\u00f3n Jara se anunci\u00f3 el incremento al n\u00famero de c\u00e1maras de videovigilancia y la ampliaci\u00f3n de la comandancia de la Polic\u00eda Estatal, con un presupuesto de 6 millones de pesos<\/p>\n\n\n\n<figure class=\"wp-block-image size-large\"><img fetchpriority=\"high\" decoding=\"async\" width=\"1024\" height=\"682\" src=\"https:\/\/contextoanalisisperiodistico.com\/wp-content\/uploads\/2025\/03\/img-20250328-wa00223369846945176893754-1024x682.jpg\" alt=\"\" class=\"wp-image-39120\" srcset=\"https:\/\/contextoanalisisperiodistico.com\/wp-content\/uploads\/2025\/03\/img-20250328-wa00223369846945176893754-1024x682.jpg 1024w, https:\/\/contextoanalisisperiodistico.com\/wp-content\/uploads\/2025\/03\/img-20250328-wa00223369846945176893754-300x200.jpg 300w, https:\/\/contextoanalisisperiodistico.com\/wp-content\/uploads\/2025\/03\/img-20250328-wa00223369846945176893754-768x512.jpg 768w, https:\/\/contextoanalisisperiodistico.com\/wp-content\/uploads\/2025\/03\/img-20250328-wa00223369846945176893754.jpg 1280w\" sizes=\"(max-width: 1024px) 100vw, 1024px\" \/><\/figure>\n\n\n\n<figure class=\"wp-block-image\"><img decoding=\"async\" width=\"1024\" height=\"682\" src=\"https:\/\/contextoanalisisperiodistico.com\/wp-content\/uploads\/2025\/03\/img-20250328-wa00208683718083593701516-1024x682.jpg\" alt=\"\" class=\"wp-image-39122\" srcset=\"https:\/\/contextoanalisisperiodistico.com\/wp-content\/uploads\/2025\/03\/img-20250328-wa00208683718083593701516-1024x682.jpg 1024w, https:\/\/contextoanalisisperiodistico.com\/wp-content\/uploads\/2025\/03\/img-20250328-wa00208683718083593701516-300x200.jpg 300w, https:\/\/contextoanalisisperiodistico.com\/wp-content\/uploads\/2025\/03\/img-20250328-wa00208683718083593701516-768x512.jpg 768w, https:\/\/contextoanalisisperiodistico.com\/wp-content\/uploads\/2025\/03\/img-20250328-wa00208683718083593701516.jpg 1280w\" sizes=\"(max-width: 1024px) 100vw, 1024px\" \/><\/figure>\n\n\n\n<figure class=\"wp-block-image\"><img decoding=\"async\" width=\"1024\" height=\"682\" src=\"https:\/\/contextoanalisisperiodistico.com\/wp-content\/uploads\/2025\/03\/img-20250328-wa00211138065352704351951-1024x682.jpg\" alt=\"\" class=\"wp-image-39121\" srcset=\"https:\/\/contextoanalisisperiodistico.com\/wp-content\/uploads\/2025\/03\/img-20250328-wa00211138065352704351951-1024x682.jpg 1024w, https:\/\/contextoanalisisperiodistico.com\/wp-content\/uploads\/2025\/03\/img-20250328-wa00211138065352704351951-300x200.jpg 300w, https:\/\/contextoanalisisperiodistico.com\/wp-content\/uploads\/2025\/03\/img-20250328-wa00211138065352704351951-768x512.jpg 768w, https:\/\/contextoanalisisperiodistico.com\/wp-content\/uploads\/2025\/03\/img-20250328-wa00211138065352704351951.jpg 1280w\" sizes=\"(max-width: 1024px) 100vw, 1024px\" \/><\/figure>\n\n\n\n<figure class=\"wp-block-image\"><img loading=\"lazy\" decoding=\"async\" width=\"1024\" height=\"682\" src=\"https:\/\/contextoanalisisperiodistico.com\/wp-content\/uploads\/2025\/03\/img-20250328-wa00231671107975033614551-1024x682.jpg\" alt=\"\" class=\"wp-image-39123\" srcset=\"https:\/\/contextoanalisisperiodistico.com\/wp-content\/uploads\/2025\/03\/img-20250328-wa00231671107975033614551-1024x682.jpg 1024w, https:\/\/contextoanalisisperiodistico.com\/wp-content\/uploads\/2025\/03\/img-20250328-wa00231671107975033614551-300x200.jpg 300w, https:\/\/contextoanalisisperiodistico.com\/wp-content\/uploads\/2025\/03\/img-20250328-wa00231671107975033614551-768x512.jpg 768w, https:\/\/contextoanalisisperiodistico.com\/wp-content\/uploads\/2025\/03\/img-20250328-wa00231671107975033614551.jpg 1280w\" sizes=\"(max-width: 1024px) 100vw, 1024px\" \/><\/figure>\n\n\n\n<p>San Pedro Mixtepec, Oax. 28 de marzo de 2025.- La Primavera Oaxaque\u00f1a lleg\u00f3 a este municipio conocido como el cerro de las nubes situado en la regi\u00f3n Costa, a trav\u00e9s de diversas acciones en infraestructura con una inversi\u00f3n de 22.5 millones de pesos, que anunci\u00f3 el Gobernador Salom\u00f3n Jara Cruz.<\/p>\n\n\n\n<p>Detall\u00f3 que la Secretar\u00eda de Infraestructuras y Comunicaciones (SIC) construir\u00e1 una pista de tart\u00e1n de 400 metros y una cancha de f\u00fatbol con paso sint\u00e9tico para la Unidad Deportiva Villa Primavera.<\/p>\n\n\n\n<p>\u201cEsta es la \u00fanica manera de conocer los problemas que hay en cada municipio, que un gobernante se involucre en las necesidades de los pueblos\u201d, afirm\u00f3 el Mandatario estatal ante cientos de asistentes.<\/p>\n\n\n\n<p>En este sentido, el Instituto Estatal de Educaci\u00f3n P\u00fablica de Oaxaca (IEEPO) apoya con una cifra hist\u00f3rica de 10 millones 515 mil 989 pesos a 84 instituciones educativas de nivel b\u00e1sico con equipamiento escolar consistente en: computadoras, impresoras, proyectores, pizarrones, mobiliario y material de aseo, deportivo y de oficina; que beneficia de manera directa a 11 mil 672 estudiantes.<\/p>\n\n\n\n<p>La Comisi\u00f3n Estatal del Agua para el Bienestar (Ceabien) dio a conocer que la primera etapa de la rehabilitaci\u00f3n de la planta de tratamiento de aguas residuales Punta Colorada, tiene una inversi\u00f3n de 8.7 millones, que cuenta con un avance del 90 por ciento. Destac\u00f3 que se rehabilitar\u00e1 la red de drenaje, en una primera etapa, con 10 millones de pesos, de los cuales, la mitad ser\u00e1n aportados por el gobierno municipal.<\/p>\n\n\n\n<p>Con una suma de 3 millones 949 mil 111 pesos, el Sistema para el Desarrollo Integral de la Familia (DIF) Oaxaca, prioriza la nutrici\u00f3n de los grupos prioritarios con los programas Desayuno de Letritas, Itacate de mi Coraz\u00f3n, Latido Nutritivo y el subprograma Guisos de mi Pueblo.<\/p>\n\n\n\n<p>Servicios de Salud de Oaxaca inform\u00f3 que en esta municipalidad el Centro de Salud con Servicios Ampliados (Cessa) recibi\u00f3 1 mill\u00f3n 200 mil pesos mediante la tarjeta La Cl\u00ednica es Nuestra. Aunado a ello, dos Unidades de Salud de 1 N\u00facleo B\u00e1sico, una Unidad de Salud de 2 N\u00facleos B\u00e1sicos y una Unidad de Salud de 6 N\u00facleos B\u00e1sicos obtuvieron un apoyo total por 3 millones 600 mil pesos.<\/p>\n\n\n\n<p>En su oportunidad, la Secretar\u00eda de Fomento Agroalimentario y Desarrollo Rural (Sefader) mencion\u00f3 que canaliz\u00f3 2 millones 439 mil 239 pesos al programa Abasto Seguro de Ma\u00edz que respald\u00f3 a 89 personas productoras, adem\u00e1s, entreg\u00f3 congeladores y hielera a pescadores, asign\u00f3 paquete ap\u00edcola, otorg\u00f3 seis sementales y 30 mil pesos por cada uno.<\/p>\n\n\n\n<p>Como parte de la estrategia Trabajo que Transforma tu Municipio, el Secretariado Ejecutivo del Sistema Estatal de Seguridad P\u00fablica (SESESP) trabajar\u00e1 para mejorar el C2 e incrementar el n\u00famero de c\u00e1maras, as\u00ed como ampliar la comandancia de la Polic\u00eda Estatal; acciones que contemplan un presupuesto de 6 millones de pesos.<\/p>\n\n\n\n<p>A fin de llevar apoyo a quienes m\u00e1s lo necesitan, la Secretar\u00eda de Bienestar, Tequio e Inclusi\u00f3n (Sebienti) destina 840 mil pesos en el programa Tarjeta Margarita Maza con un apoyo bimestral de 2 mil pesos a 70 jefas de familia. De igual manera invit\u00f3 a la poblaci\u00f3n afiliarse al programa Farmacias Bienestar, que brinda servicios m\u00e9dicos gratuitos.<\/p>\n\n\n\n<p>Por su parte el el Instituto Oaxaque\u00f1o Constructor de Infraestructura Educativa (Iocied) aprob\u00f3 el apoyo para la edificaci\u00f3n de aulas, sal\u00f3n de usos m\u00faltiples y un aula para biblioteca. Adem\u00e1s, entregar\u00e1 al Colegio de Bachilleres del Estado de Oaxaca (Cobao) de este municipio 20 computadoras y 60 butacas.<\/p>\n\n\n\n<p>-0-<\/p>\n","protected":false},"excerpt":{"rendered":"<p>\u2022 En la visita del Gobernador Salom\u00f3n Jara se anunci\u00f3 el incremento al n\u00famero de&#8230;<\/p>\n","protected":false},"author":4,"featured_media":39119,"comment_status":"","ping_status":"open","sticky":false,"template":"","format":"standard","meta":{"footnotes":""},"categories":[9],"tags":[],"jetpack_sharing_enabled":true,"featured_image_urls":{"full":["https:\/\/contextoanalisisperiodistico.com\/wp-content\/uploads\/2025\/03\/IMG-20250328-WA0025.jpg",1280,853,false],"thumbnail":["https:\/\/contextoanalisisperiodistico.com\/wp-content\/uploads\/2025\/03\/IMG-20250328-WA0025-150x150.jpg",150,150,true],"medium":["https:\/\/contextoanalisisperiodistico.com\/wp-content\/uploads\/2025\/03\/IMG-20250328-WA0025-300x200.jpg",300,200,true],"medium_large":["https:\/\/contextoanalisisperiodistico.com\/wp-content\/uploads\/2025\/03\/IMG-20250328-WA0025-768x512.jpg",640,427,true],"large":["https:\/\/contextoanalisisperiodistico.com\/wp-content\/uploads\/2025\/03\/IMG-20250328-WA0025-1024x682.jpg",640,426,true],"1536x1536":["https:\/\/contextoanalisisperiodistico.com\/wp-content\/uploads\/2025\/03\/IMG-20250328-WA0025.jpg",1280,853,false],"2048x2048":["https:\/\/contextoanalisisperiodistico.com\/wp-content\/uploads\/2025\/03\/IMG-20250328-WA0025.jpg",1280,853,false],"covernews-slider-full":["https:\/\/contextoanalisisperiodistico.com\/wp-content\/uploads\/2025\/03\/IMG-20250328-WA0025-1115x715.jpg",1115,715,true],"covernews-slider-center":["https:\/\/contextoanalisisperiodistico.com\/wp-content\/uploads\/2025\/03\/IMG-20250328-WA0025-800x500.jpg",800,500,true],"covernews-featured":["https:\/\/contextoanalisisperiodistico.com\/wp-content\/uploads\/2025\/03\/IMG-20250328-WA0025-1024x682.jpg",1024,682,true],"covernews-medium":["https:\/\/contextoanalisisperiodistico.com\/wp-content\/uploads\/2025\/03\/IMG-20250328-WA0025-540x340.jpg",540,340,true],"covernews-medium-square":["https:\/\/contextoanalisisperiodistico.com\/wp-content\/uploads\/2025\/03\/IMG-20250328-WA0025-400x250.jpg",400,250,true]},"author_info":{"display_name":"Mario Gir\u00f3n","author_link":"https:\/\/contextoanalisisperiodistico.com\/index.php\/author\/director\/"},"category_info":"<a href=\"https:\/\/contextoanalisisperiodistico.com\/index.php\/category\/politica\/\" rel=\"category tag\">Pol\u00edtica<\/a>","tag_info":"Pol\u00edtica","comment_count":"0","jetpack_featured_media_url":"https:\/\/contextoanalisisperiodistico.com\/wp-content\/uploads\/2025\/03\/IMG-20250328-WA0025.jpg","_links":{"self":[{"href":"https:\/\/contextoanalisisperiodistico.com\/index.php\/wp-json\/wp\/v2\/posts\/39124"}],"collection":[{"href":"https:\/\/contextoanalisisperiodistico.com\/index.php\/wp-json\/wp\/v2\/posts"}],"about":[{"href":"https:\/\/contextoanalisisperiodistico.com\/index.php\/wp-json\/wp\/v2\/types\/post"}],"author":[{"embeddable":true,"href":"https:\/\/contextoanalisisperiodistico.com\/index.php\/wp-json\/wp\/v2\/users\/4"}],"replies":[{"embeddable":true,"href":"https:\/\/contextoanalisisperiodistico.com\/index.php\/wp-json\/wp\/v2\/comments?post=39124"}],"version-history":[{"count":0,"href":"https:\/\/contextoanalisisperiodistico.com\/index.php\/wp-json\/wp\/v2\/posts\/39124\/revisions"}],"wp:featuredmedia":[{"embeddable":true,"href":"https:\/\/contextoanalisisperiodistico.com\/index.php\/wp-json\/wp\/v2\/media\/39119"}],"wp:attachment":[{"href":"https:\/\/contextoanalisisperiodistico.com\/index.php\/wp-json\/wp\/v2\/media?parent=39124"}],"wp:term":[{"taxonomy":"category","embeddable":true,"href":"https:\/\/contextoanalisisperiodistico.com\/index.php\/wp-json\/wp\/v2\/categories?post=39124"},{"taxonomy":"post_tag","embeddable":true,"href":"https:\/\/contextoanalisisperiodistico.com\/index.php\/wp-json\/wp\/v2\/tags?post=39124"}],"curies":[{"name":"wp","href":"https:\/\/api.w.org\/{rel}","templated":true}]}}